{"id":35517,"date":"2024-08-19T13:15:32","date_gmt":"2024-08-19T13:15:32","guid":{"rendered":"https:\/\/adra.org\/?p=35517"},"modified":"2026-03-18T19:13:10","modified_gmt":"2026-03-18T19:13:10","slug":"world-humanitarian-day-adra-celebrates-champion-of-change-annette-parris","status":"publish","type":"post","link":"https:\/\/adra.org\/fr\/world-humanitarian-day-adra-celebrates-champion-of-change-annette-parris","title":{"rendered":"Journ\u00e9e mondiale de l'aide humanitaire : ADRA c\u00e9l\u00e8bre la championne du changement Annette Parris"},"content":{"rendered":"<figure class=\"wp-block-image size-large\"><img fetchpriority=\"high\" decoding=\"async\" width=\"1024\" height=\"716\" src=\"https:\/\/adra.org\/wp-content\/uploads\/2024\/08\/EDUCATION-2022-school-supplies02-1024x716.jpg\" alt=\"\" class=\"wp-image-35518\" srcset=\"https:\/\/adra.org\/wp-content\/uploads\/2024\/08\/EDUCATION-2022-school-supplies02-1024x716.jpg 1024w, https:\/\/adra.org\/wp-content\/uploads\/2024\/08\/EDUCATION-2022-school-supplies02-300x210.jpg 300w, https:\/\/adra.org\/wp-content\/uploads\/2024\/08\/EDUCATION-2022-school-supplies02-768x537.jpg 768w, https:\/\/adra.org\/wp-content\/uploads\/2024\/08\/EDUCATION-2022-school-supplies02-1536x1074.jpg 1536w, https:\/\/adra.org\/wp-content\/uploads\/2024\/08\/EDUCATION-2022-school-supplies02.jpg 2048w\" sizes=\"(max-width: 1024px) 100vw, 1024px\" \/><\/figure>\n\n\n\n<p><\/p>\n\n\n\n<p>\u00c0 l'occasion de la Journ\u00e9e mondiale de l'aide humanitaire, le 19 ao\u00fbt, l'Agence adventiste de d\u00e9veloppement et de secours (ADRA) rend hommage au d\u00e9vouement et \u00e0 la compassion des nombreux professionnels dont les efforts inlassables sont \u00e0 l'origine d'un travail humanitaire significatif. Cette ann\u00e9e, l'ADRA met en lumi\u00e8re Annette Parris, l'inspirante directrice nationale d'ADRA Cura\u00e7ao et d'ADRA Bonaire, dont le travail illustre la profonde diff\u00e9rence qu'un individu peut faire dans le monde. Annette Parris d\u00e9montre l'impact d'un engagement et d'une compassion in\u00e9branlables dans les efforts humanitaires.<\/p>\n\n\n\n<p>Le parcours remarquable d'Annette Parris au sein d'ADRA a commenc\u00e9 en 2011, lorsqu'un autre directeur de pays l'a incit\u00e9e \u00e0 consacrer sa vie au travail humanitaire.<\/p>\n\n\n\n<p>\u201cJe ne connaissais pas ADRA. Ce qui m'a attir\u00e9 vers la mission, c'est le directeur n\u00e9erlandais qui travaillait \u00e0 Aruba et qui m'a donn\u00e9 envie de conna\u00eetre ADRA. C'est ainsi que j'ai d\u00e9couvert ADRA\u201d, explique le directeur national d'Aruba et de Bonaire.<\/p>\n\n\n\n<figure class=\"wp-block-image size-large\"><img decoding=\"async\" width=\"1024\" height=\"617\" src=\"https:\/\/adra.org\/wp-content\/uploads\/2024\/08\/EDUCATION-2019-school-supplies02-1024x617.jpg\" alt=\"\" class=\"wp-image-35519\" srcset=\"https:\/\/adra.org\/wp-content\/uploads\/2024\/08\/EDUCATION-2019-school-supplies02-1024x617.jpg 1024w, https:\/\/adra.org\/wp-content\/uploads\/2024\/08\/EDUCATION-2019-school-supplies02-300x181.jpg 300w, https:\/\/adra.org\/wp-content\/uploads\/2024\/08\/EDUCATION-2019-school-supplies02-768x462.jpg 768w, https:\/\/adra.org\/wp-content\/uploads\/2024\/08\/EDUCATION-2019-school-supplies02-1536x925.jpg 1536w, https:\/\/adra.org\/wp-content\/uploads\/2024\/08\/EDUCATION-2019-school-supplies02.jpg 1561w\" sizes=\"(max-width: 1024px) 100vw, 1024px\" \/><\/figure>\n\n\n\n<p><strong>Un voyage commence<\/strong><\/p>\n\n\n\n<p><strong>Les r\u00e9compenses du travail humanitaire<\/strong><\/p>\n\n\n\n<p>Il est extr\u00eamement gratifiant d'\u00eatre le t\u00e9moin direct de la fa\u00e7on dont le soutien d'ADRA change des vies. Annette est constamment \u00e9mue par les histoires de transformation de ceux qui b\u00e9n\u00e9ficient des programmes d'ADRA, et l'engagement d\u00e9sint\u00e9ress\u00e9 des nombreux b\u00e9n\u00e9voles fait que chaque effort en vaut la peine.<\/p>\n\n\n\n<p>\u201cLe plus gratifiant, ce sont leurs histoires - ce sont celles que j'aime le plus. Lorsque vous aidez un certain groupe cible et certaines personnes, ils t\u00e9moignent vraiment de la fa\u00e7on dont cela a chang\u00e9 leur vie. C'est ce qui est le plus gratifiant pour moi. De plus, la disponibilit\u00e9 de nos propres volontaires pour effectuer le travail est extr\u00eamement gratifiante. J'aime cela\u201d, ajoute Annette.<\/p>\n\n\n\n<figure class=\"wp-block-image size-large\"><img decoding=\"async\" width=\"1024\" height=\"610\" src=\"https:\/\/adra.org\/wp-content\/uploads\/2024\/08\/EDUCATION-2023-budget-cooking-1024x610.jpg\" alt=\"\" class=\"wp-image-35520\" srcset=\"https:\/\/adra.org\/wp-content\/uploads\/2024\/08\/EDUCATION-2023-budget-cooking-1024x610.jpg 1024w, https:\/\/adra.org\/wp-content\/uploads\/2024\/08\/EDUCATION-2023-budget-cooking-300x179.jpg 300w, https:\/\/adra.org\/wp-content\/uploads\/2024\/08\/EDUCATION-2023-budget-cooking-768x457.jpg 768w, https:\/\/adra.org\/wp-content\/uploads\/2024\/08\/EDUCATION-2023-budget-cooking-1536x914.jpg 1536w, https:\/\/adra.org\/wp-content\/uploads\/2024\/08\/EDUCATION-2023-budget-cooking.jpg 1952w\" sizes=\"(max-width: 1024px) 100vw, 1024px\" \/><\/figure>\n\n\n\n<p><strong>Moments m\u00e9morables<\/strong><\/p>\n\n\n\n<p>L'une des exp\u00e9riences les plus m\u00e9morables d'Annette au sein d'ADRA Bonaire s'est produite lors d'une transition cruciale pour le bureau national. Lorsqu'elle a rejoint l'\u00e9quipe, ADRA Bonaire \u00e9tait en train de faire passer son programme alimentaire d'un financement local \u00e0 un soutien gouvernemental. Annette s'est vue confier de mani\u00e8re inattendue la t\u00e2che d'organiser un cours de cuisine pour 100 participants - un d\u00e9fi qui lui a sembl\u00e9 tout d'abord insurmontable.<\/p>\n\n\n\n<p>Cependant, ce qui avait commenc\u00e9 comme une t\u00e2che intimidante s'est transform\u00e9 en un \u00e9v\u00e9nement tr\u00e8s r\u00e9ussi. Le cours de cuisine s'est transform\u00e9 en une d\u00e9monstration attrayante qui a permis aux participants d'acqu\u00e9rir des comp\u00e9tences pr\u00e9cieuses pour pr\u00e9parer des repas sains et v\u00e9g\u00e9tariens.  Annette se souvient que l'initiative n'a pas seulement permis aux participants d'acqu\u00e9rir des connaissances pratiques en mati\u00e8re de cuisine, mais qu'elle a \u00e9galement favoris\u00e9 un fort sentiment d'appartenance \u00e0 la communaut\u00e9, transformant un projet difficile en une exp\u00e9rience significative et marquante.<\/p>\n\n\n\n<p><\/p>\n\n\n\n<div class=\"wp-block-columns is-layout-flex wp-container-core-columns-is-layout-28f84493 wp-block-columns-is-layout-flex\">\n<div class=\"wp-block-column is-layout-flow wp-block-column-is-layout-flow\">\n<figure class=\"wp-block-image size-large\"><img loading=\"lazy\" decoding=\"async\" width=\"1024\" height=\"768\" src=\"https:\/\/adra.org\/wp-content\/uploads\/2024\/08\/EDUCATION-2020-EduOn-Budgeting-1024x768.jpg\" alt=\"\" class=\"wp-image-35521\" srcset=\"https:\/\/adra.org\/wp-content\/uploads\/2024\/08\/EDUCATION-2020-EduOn-Budgeting-1024x768.jpg 1024w, https:\/\/adra.org\/wp-content\/uploads\/2024\/08\/EDUCATION-2020-EduOn-Budgeting-300x225.jpg 300w, https:\/\/adra.org\/wp-content\/uploads\/2024\/08\/EDUCATION-2020-EduOn-Budgeting-768x576.jpg 768w, https:\/\/adra.org\/wp-content\/uploads\/2024\/08\/EDUCATION-2020-EduOn-Budgeting.jpg 1134w\" sizes=\"(max-width: 1024px) 100vw, 1024px\" \/><\/figure>\n<\/div>\n\n\n\n<div class=\"wp-block-column is-layout-flow wp-block-column-is-layout-flow\">\n<blockquote class=\"wp-block-quote has-medium-font-size is-layout-flow wp-block-quote-is-layout-flow\">\n<p><\/p>\n<cite>Annette raconte : \u201cCe qui \u00e9tait vraiment bien, c'est que les clients du programme alimentaire recevaient des colis chaque semaine et \u00e9taient encourag\u00e9s \u00e0 apprendre \u00e0 cuisiner des plats v\u00e9g\u00e9tariens et sains en suivant ce cours. Mais ce qui m'a le plus surpris, c'est qu'ils m'ont dit : \u2018Oh, ce soir, vous allez donner un cours de cuisine pour 100 personnes ! D'accord, il faut \u00eatre pr\u00e9sent partout pour cette mission\u2019.\u201d<\/cite><\/blockquote>\n<\/div>\n<\/div>\n\n\n\n<p><strong>Relever les d\u00e9fis<\/strong><\/p>\n\n\n\n<p>En tant que directrice de pays, Annette a \u00e9t\u00e9 confront\u00e9e directement \u00e0 de nombreux d\u00e9fis. La pand\u00e9mie de COVID-19 a entra\u00een\u00e9 des difficult\u00e9s sans pr\u00e9c\u00e9dent, notamment un arr\u00eat complet de l'activit\u00e9 \u00e9conomique et un afflux important de migrants v\u00e9n\u00e9zu\u00e9liens arrivant par petites embarcations.<\/p>\n\n\n\n<div class=\"wp-block-columns is-layout-flex wp-container-core-columns-is-layout-28f84493 wp-block-columns-is-layout-flex\">\n<div class=\"wp-block-column is-layout-flow wp-block-column-is-layout-flow\">\n<figure class=\"wp-block-image size-full\"><img loading=\"lazy\" decoding=\"async\" width=\"640\" height=\"480\" src=\"https:\/\/adra.org\/wp-content\/uploads\/2024\/08\/Bonaire-POVERTY-2014-clothe-drive-2.jpg\" alt=\"\" class=\"wp-image-35528\" srcset=\"https:\/\/adra.org\/wp-content\/uploads\/2024\/08\/Bonaire-POVERTY-2014-clothe-drive-2.jpg 640w, https:\/\/adra.org\/wp-content\/uploads\/2024\/08\/Bonaire-POVERTY-2014-clothe-drive-2-300x225.jpg 300w\" sizes=\"(max-width: 640px) 100vw, 640px\" \/><\/figure>\n<\/div>\n\n\n\n<div class=\"wp-block-column is-layout-flow wp-block-column-is-layout-flow\">\n<p>Les bureaux d'ADRA \u00e0 Aruba et \u00e0 Bonaire ont d\u00fb agir rapidement pour r\u00e9pondre aux besoins urgents de centaines de migrants, qui avaient d\u00e9sesp\u00e9r\u00e9ment besoin de travail et de produits de premi\u00e8re n\u00e9cessit\u00e9. Le r\u00f4le d'Annette est devenu crucial pour g\u00e9rer la demande accrue d'aide humanitaire en ces temps difficiles.<\/p>\n<\/div>\n<\/div>\n\n\n\n<p><\/p>\n\n\n\n<p>Malgr\u00e9 les contraintes li\u00e9es \u00e0 la pand\u00e9mie, Annette a g\u00e9r\u00e9 la crise avec efficacit\u00e9 et compassion, en veillant \u00e0 ce que la communaut\u00e9 locale et les familles v\u00e9n\u00e9zu\u00e9liennes fuyant le conflit b\u00e9n\u00e9ficient d'un soutien et d'une assistance essentiels. Son leadership a permis de s'adapter \u00e0 l'\u00e9volution des besoins et de continuer \u00e0 fournir une aide vitale pendant la pand\u00e9mie.<\/p>\n\n\n\n<p>\u201cLes migrants voulaient travailler, mais il n'y avait pas de travail \u00e0 l'\u00e9poque. Nous en avions tellement\u201d, se souvient Annette. \u201cC'\u00e9tait un v\u00e9ritable d\u00e9fi. Nous nous sommes donc associ\u00e9s \u00e0 d'autres programmes alimentaires et \u00e0 la Croix-Rouge pour aider les familles de migrants et la communaut\u00e9. Et je pense qu'il \u00e9tait satisfaisant de voir que cela couvrait un besoin de base pour eux.\u201d<\/p>\n\n\n\n<figure class=\"wp-block-image size-full\"><img loading=\"lazy\" decoding=\"async\" width=\"768\" height=\"676\" src=\"https:\/\/adra.org\/wp-content\/uploads\/2024\/08\/EM-COVID-2020-Famia-Plania.jpg\" alt=\"\" class=\"wp-image-35529\" srcset=\"https:\/\/adra.org\/wp-content\/uploads\/2024\/08\/EM-COVID-2020-Famia-Plania.jpg 768w, https:\/\/adra.org\/wp-content\/uploads\/2024\/08\/EM-COVID-2020-Famia-Plania-300x264.jpg 300w\" sizes=\"(max-width: 768px) 100vw, 768px\" \/><\/figure>\n\n\n\n<p><strong>R\u00e9alisations et aspirations futures<\/strong><\/p>\n\n\n\n<p>Annette est extr\u00eamement fi\u00e8re de la capacit\u00e9 d'ADRA \u00e0 r\u00e9pondre rapidement aux situations d'urgence, arrivant souvent sur les lieux avant les autres agences. Cette approche proactive t\u00e9moigne de la force du r\u00e9seau d'ADRA. Elle est particuli\u00e8rement fi\u00e8re de la fa\u00e7on dont le r\u00e9seau international d'ADRA se mobilise en cas de crise, comme l'aide apport\u00e9e \u00e0 l'Ukraine, ou lorsque des catastrophes naturelles frappent les Cara\u00efbes et d'autres r\u00e9gions du monde. Annette estime que le leadership d'ADRA en mati\u00e8re de r\u00e9ponse aux situations d'urgence a renforc\u00e9 l'efficacit\u00e9 de son lien avec les communaut\u00e9s locales.<\/p>\n\n\n\n<div class=\"wp-block-columns is-layout-flex wp-container-core-columns-is-layout-28f84493 wp-block-columns-is-layout-flex\">\n<div class=\"wp-block-column is-layout-flow wp-block-column-is-layout-flow\">\n<blockquote class=\"wp-block-quote is-layout-flow wp-block-quote-is-layout-flow\">\n<div class=\"wp-block-columns is-layout-flex wp-container-core-columns-is-layout-28f84493 wp-block-columns-is-layout-flex\">\n<div class=\"wp-block-column is-layout-flow wp-block-column-is-layout-flow\">\n<figure class=\"wp-block-image size-large\"><img loading=\"lazy\" decoding=\"async\" width=\"1024\" height=\"768\" src=\"https:\/\/adra.org\/wp-content\/uploads\/2024\/08\/Marsh-Harbour16_Abaco_Edwin-Flores_8SEP19-1024x768.jpeg\" alt=\"\" class=\"wp-image-35533\" srcset=\"https:\/\/adra.org\/wp-content\/uploads\/2024\/08\/Marsh-Harbour16_Abaco_Edwin-Flores_8SEP19-1024x768.jpeg 1024w, https:\/\/adra.org\/wp-content\/uploads\/2024\/08\/Marsh-Harbour16_Abaco_Edwin-Flores_8SEP19-300x225.jpeg 300w, https:\/\/adra.org\/wp-content\/uploads\/2024\/08\/Marsh-Harbour16_Abaco_Edwin-Flores_8SEP19-768x576.jpeg 768w, https:\/\/adra.org\/wp-content\/uploads\/2024\/08\/Marsh-Harbour16_Abaco_Edwin-Flores_8SEP19.jpeg 1280w\" sizes=\"(max-width: 1024px) 100vw, 1024px\" \/><\/figure>\n<\/div>\n\n\n\n<div class=\"wp-block-column is-layout-flow wp-block-column-is-layout-flow\">\n<figure class=\"wp-block-image size-large\"><img loading=\"lazy\" decoding=\"async\" width=\"1024\" height=\"791\" src=\"https:\/\/adra.org\/wp-content\/uploads\/2024\/08\/EM-WASH-2017-Hurricane-Irma-2K-hygiene-kits-volunteerism-1024x791.jpg\" alt=\"\" class=\"wp-image-35543\" srcset=\"https:\/\/adra.org\/wp-content\/uploads\/2024\/08\/EM-WASH-2017-Hurricane-Irma-2K-hygiene-kits-volunteerism-1024x791.jpg 1024w, https:\/\/adra.org\/wp-content\/uploads\/2024\/08\/EM-WASH-2017-Hurricane-Irma-2K-hygiene-kits-volunteerism-300x232.jpg 300w, https:\/\/adra.org\/wp-content\/uploads\/2024\/08\/EM-WASH-2017-Hurricane-Irma-2K-hygiene-kits-volunteerism-768x594.jpg 768w, https:\/\/adra.org\/wp-content\/uploads\/2024\/08\/EM-WASH-2017-Hurricane-Irma-2K-hygiene-kits-volunteerism-1536x1187.jpg 1536w, https:\/\/adra.org\/wp-content\/uploads\/2024\/08\/EM-WASH-2017-Hurricane-Irma-2K-hygiene-kits-volunteerism-2048x1583.jpg 2048w\" sizes=\"(max-width: 1024px) 100vw, 1024px\" \/><\/figure>\n<\/div>\n<\/div>\n<cite>\u201cNous avons eu beaucoup de catastrophes qui se sont succ\u00e9d\u00e9, des urgences mondiales, et ADRA est toujours sur place avant que d'autres agences n'interviennent. Je pense que c'est l'une de nos plus grandes r\u00e9ussites\u201d, dit-elle.<\/cite><\/blockquote>\n<\/div>\n<\/div>\n\n\n\n<p>Pour l'avenir, Annette imagine qu'ADRA aura un impact durable en r\u00e9pondant \u00e0 la fois aux besoins imm\u00e9diats et aux solutions \u00e0 long terme. Elle esp\u00e8re que l'organisation sera reconnue pour son approche holistique, qui englobe non seulement l'aide physique et mat\u00e9rielle, mais aussi le soutien mental et social.<\/p>\n\n\n\n<figure class=\"wp-block-image size-large\"><img loading=\"lazy\" decoding=\"async\" width=\"1024\" height=\"768\" src=\"https:\/\/adra.org\/wp-content\/uploads\/2024\/08\/EVENT-2024-Health-Expo01-1024x768.jpg\" alt=\"\" class=\"wp-image-35536\" srcset=\"https:\/\/adra.org\/wp-content\/uploads\/2024\/08\/EVENT-2024-Health-Expo01-1024x768.jpg 1024w, https:\/\/adra.org\/wp-content\/uploads\/2024\/08\/EVENT-2024-Health-Expo01-300x225.jpg 300w, https:\/\/adra.org\/wp-content\/uploads\/2024\/08\/EVENT-2024-Health-Expo01-768x576.jpg 768w, https:\/\/adra.org\/wp-content\/uploads\/2024\/08\/EVENT-2024-Health-Expo01-1536x1152.jpg 1536w, https:\/\/adra.org\/wp-content\/uploads\/2024\/08\/EVENT-2024-Health-Expo01.jpg 1600w\" sizes=\"(max-width: 1024px) 100vw, 1024px\" \/><\/figure>\n\n\n\n<p>\u201cMon ADRA, mon histoire, c'est travailler avec les communaut\u00e9s pour que nous puissions, ensemble, apporter des changements durables.\u201d<\/p>\n\n\n\n<figure class=\"wp-block-embed is-type-video is-provider-youtube wp-block-embed-youtube wp-embed-aspect-16-9 wp-has-aspect-ratio\"><div class=\"wp-block-embed__wrapper\">\n<iframe title=\"40 ans | En coulisses : Annette Parris, championne du changement\" width=\"800\" height=\"450\" src=\"https:\/\/www.youtube.com\/embed\/kFCOhKN-5No?feature=oembed&#038;enablejsapi=1&#038;origin=https:\/\/adra.org\" frameborder=\"0\" allow=\"accelerometer; autoplay; clipboard-write; encrypted-media; gyroscope; picture-in-picture; web-share\" referrerpolicy=\"strict-origin-when-cross-origin\" allowfullscreen><\/iframe>\n<\/div><figcaption class=\"wp-element-caption\">Regardez le film d'Annette My ADRA, My Story (Mon ADRA, mon histoire) ici.<\/figcaption><\/figure>\n\n\n\n<p>Annette Parris, une remarquable humanitaire mondiale !<\/p>","protected":false},"excerpt":{"rendered":"<p>\u00c0 l'occasion de la Journ\u00e9e mondiale de l'aide humanitaire, le 19 ao\u00fbt, l'Agence adventiste de d\u00e9veloppement et de secours (ADRA) rend hommage au d\u00e9vouement et \u00e0 la compassion des nombreux professionnels dont les efforts inlassables sont \u00e0 l'origine d'un travail humanitaire significatif. <\/p>","protected":false},"author":46,"featured_media":35550,"comment_status":"closed","ping_status":"closed","sticky":false,"template":"","format":"standard","meta":{"_acf_changed":false,"_eb_attr":"","footnotes":""},"categories":[615,1041,906,1052],"tags":[1139,1079,8,1069,700],"class_list":["post-35517","post","type-post","status-publish","format-standard","has-post-thumbnail","hentry","category-blog","category-bonaire","category-curacao","category-inter-america","tag-community-outreach","tag-crisis","tag-emergency-response","tag-humanitarian-aid","tag-word-humanitarian-day"],"acf":[],"_links":{"self":[{"href":"https:\/\/adra.org\/fr\/wp-json\/wp\/v2\/posts\/35517","targetHints":{"allow":["GET"]}}],"collection":[{"href":"https:\/\/adra.org\/fr\/wp-json\/wp\/v2\/posts"}],"about":[{"href":"https:\/\/adra.org\/fr\/wp-json\/wp\/v2\/types\/post"}],"author":[{"embeddable":true,"href":"https:\/\/adra.org\/fr\/wp-json\/wp\/v2\/users\/46"}],"replies":[{"embeddable":true,"href":"https:\/\/adra.org\/fr\/wp-json\/wp\/v2\/comments?post=35517"}],"version-history":[{"count":4,"href":"https:\/\/adra.org\/fr\/wp-json\/wp\/v2\/posts\/35517\/revisions"}],"predecessor-version":[{"id":45527,"href":"https:\/\/adra.org\/fr\/wp-json\/wp\/v2\/posts\/35517\/revisions\/45527"}],"wp:featuredmedia":[{"embeddable":true,"href":"https:\/\/adra.org\/fr\/wp-json\/wp\/v2\/media\/35550"}],"wp:attachment":[{"href":"https:\/\/adra.org\/fr\/wp-json\/wp\/v2\/media?parent=35517"}],"wp:term":[{"taxonomy":"category","embeddable":true,"href":"https:\/\/adra.org\/fr\/wp-json\/wp\/v2\/categories?post=35517"},{"taxonomy":"post_tag","embeddable":true,"href":"https:\/\/adra.org\/fr\/wp-json\/wp\/v2\/tags?post=35517"}],"curies":[{"name":"wp","href":"https:\/\/api.w.org\/{rel}","templated":true}]}}