{"id":3483,"date":"2015-09-11T05:40:48","date_gmt":"2015-09-11T05:40:48","guid":{"rendered":"https:\/\/adra.org\/?p=3483"},"modified":"2026-04-07T19:13:11","modified_gmt":"2026-04-07T19:13:11","slug":"crisis-refugees-in-europe","status":"publish","type":"post","link":"https:\/\/adra.org\/fr\/crisis-refugees-in-europe","title":{"rendered":"Crise : R\u00e9fugi\u00e9s en Europe"},"content":{"rendered":"<p>L'escalade de la crise des r\u00e9fugi\u00e9s en Europe voit des centaines de milliers de personnes fuir la violence dans la Syrie d\u00e9chir\u00e9e par la guerre et dans d'autres pays. Les d\u00e9placements de ces r\u00e9fugi\u00e9s sont p\u00e9rilleux, les conditions sont d\u00e9sesp\u00e9r\u00e9es et le froid approche \u00e0 grands pas.<\/p>\n<h3><a title=\"Don d&#039;urgence\" href=\"https:\/\/donations.adra.org\/disasters-ws\">Les r\u00e9fugi\u00e9s ont besoin d'une aide urgente. Aidez ADRA \u00e0 y r\u00e9pondre gr\u00e2ce \u00e0 notre fonds d'urgence.<\/a><\/h3>\n<p>Dans toute l'Europe, vous pouvez nous aider \u00e0 atteindre les r\u00e9fugi\u00e9s \u00e0 chaque \u00e9tape - dans leur pays d'origine, le long des itin\u00e9raires de voyage et dans les villes o\u00f9 ils passent ou s'installent.<br \/>\nQuelques points forts :<br \/>\n<strong>Serbie<\/strong><\/p>\n<ul>\n<li>Le suivi des r\u00e9fugi\u00e9s doit se concentrer sur les plus vuln\u00e9rables<\/li>\n<li>Ouverture d'un centre d'information dans le centre-ville de Belgrade<\/li>\n<li>Center offers support with transport info, translations, information on refugee rights and avoiding traffickers<\/li>\n<li>Mettre les r\u00e9fugi\u00e9s en contact avec les services locaux, l'assistance m\u00e9dicale et l'aide psychosociale essentielle.<\/li>\n<li>Wi-Fi gratuit pour que les familles puissent rester en contact avec ceux qui sont rest\u00e9s sur place ou avec les amis et la famille \u00e0 destination.<\/li>\n<li>Distribution de v\u00eatements, de chaussures et de produits de premi\u00e8re n\u00e9cessit\u00e9 pour le froid<\/li>\n<\/ul>\n<p><strong>Slov\u00e9nie<\/strong><\/p>\n<ul>\n<li>Remplissage d'un avion avec des dons mat\u00e9riels collect\u00e9s, livr\u00e9s aux r\u00e9fugi\u00e9s de Lesbos, en Gr\u00e8ce.<\/li>\n<li>Frais de vol offerts par la compagnie a\u00e9rienne slov\u00e8ne Adria<\/li>\n<li>Les a\u00e9roports ont supprim\u00e9 les redevances en Slov\u00e9nie et en Gr\u00e8ce<\/li>\n<li>12,5 tonnes de mat\u00e9riaux donn\u00e9s par les habitants en quelques heures<\/li>\n<li>Mat\u00e9riel exc\u00e9dentaire livr\u00e9 au centre de Serbie par train (tous les frais sont \u00e0 nouveau annul\u00e9s)<\/li>\n<\/ul>\n<p><strong>Autriche\u00a0<\/strong><\/p>\n<ul>\n<li>Augmentation de la participation des r\u00e9fugi\u00e9s aux programmes sociaux destin\u00e9s aux personnes d\u00e9favoris\u00e9es<\/li>\n<li>Ajout de cours de langue pour les r\u00e9fugi\u00e9s<\/li>\n<li>Programmes avec les \u00e9glises locales aidant \u00e0 l'int\u00e9gration des r\u00e9fugi\u00e9s<\/li>\n<\/ul>","protected":false},"excerpt":{"rendered":"<p>L'escalade de la crise des r\u00e9fugi\u00e9s en Europe voit des centaines de milliers de personnes fuir la violence dans la Syrie d\u00e9chir\u00e9e par la guerre et dans d'autres pays.<\/p>","protected":false},"author":1,"featured_media":3493,"comment_status":"open","ping_status":"open","sticky":false,"template":"","format":"standard","meta":{"_acf_changed":false,"_eb_attr":"","footnotes":""},"categories":[885,590,799,968,972],"tags":[1079,363,355,1137],"class_list":["post-3483","post","type-post","status-publish","format-standard","has-post-thumbnail","hentry","category-austria","category-emergency","category-europe","category-serbia","category-slovenia","tag-crisis","tag-eu-refugee-crisis","tag-refugees","tag-ways-to-give"],"acf":[],"_links":{"self":[{"href":"https:\/\/adra.org\/fr\/wp-json\/wp\/v2\/posts\/3483","targetHints":{"allow":["GET"]}}],"collection":[{"href":"https:\/\/adra.org\/fr\/wp-json\/wp\/v2\/posts"}],"about":[{"href":"https:\/\/adra.org\/fr\/wp-json\/wp\/v2\/types\/post"}],"author":[{"embeddable":true,"href":"https:\/\/adra.org\/fr\/wp-json\/wp\/v2\/users\/1"}],"replies":[{"embeddable":true,"href":"https:\/\/adra.org\/fr\/wp-json\/wp\/v2\/comments?post=3483"}],"version-history":[{"count":3,"href":"https:\/\/adra.org\/fr\/wp-json\/wp\/v2\/posts\/3483\/revisions"}],"predecessor-version":[{"id":47266,"href":"https:\/\/adra.org\/fr\/wp-json\/wp\/v2\/posts\/3483\/revisions\/47266"}],"wp:featuredmedia":[{"embeddable":true,"href":"https:\/\/adra.org\/fr\/wp-json\/"}],"wp:attachment":[{"href":"https:\/\/adra.org\/fr\/wp-json\/wp\/v2\/media?parent=3483"}],"wp:term":[{"taxonomy":"category","embeddable":true,"href":"https:\/\/adra.org\/fr\/wp-json\/wp\/v2\/categories?post=3483"},{"taxonomy":"post_tag","embeddable":true,"href":"https:\/\/adra.org\/fr\/wp-json\/wp\/v2\/tags?post=3483"}],"curies":[{"name":"wp","href":"https:\/\/api.w.org\/{rel}","templated":true}]}}