{"id":34823,"date":"2024-07-25T23:26:36","date_gmt":"2024-07-25T23:26:36","guid":{"rendered":"https:\/\/adra.org\/?p=34823"},"modified":"2026-03-18T19:08:56","modified_gmt":"2026-03-18T19:08:56","slug":"world-day-against-trafficking-in-persons-adra-reaffirms-global-prevention-efforts","status":"publish","type":"post","link":"https:\/\/adra.org\/fr\/world-day-against-trafficking-in-persons-adra-reaffirms-global-prevention-efforts","title":{"rendered":"Journ\u00e9e mondiale contre la traite des personnes : ADRA r\u00e9affirme ses efforts de pr\u00e9vention au niveau mondial"},"content":{"rendered":"<h2 class=\"wp-block-post-title\">Journ\u00e9e mondiale contre la traite des personnes : ADRA r\u00e9affirme ses efforts de pr\u00e9vention au niveau mondial<\/h2>\n\n\n<figure class=\"wp-block-image size-large\"><img fetchpriority=\"high\" decoding=\"async\" width=\"1024\" height=\"599\" src=\"https:\/\/adra.org\/wp-content\/uploads\/2024\/07\/B88BC493-1167-4362-9DF2-4609D28F4923_1_201_a-1024x599.jpeg\" alt=\"\" class=\"wp-image-34824\" srcset=\"https:\/\/adra.org\/wp-content\/uploads\/2024\/07\/B88BC493-1167-4362-9DF2-4609D28F4923_1_201_a-1024x599.jpeg 1024w, https:\/\/adra.org\/wp-content\/uploads\/2024\/07\/B88BC493-1167-4362-9DF2-4609D28F4923_1_201_a-300x176.jpeg 300w, https:\/\/adra.org\/wp-content\/uploads\/2024\/07\/B88BC493-1167-4362-9DF2-4609D28F4923_1_201_a-768x450.jpeg 768w, https:\/\/adra.org\/wp-content\/uploads\/2024\/07\/B88BC493-1167-4362-9DF2-4609D28F4923_1_201_a-1536x899.jpeg 1536w, https:\/\/adra.org\/wp-content\/uploads\/2024\/07\/B88BC493-1167-4362-9DF2-4609D28F4923_1_201_a-2048x1199.jpeg 2048w\" sizes=\"(max-width: 1024px) 100vw, 1024px\" \/><\/figure>\n\n\n\n<p><strong>SILVER SPRING, MD (26 juillet 2024)&nbsp;<\/strong>- L'Agence adventiste de d\u00e9veloppement et de secours (ADRA) s'associe aux communaut\u00e9s mondiales sur le th\u00e8me de l'\u00e9galit\u00e9 des sexes. <strong>30 juillet <\/strong>pour comm\u00e9morer <strong><em>Journ\u00e9e mondiale contre la traite des personnes<\/em><\/strong> et renforcer l'\u00e9radication de la traite des enfants. Le th\u00e8me de cette ann\u00e9e, \u201cNe laisser aucun enfant de c\u00f4t\u00e9 dans la lutte contre la traite des \u00eatres humains\u201d, souligne la proportion importante de femmes victimes de la traite dans le monde.<\/p>\n\n\n\n<figure class=\"wp-block-image size-large is-resized\"><img decoding=\"async\" width=\"1024\" height=\"745\" src=\"https:\/\/adra.org\/wp-content\/uploads\/2024\/07\/01AA3237-2ECF-4A50-B125-F4CDC2BB1E96_1_201_a-1024x745.jpeg\" alt=\"\" class=\"wp-image-34825\" style=\"width:840px;height:auto\" srcset=\"https:\/\/adra.org\/wp-content\/uploads\/2024\/07\/01AA3237-2ECF-4A50-B125-F4CDC2BB1E96_1_201_a-1024x745.jpeg 1024w, https:\/\/adra.org\/wp-content\/uploads\/2024\/07\/01AA3237-2ECF-4A50-B125-F4CDC2BB1E96_1_201_a-300x218.jpeg 300w, https:\/\/adra.org\/wp-content\/uploads\/2024\/07\/01AA3237-2ECF-4A50-B125-F4CDC2BB1E96_1_201_a-768x559.jpeg 768w, https:\/\/adra.org\/wp-content\/uploads\/2024\/07\/01AA3237-2ECF-4A50-B125-F4CDC2BB1E96_1_201_a-1536x1118.jpeg 1536w, https:\/\/adra.org\/wp-content\/uploads\/2024\/07\/01AA3237-2ECF-4A50-B125-F4CDC2BB1E96_1_201_a.jpeg 1894w\" sizes=\"(max-width: 1024px) 100vw, 1024px\" \/><\/figure>\n\n\n\n<p>Selon les Nations unies, plus de 1,2 million d'enfants sont victimes de la traite chaque ann\u00e9e, et les mineurs sont deux fois plus susceptibles que les adultes de subir des violences au cours de la traite. Dans des r\u00e9gions comme l'Afrique subsaharienne, l'Afrique du Nord, l'Am\u00e9rique latine et les Cara\u00efbes, l'incidence de la traite des enfants est disproportionn\u00e9e, les mineurs constituant 60 % des victimes d\u00e9tect\u00e9es.<\/p>\n\n\n\n<div class=\"wp-block-columns is-layout-flex wp-container-core-columns-is-layout-28f84493 wp-block-columns-is-layout-flex\">\n<div class=\"wp-block-column is-layout-flow wp-block-column-is-layout-flow\">\n<figure class=\"wp-block-image size-large\"><img decoding=\"async\" width=\"591\" height=\"1024\" src=\"https:\/\/adra.org\/wp-content\/uploads\/2024\/07\/17602E7B-E4F6-4646-98BB-859525ACC061_1_201_a-591x1024.jpeg\" alt=\"\" class=\"wp-image-34826\" srcset=\"https:\/\/adra.org\/wp-content\/uploads\/2024\/07\/17602E7B-E4F6-4646-98BB-859525ACC061_1_201_a-591x1024.jpeg 591w, https:\/\/adra.org\/wp-content\/uploads\/2024\/07\/17602E7B-E4F6-4646-98BB-859525ACC061_1_201_a-173x300.jpeg 173w, https:\/\/adra.org\/wp-content\/uploads\/2024\/07\/17602E7B-E4F6-4646-98BB-859525ACC061_1_201_a-768x1330.jpeg 768w, https:\/\/adra.org\/wp-content\/uploads\/2024\/07\/17602E7B-E4F6-4646-98BB-859525ACC061_1_201_a.jpeg 826w\" sizes=\"(max-width: 591px) 100vw, 591px\" \/><\/figure>\n<\/div>\n\n\n\n<div class=\"wp-block-column is-layout-flow wp-block-column-is-layout-flow\">\n<figure class=\"wp-block-image size-large is-resized\"><img loading=\"lazy\" decoding=\"async\" width=\"1024\" height=\"648\" src=\"https:\/\/adra.org\/wp-content\/uploads\/2024\/07\/813BE31B-553E-489F-9092-F7685DF1DF92_1_201_a-1024x648.jpeg\" alt=\"\" class=\"wp-image-34827\" style=\"width:419px;height:auto\" srcset=\"https:\/\/adra.org\/wp-content\/uploads\/2024\/07\/813BE31B-553E-489F-9092-F7685DF1DF92_1_201_a-1024x648.jpeg 1024w, https:\/\/adra.org\/wp-content\/uploads\/2024\/07\/813BE31B-553E-489F-9092-F7685DF1DF92_1_201_a-300x190.jpeg 300w, https:\/\/adra.org\/wp-content\/uploads\/2024\/07\/813BE31B-553E-489F-9092-F7685DF1DF92_1_201_a-768x486.jpeg 768w, https:\/\/adra.org\/wp-content\/uploads\/2024\/07\/813BE31B-553E-489F-9092-F7685DF1DF92_1_201_a-1536x972.jpeg 1536w, https:\/\/adra.org\/wp-content\/uploads\/2024\/07\/813BE31B-553E-489F-9092-F7685DF1DF92_1_201_a-2048x1296.jpeg 2048w\" sizes=\"(max-width: 1024px) 100vw, 1024px\" \/><\/figure>\n\n\n\n<blockquote class=\"wp-block-quote is-layout-flow wp-block-quote-is-layout-flow\">\n<p><\/p>\n<cite>\u201cLa traite des \u00eatres humains est un crime grave et r\u00e9pandu qui touche des millions d'hommes, de femmes et d'enfants dans le monde entier. ADRA est tr\u00e8s consciente de la nature cruciale de cette crise, en particulier de la traite des enfants, car les mineurs repr\u00e9sentent une proportion importante des victimes dans le monde. ADRA est en premi\u00e8re ligne pour fournir des services et des programmes de soutien aux victimes, dont beaucoup ont \u00e9t\u00e9 soumises \u00e0 la violence, au travail forc\u00e9, \u00e0 l'exploitation sexuelle et recrut\u00e9es comme enfants soldats dans les conflits arm\u00e9s. ADRA continuera \u00e0 sensibiliser, \u00e0 plaider et \u00e0 promouvoir l'action au niveau mondial pour \u00e9duquer et engager les communaut\u00e9s \u00e0 prot\u00e9ger les enfants et les adultes contre la traite des \u00eatres humains\u201d, d\u00e9clare Imad Madanat, vice-pr\u00e9sident d'ADRA International pour les affaires humanitaires.<\/cite><\/blockquote>\n<\/div>\n<\/div>\n\n\n\n<p class=\"has-large-font-size\"><strong>Programmes de protection de l'enfance d'ADRA<\/strong><\/p>\n\n\n\n<figure class=\"wp-block-image size-full\"><img loading=\"lazy\" decoding=\"async\" width=\"818\" height=\"540\" src=\"https:\/\/adra.org\/wp-content\/uploads\/2024\/07\/524CC3F3-D388-422B-8849-1E6132629B9F_1_201_a.jpeg\" alt=\"\" class=\"wp-image-34828\" srcset=\"https:\/\/adra.org\/wp-content\/uploads\/2024\/07\/524CC3F3-D388-422B-8849-1E6132629B9F_1_201_a.jpeg 818w, https:\/\/adra.org\/wp-content\/uploads\/2024\/07\/524CC3F3-D388-422B-8849-1E6132629B9F_1_201_a-300x198.jpeg 300w, https:\/\/adra.org\/wp-content\/uploads\/2024\/07\/524CC3F3-D388-422B-8849-1E6132629B9F_1_201_a-768x507.jpeg 768w\" sizes=\"(max-width: 818px) 100vw, 818px\" \/><\/figure>\n\n\n\n<p>ADRA m\u00e8ne des programmes dans diff\u00e9rentes r\u00e9gions du monde afin de soutenir les enfants menac\u00e9s par la traite des \u00eatres humains en s'attaquant aux causes profondes, telles que la pauvret\u00e9 et l'in\u00e9galit\u00e9, afin de r\u00e9duire la vuln\u00e9rabilit\u00e9 des enfants.<\/p>\n\n\n\n<p class=\"has-medium-font-size\"><strong>ADRA Bangladesh<\/strong><\/p>\n\n\n\n<div class=\"wp-block-columns is-layout-flex wp-container-core-columns-is-layout-28f84493 wp-block-columns-is-layout-flex\">\n<div class=\"wp-block-column is-layout-flow wp-block-column-is-layout-flow\">\n<div class=\"wp-block-columns is-layout-flex wp-container-core-columns-is-layout-28f84493 wp-block-columns-is-layout-flex\">\n<div class=\"wp-block-column is-layout-flow wp-block-column-is-layout-flow\">\n<figure class=\"wp-block-image size-full\"><img loading=\"lazy\" decoding=\"async\" width=\"924\" height=\"858\" src=\"https:\/\/adra.org\/wp-content\/uploads\/2024\/07\/54266D13-5C68-431D-9535-1985A635CE91_1_201_a-4.jpeg\" alt=\"\" class=\"wp-image-34834\" srcset=\"https:\/\/adra.org\/wp-content\/uploads\/2024\/07\/54266D13-5C68-431D-9535-1985A635CE91_1_201_a-4.jpeg 924w, https:\/\/adra.org\/wp-content\/uploads\/2024\/07\/54266D13-5C68-431D-9535-1985A635CE91_1_201_a-4-300x279.jpeg 300w, https:\/\/adra.org\/wp-content\/uploads\/2024\/07\/54266D13-5C68-431D-9535-1985A635CE91_1_201_a-4-768x713.jpeg 768w\" sizes=\"(max-width: 924px) 100vw, 924px\" \/><figcaption class=\"wp-element-caption\"><em>Cr\u00e9dit photo : ADRA Bangladesh<\/em><\/figcaption><\/figure>\n<\/div>\n<\/div>\n<\/div>\n\n\n\n<div class=\"wp-block-column is-layout-flow wp-block-column-is-layout-flow\">\n<p>ADRA met en \u0153uvre un projet au Bangladesh pour pr\u00e9venir le travail forc\u00e9 des enfants. Selon l'UNICEF, trois millions d'enfants sont contraints de travailler dans ce pays et nombre d'entre eux sont victimes de la traite des \u00eatres humains. Les jeunes qui vivent dans les bidonvilles du Bangladesh sont les plus vuln\u00e9rables. Pour rem\u00e9dier \u00e0 ce probl\u00e8me, ADRA a cr\u00e9\u00e9 une \u00e9cole dans un quartier d\u00e9favoris\u00e9 et le Chalantika Slum Children Development Project (CSCDP), qui offre depuis 1972 une \u00e9ducation de qualit\u00e9 et des services sociaux pour pr\u00e9venir la malnutrition.<\/p>\n\n\n\n<p><\/p>\n<\/div>\n<\/div>\n\n\n\n<p class=\"has-medium-font-size\"><strong>Assurer la s\u00e9curit\u00e9 des filles en Tha\u00eflande<\/strong><\/p>\n\n\n\n<figure class=\"wp-block-image size-large\"><img loading=\"lazy\" decoding=\"async\" width=\"1024\" height=\"585\" src=\"https:\/\/adra.org\/wp-content\/uploads\/2024\/07\/BCA3D1C1-4116-4704-9B99-FB0D9836BBEA_1_201_a-1024x585.jpeg\" alt=\"\" class=\"wp-image-34836\" srcset=\"https:\/\/adra.org\/wp-content\/uploads\/2024\/07\/BCA3D1C1-4116-4704-9B99-FB0D9836BBEA_1_201_a-1024x585.jpeg 1024w, https:\/\/adra.org\/wp-content\/uploads\/2024\/07\/BCA3D1C1-4116-4704-9B99-FB0D9836BBEA_1_201_a-300x171.jpeg 300w, https:\/\/adra.org\/wp-content\/uploads\/2024\/07\/BCA3D1C1-4116-4704-9B99-FB0D9836BBEA_1_201_a-768x439.jpeg 768w, https:\/\/adra.org\/wp-content\/uploads\/2024\/07\/BCA3D1C1-4116-4704-9B99-FB0D9836BBEA_1_201_a-1536x877.jpeg 1536w, https:\/\/adra.org\/wp-content\/uploads\/2024\/07\/BCA3D1C1-4116-4704-9B99-FB0D9836BBEA_1_201_a-2048x1170.jpeg 2048w\" sizes=\"(max-width: 1024px) 100vw, 1024px\" \/><\/figure>\n\n\n\n<p>Le projet Keep Girls Safe (KGS) d'ADRA en Tha\u00eflande collabore avec des agences gouvernementales, des organisations locales et des groupes communautaires pour am\u00e9liorer la sensibilisation et r\u00e9duire la vuln\u00e9rabilit\u00e9 des femmes et des filles \u00e0 l'exploitation sexuelle et \u00e0 la traite des \u00eatres humains. Keep Girls Safe (KGS), qui dispose d'un refuge pour les filles \u00e0 haut risque et offre des bourses d'\u00e9tudes \u00e0 100 jeunes femmes, marque sa vingti\u00e8me ann\u00e9e de succ\u00e8s.  Le projet s'associe \u00e9galement au d\u00e9partement de l'enseignement secondaire de Chiang Rai pour former les \u00e9tudiants, les enseignants du secondaire et les conseillers \u00e0 la sensibilisation et \u00e0 la d\u00e9nonciation de l'exploitation en ligne, des abus et de la traite des \u00eatres humains.<\/p>\n\n\n\n<p class=\"has-medium-font-size\"><strong>Programme ADRA pour les enfants et les familles r\u00e9fugi\u00e9s<\/strong><\/p>\n\n\n\n<div class=\"wp-block-columns is-layout-flex wp-container-core-columns-is-layout-28f84493 wp-block-columns-is-layout-flex\">\n<div class=\"wp-block-column is-layout-flow wp-block-column-is-layout-flow\">\n<figure class=\"wp-block-image size-large\"><img loading=\"lazy\" decoding=\"async\" width=\"1024\" height=\"683\" src=\"https:\/\/adra.org\/wp-content\/uploads\/2024\/07\/248D567F-4066-4F00-B4A0-2EE00B591B30_1_201_a-1024x683.jpeg\" alt=\"\" class=\"wp-image-34837\" srcset=\"https:\/\/adra.org\/wp-content\/uploads\/2024\/07\/248D567F-4066-4F00-B4A0-2EE00B591B30_1_201_a-1024x683.jpeg 1024w, https:\/\/adra.org\/wp-content\/uploads\/2024\/07\/248D567F-4066-4F00-B4A0-2EE00B591B30_1_201_a-300x200.jpeg 300w, https:\/\/adra.org\/wp-content\/uploads\/2024\/07\/248D567F-4066-4F00-B4A0-2EE00B591B30_1_201_a-768x512.jpeg 768w, https:\/\/adra.org\/wp-content\/uploads\/2024\/07\/248D567F-4066-4F00-B4A0-2EE00B591B30_1_201_a-1536x1024.jpeg 1536w, https:\/\/adra.org\/wp-content\/uploads\/2024\/07\/248D567F-4066-4F00-B4A0-2EE00B591B30_1_201_a-2048x1365.jpeg 2048w\" sizes=\"(max-width: 1024px) 100vw, 1024px\" \/><\/figure>\n<\/div>\n<\/div>\n\n\n\n<p>ADRA travaille avec des enfants r\u00e9fugi\u00e9s et d\u00e9plac\u00e9s dans divers contextes pour assurer leur s\u00e9curit\u00e9 et leur protection, car ils sont la cible de trafiquants d'\u00eatres humains. Selon les rapports des Nations unies, un nombre croissant d'enfants r\u00e9fugi\u00e9s et migrants empruntent des itin\u00e9raires extr\u00eamement dangereux, souvent \u00e0 la demande de passeurs et de trafiquants, et sont vendus comme esclaves ou prostitu\u00e9s.<\/p>\n\n\n\n<p><strong>ADRA Liban<\/strong><\/p>\n\n\n\n<div class=\"wp-block-media-text is-stacked-on-mobile\"><figure class=\"wp-block-media-text__media\"><img loading=\"lazy\" decoding=\"async\" width=\"1024\" height=\"683\" src=\"https:\/\/adra.org\/wp-content\/uploads\/2024\/07\/C88406A0-4A62-41B4-BFA0-E1E656BEB885_1_201_a-1024x683.jpeg\" alt=\"\" class=\"wp-image-34838 size-full\" srcset=\"https:\/\/adra.org\/wp-content\/uploads\/2024\/07\/C88406A0-4A62-41B4-BFA0-E1E656BEB885_1_201_a-1024x683.jpeg 1024w, https:\/\/adra.org\/wp-content\/uploads\/2024\/07\/C88406A0-4A62-41B4-BFA0-E1E656BEB885_1_201_a-300x200.jpeg 300w, https:\/\/adra.org\/wp-content\/uploads\/2024\/07\/C88406A0-4A62-41B4-BFA0-E1E656BEB885_1_201_a-768x512.jpeg 768w, https:\/\/adra.org\/wp-content\/uploads\/2024\/07\/C88406A0-4A62-41B4-BFA0-E1E656BEB885_1_201_a-1536x1024.jpeg 1536w, https:\/\/adra.org\/wp-content\/uploads\/2024\/07\/C88406A0-4A62-41B4-BFA0-E1E656BEB885_1_201_a-2048x1365.jpeg 2048w\" sizes=\"(max-width: 1024px) 100vw, 1024px\" \/><\/figure><div class=\"wp-block-media-text__content\">\n<p>Pour prot\u00e9ger les enfants, ADRA m\u00e8ne des initiatives \u00e9ducatives dans de nombreux camps de r\u00e9fugi\u00e9s \u00e0 travers le monde. Le centre d'apprentissage d'ADRA \u00e0 Baalbek, au Liban, offre une \u00e9ducation aux enfants qui ont fui le conflit syrien et les met, ainsi que leurs familles, en contact avec des services essentiels.<\/p>\n<\/div><\/div>\n\n\n\n<p><strong>ADRA Mexique<\/strong><\/p>\n\n\n\n<div class=\"wp-block-columns is-layout-flex wp-container-core-columns-is-layout-28f84493 wp-block-columns-is-layout-flex\">\n<div class=\"wp-block-column is-layout-flow wp-block-column-is-layout-flow\">\n<figure class=\"wp-block-image size-full is-resized\"><img loading=\"lazy\" decoding=\"async\" width=\"784\" height=\"669\" src=\"https:\/\/adra.org\/wp-content\/uploads\/2024\/07\/F6E71739-F552-4850-8904-4CC4900B154B_1_201_a-1.jpeg\" alt=\"\" class=\"wp-image-34841\" style=\"width:416px;height:auto\" srcset=\"https:\/\/adra.org\/wp-content\/uploads\/2024\/07\/F6E71739-F552-4850-8904-4CC4900B154B_1_201_a-1.jpeg 784w, https:\/\/adra.org\/wp-content\/uploads\/2024\/07\/F6E71739-F552-4850-8904-4CC4900B154B_1_201_a-1-300x256.jpeg 300w, https:\/\/adra.org\/wp-content\/uploads\/2024\/07\/F6E71739-F552-4850-8904-4CC4900B154B_1_201_a-1-768x655.jpeg 768w\" sizes=\"(max-width: 784px) 100vw, 784px\" \/><figcaption class=\"wp-element-caption\"><em>ADRA organise des activit\u00e9s de soutien psychosocial pour les enfants et les jeunes r\u00e9fugi\u00e9s au Mexique.  Cr\u00e9dit photo : ADRA Mexique<\/em><\/figcaption><\/figure>\n\n\n\n<p>Au Mexique, ADRA aide les familles et les enfants r\u00e9fugi\u00e9s qui fuient la violence et les zones de conflit en leur fournissant de la nourriture, un abri, des services de sant\u00e9 et des conseils.<\/p>\n<\/div>\n\n\n\n<div class=\"wp-block-column is-layout-flow wp-block-column-is-layout-flow\">\n<figure class=\"wp-block-image size-large is-resized\"><img loading=\"lazy\" decoding=\"async\" width=\"819\" height=\"1024\" src=\"https:\/\/adra.org\/wp-content\/uploads\/2024\/07\/1D2286D9-84A8-478D-B036-2DCBFF95A739_1_201_a-1-819x1024.jpeg\" alt=\"\" class=\"wp-image-34842\" style=\"width:416px;height:auto\" srcset=\"https:\/\/adra.org\/wp-content\/uploads\/2024\/07\/1D2286D9-84A8-478D-B036-2DCBFF95A739_1_201_a-1-819x1024.jpeg 819w, https:\/\/adra.org\/wp-content\/uploads\/2024\/07\/1D2286D9-84A8-478D-B036-2DCBFF95A739_1_201_a-1-240x300.jpeg 240w, https:\/\/adra.org\/wp-content\/uploads\/2024\/07\/1D2286D9-84A8-478D-B036-2DCBFF95A739_1_201_a-1-768x960.jpeg 768w, https:\/\/adra.org\/wp-content\/uploads\/2024\/07\/1D2286D9-84A8-478D-B036-2DCBFF95A739_1_201_a-1-1229x1536.jpeg 1229w, https:\/\/adra.org\/wp-content\/uploads\/2024\/07\/1D2286D9-84A8-478D-B036-2DCBFF95A739_1_201_a-1.jpeg 1440w\" sizes=\"(max-width: 819px) 100vw, 819px\" \/><\/figure>\n<\/div>\n<\/div>\n\n\n\n<p><strong>ADRA Europe<\/strong><\/p>\n\n\n\n<div class=\"wp-block-columns is-layout-flex wp-container-core-columns-is-layout-28f84493 wp-block-columns-is-layout-flex\">\n<div class=\"wp-block-column is-layout-flow wp-block-column-is-layout-flow\">\n<figure class=\"wp-block-image size-full is-resized\"><img loading=\"lazy\" decoding=\"async\" width=\"768\" height=\"1024\" src=\"https:\/\/adra.org\/wp-content\/uploads\/2024\/07\/7D480BDA-D96E-4144-8189-B548C83EF450_1_201_a-2.jpeg\" alt=\"\" class=\"wp-image-34850\" style=\"width:413px;height:auto\" srcset=\"https:\/\/adra.org\/wp-content\/uploads\/2024\/07\/7D480BDA-D96E-4144-8189-B548C83EF450_1_201_a-2.jpeg 768w, https:\/\/adra.org\/wp-content\/uploads\/2024\/07\/7D480BDA-D96E-4144-8189-B548C83EF450_1_201_a-2-225x300.jpeg 225w\" sizes=\"(max-width: 768px) 100vw, 768px\" \/><\/figure>\n\n\n\n<p><em>ADRA accueille les enfants r\u00e9fugi\u00e9s avec des couvertures, des boissons chaudes et de la nourriture \u00e0 la fronti\u00e8re ukrainienne. Cr\u00e9dit photo : ADRA Roumanie<\/em><\/p>\n<\/div>\n\n\n\n<div class=\"wp-block-column is-layout-flow wp-block-column-is-layout-flow\">\n<p>ADRA a \u00e9galement lanc\u00e9 de vastes op\u00e9rations de r\u00e9ponse pour prot\u00e9ger les enfants et les familles r\u00e9fugi\u00e9s qui fuient les combats en Ukraine.  Plusieurs bureaux nationaux d'ADRA, notamment en Autriche, en Belgique, en Roumanie et en Slovaquie, offrent de nombreux services sociaux, tels que de la nourriture, une aide en esp\u00e8ces, un acc\u00e8s \u00e0 l'\u00e9ducation, des abris, un soutien psychosocial et une protection aux fronti\u00e8res.<\/p>\n\n\n\n<p>Aidez ADRA \u00e0 cr\u00e9er un monde plus s\u00fbr en vous joignant \u00e0 la lutte contre la traite des \u00eatres humains. Visiter le site <a href=\"https:\/\/adra.org\/fr\/child-protection\/\">https:\/\/adra.org\/child-protection<\/a> pour en savoir plus sur les efforts d'ADRA en mati\u00e8re de pr\u00e9vention de la traite des \u00eatres humains dans le monde, ainsi que sur les moyens d'aider les survivants et de prot\u00e9ger les personnes vuln\u00e9rables contre ce crime odieux.<\/p>\n<\/div>\n<\/div>\n\n\n\n<p><\/p>","protected":false},"excerpt":{"rendered":"<p>L'Agence adventiste de d\u00e9veloppement et de secours (ADRA) se joint aux communaut\u00e9s mondiales le 30 juillet pour comm\u00e9morer la Journ\u00e9e mondiale contre la traite des personnes et renforcer l'\u00e9radication de la traite des enfants.<\/p>","protected":false},"author":46,"featured_media":34852,"comment_status":"closed","ping_status":"closed","sticky":false,"template":"","format":"standard","meta":{"_acf_changed":false,"_eb_attr":"","footnotes":"[]"},"categories":[785,780,799,793,820,784,614,783,11,812,797,791,1],"tags":[668,690,355,754,547,383],"class_list":["post-34823","post","type-post","status-publish","format-standard","has-post-thumbnail","hentry","category-africa","category-asia","category-europe","category-lebanon","category-mexico","category-middle-east-north-africa","category-news","category-north-america","category-press-release","category-syria","category-thailand","category-ukraine","category-uncategorized","tag-human-trafficking","tag-protection","tag-refugees","tag-safeguarding","tag-unicef","tag-united-nations-un"],"acf":[],"_links":{"self":[{"href":"https:\/\/adra.org\/fr\/wp-json\/wp\/v2\/posts\/34823","targetHints":{"allow":["GET"]}}],"collection":[{"href":"https:\/\/adra.org\/fr\/wp-json\/wp\/v2\/posts"}],"about":[{"href":"https:\/\/adra.org\/fr\/wp-json\/wp\/v2\/types\/post"}],"author":[{"embeddable":true,"href":"https:\/\/adra.org\/fr\/wp-json\/wp\/v2\/users\/46"}],"replies":[{"embeddable":true,"href":"https:\/\/adra.org\/fr\/wp-json\/wp\/v2\/comments?post=34823"}],"version-history":[{"count":16,"href":"https:\/\/adra.org\/fr\/wp-json\/wp\/v2\/posts\/34823\/revisions"}],"predecessor-version":[{"id":45521,"href":"https:\/\/adra.org\/fr\/wp-json\/wp\/v2\/posts\/34823\/revisions\/45521"}],"wp:featuredmedia":[{"embeddable":true,"href":"https:\/\/adra.org\/fr\/wp-json\/wp\/v2\/media\/34852"}],"wp:attachment":[{"href":"https:\/\/adra.org\/fr\/wp-json\/wp\/v2\/media?parent=34823"}],"wp:term":[{"taxonomy":"category","embeddable":true,"href":"https:\/\/adra.org\/fr\/wp-json\/wp\/v2\/categories?post=34823"},{"taxonomy":"post_tag","embeddable":true,"href":"https:\/\/adra.org\/fr\/wp-json\/wp\/v2\/tags?post=34823"}],"curies":[{"name":"wp","href":"https:\/\/api.w.org\/{rel}","templated":true}]}}