{"id":33795,"date":"2024-05-21T18:25:31","date_gmt":"2024-05-21T18:25:31","guid":{"rendered":"https:\/\/adra.org\/?p=33795"},"modified":"2026-03-18T19:19:30","modified_gmt":"2026-03-18T19:19:30","slug":"the-flight-of-ahmed-mohamed","status":"publish","type":"post","link":"https:\/\/adra.org\/fr\/the-flight-of-ahmed-mohamed","title":{"rendered":"Le vol d'Ahmed Mohamed\u00a0"},"content":{"rendered":"<figure class=\"wp-block-image size-large is-resized\"><img fetchpriority=\"high\" decoding=\"async\" width=\"1024\" height=\"751\" src=\"https:\/\/adra.org\/wp-content\/uploads\/2024\/05\/Refugee-Post_2-1024x751.jpg\" alt=\"\" class=\"wp-image-33796\" style=\"width:839px;height:auto\" srcset=\"https:\/\/adra.org\/wp-content\/uploads\/2024\/05\/Refugee-Post_2-1024x751.jpg 1024w, https:\/\/adra.org\/wp-content\/uploads\/2024\/05\/Refugee-Post_2-300x220.jpg 300w, https:\/\/adra.org\/wp-content\/uploads\/2024\/05\/Refugee-Post_2-768x563.jpg 768w, https:\/\/adra.org\/wp-content\/uploads\/2024\/05\/Refugee-Post_2-1536x1126.jpg 1536w, https:\/\/adra.org\/wp-content\/uploads\/2024\/05\/Refugee-Post_2-2048x1502.jpg 2048w\" sizes=\"(max-width: 1024px) 100vw, 1024px\" \/><\/figure>\n\n\n\n<p>(21 mai 2024) Le pasteur Ahmed Mohamed s'est agenouill\u00e9 au bord de la route poussi\u00e9reuse o\u00f9 lui, sa femme et ses trois enfants s'\u00e9taient arr\u00eat\u00e9s pour se reposer. \u201cDieu, sauve-nous !\u201d, prie-t-il. \u201cComment puis-je pr\u00eacher Ta parole si je suis mort ? Il a regard\u00e9 sa famille blottie sous un arbre isol\u00e9 et s'est demand\u00e9 quel serait leur avenir si Dieu n'intervenait pas.&nbsp;&nbsp;<\/p>\n\n\n\n<p>Il savait que leur situation n'\u00e9tait pas diff\u00e9rente de celle des milliers d'autres Soudanais qui fuyaient en divers endroits, alors que les affrontements brutaux entre les forces de s\u00e9curit\u00e9 et l'arm\u00e9e r\u00e9guli\u00e8re d\u00e9truisaient tout ce qu'ils voyaient. Comme les autres, le pasteur Ahmed et sa famille ont fui avec rien d'autre que les v\u00eatements qu'ils portaient sur le dos. Ils n'ont eu d'autre choix que de parcourir \u00e0 pied les 50 km qui les s\u00e9paraient de la ville la plus proche.&nbsp;&nbsp;<\/p>\n\n\n\n<p>Ils n'avaient ni nourriture ni revenu \u00e0 leur arriv\u00e9e, mais les habitants de la r\u00e9gion se sont regroup\u00e9s pour partager avec les r\u00e9fugi\u00e9s. Quelques jours plus tard, la femme d'Ahmed a emmen\u00e9 les enfants rendre visite \u00e0 un parent. Pendant son absence, un avion de guerre a survol\u00e9 la ville et bombard\u00e9 les maisons, faisant de nombreuses victimes. Une fois de plus, Ahmed s'en est sorti de justesse, v\u00eatu seulement d'un gilet. Il a march\u00e9 pendant une heure et demie jusqu'\u00e0 ce qu'il arrive \u00e0 un march\u00e9 o\u00f9 un marchand compatissant lui a offert deux chemises et un pantalon.  Un autre lui donne un total de sept dollars. Ce n'\u00e9tait pas suffisant pour acheter un billet de bus, mais il a pu n\u00e9gocier un trajet avec le chauffeur, s'il restait debout au lieu de s'asseoir.&nbsp;<\/p>\n\n\n\n<figure class=\"wp-block-image alignright size-large is-resized\"><img decoding=\"async\" width=\"1024\" height=\"959\" src=\"https:\/\/adra.org\/wp-content\/uploads\/2024\/05\/Refugee-Post-1024x959.jpg\" alt=\"\" class=\"wp-image-33797\" style=\"width:548px;height:auto\" srcset=\"https:\/\/adra.org\/wp-content\/uploads\/2024\/05\/Refugee-Post-1024x959.jpg 1024w, https:\/\/adra.org\/wp-content\/uploads\/2024\/05\/Refugee-Post-300x281.jpg 300w, https:\/\/adra.org\/wp-content\/uploads\/2024\/05\/Refugee-Post-768x719.jpg 768w, https:\/\/adra.org\/wp-content\/uploads\/2024\/05\/Refugee-Post-1536x1439.jpg 1536w, https:\/\/adra.org\/wp-content\/uploads\/2024\/05\/Refugee-Post-2048x1918.jpg 2048w\" sizes=\"(max-width: 1024px) 100vw, 1024px\" \/><\/figure>\n\n\n\n<p>\u201cLe voyage a dur\u00e9 20 heures\u201d, raconte le pasteur Ahmed. \u201cJ'\u00e9tais fatigu\u00e9, affam\u00e9 et \u00e9puis\u00e9, mais j'\u00e9tais d\u00e9termin\u00e9 \u00e0 quitter le pays.\u201d&nbsp;&nbsp;<\/p>\n\n\n\n<p>Incapable de communiquer avec sa famille, le pasteur Ahmed a poursuivi son voyage vers le Sud-Soudan pendant sept jours, parfois \u00e0 cheval lorsqu'il trouvait un bon samaritain et un moyen de transport, mais le plus souvent \u00e0 pied. Enfin, il est arriv\u00e9 \u00e0 Renk o\u00f9 il a cherch\u00e9 l'\u00e9glise adventiste du septi\u00e8me jour. Un membre l'a nourri et l'a orient\u00e9 vers l'Agence adventiste de d\u00e9veloppement et de secours (ADRA). L'agence a pris en charge ses besoins imm\u00e9diats et l'a orient\u00e9 vers le Haut Commissariat des Nations unies pour les r\u00e9fugi\u00e9s (HCR). Il a \u00e9t\u00e9 plac\u00e9 dans le camp de r\u00e9fugi\u00e9s de Maban.&nbsp;&nbsp;<\/p>\n\n\n\n<p>Environ deux mois plus tard, Ahmed a r\u00e9ussi \u00e0 faire venir sa famille du Soudan \u00e0 Renk, o\u00f9 elle est accueillie par un membre de l'\u00c9glise adventiste du septi\u00e8me jour. Il a l'intention d'arriver dans le camp et, une fois qu'il se sera install\u00e9, il cherchera de l'argent pour soutenir le mouvement afin que sa famille le rejoigne.&nbsp;&nbsp;<\/p>\n\n\n\n<p>\u201cLe pasteur Ahmed n'est qu'un des millions de r\u00e9fugi\u00e9s qui fuient pour sauver leur vie dans des situations extr\u00eamement difficiles\u201d, d\u00e9clare Michael Kruger, pr\u00e9sident d'ADRA International.  \u201cBien que les circonstances soient diff\u00e9rentes, la majorit\u00e9 d'entre eux sont contraints de laisser derri\u00e8re eux leurs emplois et leurs biens personnels simplement en raison de leur lieu de naissance, de leur race ou de la religion qu'ils professent. Les familles sont s\u00e9par\u00e9es et ne peuvent plus communiquer. Tout cela se traduit par une augmentation de l'ins\u00e9curit\u00e9 alimentaire, de la malnutrition et de la mis\u00e8re humaine\u201d.\u201d&nbsp;<\/p>\n\n\n\n<p>ADRA apporte de l'espoir \u00e0 des millions de personnes parce qu'elle n'a pas d'agenda politique et qu'elle accepte les gens tels qu'ils sont. La mission de cette agence humanitaire mondiale est de nourrir les affam\u00e9s, de v\u00eatir les nus et de permettre aux gens de prendre soin d'eux-m\u00eames. ADRA s'engage \u00e0 aider les plus pauvres des pauvres dans les situations les plus humbles qu'ils rencontrent.&nbsp;<\/p>\n\n\n\n<p>Nous vous remercions pour vos pri\u00e8res et votre soutien, qui permettent \u00e0 ADRA de continuer \u00e0 fournir des ressources et des services humanitaires \u00e0 ceux qui se trouvent dans les situations les plus d\u00e9sesp\u00e9r\u00e9es.&nbsp;<\/p>","protected":false},"excerpt":{"rendered":"<p>Le pasteur Ahmed Mohamed s'est agenouill\u00e9 au bord de la route poussi\u00e9reuse o\u00f9 lui, sa femme et ses trois enfants s'\u00e9taient arr\u00eat\u00e9s pour se reposer. <\/p>","protected":false},"author":1,"featured_media":33796,"comment_status":"closed","ping_status":"closed","sticky":false,"template":"","format":"standard","meta":{"_acf_changed":false,"_eb_attr":"","footnotes":""},"categories":[785,615,590,589,824],"tags":[741,1079,1069,355,383],"class_list":["post-33795","post","type-post","status-publish","format-standard","has-post-thumbnail","hentry","category-africa","category-blog","category-emergency","category-livelihoods","category-south-sudan","tag-adventist-church","tag-crisis","tag-humanitarian-aid","tag-refugees","tag-united-nations-un"],"acf":[],"_links":{"self":[{"href":"https:\/\/adra.org\/fr\/wp-json\/wp\/v2\/posts\/33795","targetHints":{"allow":["GET"]}}],"collection":[{"href":"https:\/\/adra.org\/fr\/wp-json\/wp\/v2\/posts"}],"about":[{"href":"https:\/\/adra.org\/fr\/wp-json\/wp\/v2\/types\/post"}],"author":[{"embeddable":true,"href":"https:\/\/adra.org\/fr\/wp-json\/wp\/v2\/users\/1"}],"replies":[{"embeddable":true,"href":"https:\/\/adra.org\/fr\/wp-json\/wp\/v2\/comments?post=33795"}],"version-history":[{"count":4,"href":"https:\/\/adra.org\/fr\/wp-json\/wp\/v2\/posts\/33795\/revisions"}],"predecessor-version":[{"id":45534,"href":"https:\/\/adra.org\/fr\/wp-json\/wp\/v2\/posts\/33795\/revisions\/45534"}],"wp:featuredmedia":[{"embeddable":true,"href":"https:\/\/adra.org\/fr\/wp-json\/wp\/v2\/media\/33796"}],"wp:attachment":[{"href":"https:\/\/adra.org\/fr\/wp-json\/wp\/v2\/media?parent=33795"}],"wp:term":[{"taxonomy":"category","embeddable":true,"href":"https:\/\/adra.org\/fr\/wp-json\/wp\/v2\/categories?post=33795"},{"taxonomy":"post_tag","embeddable":true,"href":"https:\/\/adra.org\/fr\/wp-json\/wp\/v2\/tags?post=33795"}],"curies":[{"name":"wp","href":"https:\/\/api.w.org\/{rel}","templated":true}]}}