{"id":29574,"date":"2023-10-05T13:49:22","date_gmt":"2023-10-05T13:49:22","guid":{"rendered":"https:\/\/adra.org\/?p=29574"},"modified":"2026-03-11T19:49:56","modified_gmt":"2026-03-11T19:49:56","slug":"adra-celebrates-world-teachers-day-with-new-classroom-resources","status":"publish","type":"post","link":"https:\/\/adra.org\/fr\/adra-celebrates-world-teachers-day-with-new-classroom-resources","title":{"rendered":"ADRA c\u00e9l\u00e8bre la Journ\u00e9e mondiale des enseignants avec de nouvelles ressources p\u00e9dagogiques et montre son engagement en faveur de l'\u00e9ducation lors de la convention annuelle des \u00e9ducateurs"},"content":{"rendered":"<p><strong>SILVER SPRING, MD (5 octobre 2023)&nbsp;<\/strong>- En comm\u00e9moration de la Journ\u00e9e mondiale des enseignants (5 octobre), l'Agence adventiste de d\u00e9veloppement et de secours (ADRA) reconna\u00eet le d\u00e9vouement et le r\u00f4le vital des enseignants \u00e0 travers le monde.  Pour souligner son engagement envers les \u00e9ducateurs, l'agence humanitaire mondiale a lanc\u00e9 son nouveau centre communautaire en ligne avec des outils de classe num\u00e9riques en ao\u00fbt lors de la convention des \u00e9ducateurs de la division nord-am\u00e9ricaine \u00e0 Phoenix, en Arizona.<\/p>\n\n\n\n<p>L'ADRA a rejoint des milliers d'\u00e9ducateurs des \u00c9tats-Unis et du monde entier \u00e0 la convention, qui s'est d\u00e9roul\u00e9e du 7 au 10 ao\u00fbt 2023.  En tant qu'exposant et sponsor cl\u00e9 de l'\u00e9v\u00e9nement annuel, qui sert de forum pour les nouvelles strat\u00e9gies d'apprentissage et les activit\u00e9s \u00e9ducatives, ADRA a tenu un stand d'exposition interactif o\u00f9 les participants pouvaient acc\u00e9der \u00e0 des ressources et \u00e0 des cadeaux uniques pour promouvoir l'apprentissage en classe. ADRA a \u00e9galement pr\u00e9sent\u00e9 \u201cMe Llaman Migrante\u201d (Ils m'appellent Migrant), un nouveau livre d'histoire illustr\u00e9 pour enfants d\u00e9crivant la situation difficile des enfants migrants, cr\u00e9\u00e9 par le bureau national d'ADRA au Mexique, l'UNICEF et d'autres partenaires de confiance.<\/p>\n\n\n\n<div class=\"wp-block-group is-layout-constrained wp-block-group-is-layout-constrained\">\n<div class=\"wp-block-columns is-layout-flex wp-container-core-columns-is-layout-28f84493 wp-block-columns-is-layout-flex\">\n<div class=\"wp-block-column is-layout-flow wp-block-column-is-layout-flow\" style=\"flex-basis:33.33%\">\n<figure class=\"wp-block-image size-large\"><img fetchpriority=\"high\" decoding=\"async\" width=\"799\" height=\"1024\" src=\"https:\/\/adra.org\/wp-content\/uploads\/2023\/10\/D672D286-7E59-46D2-AC0F-08642CDEA40E-3-799x1024.png\" alt=\"\" class=\"wp-image-29563\" srcset=\"https:\/\/adra.org\/wp-content\/uploads\/2023\/10\/D672D286-7E59-46D2-AC0F-08642CDEA40E-3-799x1024.png 799w, https:\/\/adra.org\/wp-content\/uploads\/2023\/10\/D672D286-7E59-46D2-AC0F-08642CDEA40E-3-234x300.png 234w, https:\/\/adra.org\/wp-content\/uploads\/2023\/10\/D672D286-7E59-46D2-AC0F-08642CDEA40E-3-768x984.png 768w, https:\/\/adra.org\/wp-content\/uploads\/2023\/10\/D672D286-7E59-46D2-AC0F-08642CDEA40E-3.png 924w\" sizes=\"(max-width: 799px) 100vw, 799px\" \/><\/figure>\n<\/div>\n\n\n\n<div class=\"wp-block-column is-layout-flow wp-block-column-is-layout-flow\" style=\"flex-basis:66.66%\">\n<p>\u201cL'objectif d'ADRA est d'inspirer et d'\u00e9quiper les \u00e9ducateurs avec des outils pour favoriser des environnements d'apprentissage compatissants et donner aux \u00e9tudiants les moyens de cr\u00e9er un changement positif.  Notre nouveau centre communautaire apportera la mission humanitaire d'ADRA dans la salle de classe, et nous esp\u00e9rons que notre livre d'histoires pour enfants aidera les jeunes \u00e0 comprendre les difficult\u00e9s des r\u00e9fugi\u00e9s et \u00e0 promouvoir l'empathie pour cette population transitoire\u201d, a d\u00e9clar\u00e9 Cassandra Hales, sp\u00e9cialiste de l'impact social pour ADRA International.<\/p>\n<\/div>\n<\/div>\n<\/div>\n\n\n\n<figure class=\"wp-block-image size-large\"><img decoding=\"async\" width=\"1024\" height=\"683\" src=\"https:\/\/adra.org\/wp-content\/uploads\/2023\/10\/29E5977A-C7FF-4D9C-A743-5E85AAC34EC2_1_201_a-1024x683.jpeg\" alt=\"\" class=\"wp-image-29555\" srcset=\"https:\/\/adra.org\/wp-content\/uploads\/2023\/10\/29E5977A-C7FF-4D9C-A743-5E85AAC34EC2_1_201_a-1024x683.jpeg 1024w, https:\/\/adra.org\/wp-content\/uploads\/2023\/10\/29E5977A-C7FF-4D9C-A743-5E85AAC34EC2_1_201_a-300x200.jpeg 300w, https:\/\/adra.org\/wp-content\/uploads\/2023\/10\/29E5977A-C7FF-4D9C-A743-5E85AAC34EC2_1_201_a-768x512.jpeg 768w, https:\/\/adra.org\/wp-content\/uploads\/2023\/10\/29E5977A-C7FF-4D9C-A743-5E85AAC34EC2_1_201_a-1536x1025.jpeg 1536w, https:\/\/adra.org\/wp-content\/uploads\/2023\/10\/29E5977A-C7FF-4D9C-A743-5E85AAC34EC2_1_201_a-2048x1366.jpeg 2048w\" sizes=\"(max-width: 1024px) 100vw, 1024px\" \/><\/figure>\n\n\n\n<p>\u201cJ'ai ador\u00e9 le stand d'ADRA, en particulier le livre (They Call Me Migrant) parce qu'en tant que professeur de Bible et d'\u00e9tudes sociales, je veux que mes \u00e9l\u00e8ves se sentent plus connect\u00e9s au monde qui les entoure. Je veux aussi qu'ils voient \u00e0 quoi ressemble la vie des gens dans d'autres parties du monde et qu'ils commencent \u00e0 r\u00e9fl\u00e9chir, m\u00eame \u00e0 leur jeune \u00e2ge au coll\u00e8ge, \u00e0 la mani\u00e8re dont ils peuvent entrer dans leur propre communaut\u00e9 et apporter de l'attention et de l'amour aux gens qui les entourent tous les jours, par de petites actions. J'ai \u00e9t\u00e9 ravie de voir ce livre et je l'emm\u00e8ne dans ma classe pour le partager avec mes \u00e9l\u00e8ves\u201d. d\u00e9clare Rachel Tyson, enseignante \u00e0 l'Acad\u00e9mie adventiste de Vienne, en Virginie.<\/p>\n\n\n\n<div class=\"wp-block-columns is-layout-flex wp-container-core-columns-is-layout-28f84493 wp-block-columns-is-layout-flex\">\n<div class=\"wp-block-column is-layout-flow wp-block-column-is-layout-flow\">\n<figure class=\"wp-block-image size-large\"><img decoding=\"async\" width=\"584\" height=\"1024\" src=\"https:\/\/adra.org\/wp-content\/uploads\/2023\/10\/21DE5B13-2FEA-4F5B-8D9E-E1F6EEA06C8A-584x1024.png\" alt=\"\" class=\"wp-image-29553\" srcset=\"https:\/\/adra.org\/wp-content\/uploads\/2023\/10\/21DE5B13-2FEA-4F5B-8D9E-E1F6EEA06C8A-584x1024.png 584w, https:\/\/adra.org\/wp-content\/uploads\/2023\/10\/21DE5B13-2FEA-4F5B-8D9E-E1F6EEA06C8A-171x300.png 171w, https:\/\/adra.org\/wp-content\/uploads\/2023\/10\/21DE5B13-2FEA-4F5B-8D9E-E1F6EEA06C8A.png 758w\" sizes=\"(max-width: 584px) 100vw, 584px\" \/><\/figure>\n<\/div>\n\n\n\n<div class=\"wp-block-column is-layout-flow wp-block-column-is-layout-flow\">\n<figure class=\"wp-block-image size-large\"><img loading=\"lazy\" decoding=\"async\" width=\"1024\" height=\"768\" src=\"https:\/\/adra.org\/wp-content\/uploads\/2023\/10\/5FF1B13E-F779-4BB8-AC83-667784524206_1_201_a-1024x768.jpeg\" alt=\"\" class=\"wp-image-29560\" srcset=\"https:\/\/adra.org\/wp-content\/uploads\/2023\/10\/5FF1B13E-F779-4BB8-AC83-667784524206_1_201_a-1024x768.jpeg 1024w, https:\/\/adra.org\/wp-content\/uploads\/2023\/10\/5FF1B13E-F779-4BB8-AC83-667784524206_1_201_a-300x225.jpeg 300w, https:\/\/adra.org\/wp-content\/uploads\/2023\/10\/5FF1B13E-F779-4BB8-AC83-667784524206_1_201_a-768x576.jpeg 768w, https:\/\/adra.org\/wp-content\/uploads\/2023\/10\/5FF1B13E-F779-4BB8-AC83-667784524206_1_201_a-1536x1152.jpeg 1536w, https:\/\/adra.org\/wp-content\/uploads\/2023\/10\/5FF1B13E-F779-4BB8-AC83-667784524206_1_201_a-2048x1536.jpeg 2048w\" sizes=\"(max-width: 1024px) 100vw, 1024px\" \/><\/figure>\n\n\n\n<div class=\"wp-block-columns is-layout-flex wp-container-core-columns-is-layout-28f84493 wp-block-columns-is-layout-flex\">\n<div class=\"wp-block-column is-layout-flow wp-block-column-is-layout-flow\">\n<p>Lors de la convention, ADRA a \u00e9galement invit\u00e9 les participants \u00e0 d\u00e9couvrir son h\u00e9ritage de 40 ans d'assistance humanitaire et d'impact social par le biais d'ateliers sp\u00e9ciaux de plaidoyer et de s\u00e9minaires ADRA Connections.  Les enseignants et les \u00e9tudiants ont d\u00e9couvert les efforts d\u00e9ploy\u00e9s au niveau mondial pour maintenir les enfants \u00e0 l'\u00e9cole, ainsi que le programme de service \u00e0 court terme d'ADRA Connections, qui permet \u00e0 de jeunes volontaires d'effectuer des missions dans le monde entier pour servir les communaut\u00e9s et \u00e9largir leur perspective globale.<\/p>\n<\/div>\n<\/div>\n<\/div>\n<\/div>\n\n\n\n<figure class=\"wp-block-image size-large\"><img loading=\"lazy\" decoding=\"async\" width=\"1024\" height=\"683\" src=\"https:\/\/adra.org\/wp-content\/uploads\/2023\/10\/4F4A5597-4664-442B-8C2E-390D2D4D9A76-1024x683.jpeg\" alt=\"\" class=\"wp-image-29561\" srcset=\"https:\/\/adra.org\/wp-content\/uploads\/2023\/10\/4F4A5597-4664-442B-8C2E-390D2D4D9A76-1024x683.jpeg 1024w, https:\/\/adra.org\/wp-content\/uploads\/2023\/10\/4F4A5597-4664-442B-8C2E-390D2D4D9A76-300x200.jpeg 300w, https:\/\/adra.org\/wp-content\/uploads\/2023\/10\/4F4A5597-4664-442B-8C2E-390D2D4D9A76-768x512.jpeg 768w, https:\/\/adra.org\/wp-content\/uploads\/2023\/10\/4F4A5597-4664-442B-8C2E-390D2D4D9A76-1536x1025.jpeg 1536w, https:\/\/adra.org\/wp-content\/uploads\/2023\/10\/4F4A5597-4664-442B-8C2E-390D2D4D9A76-2048x1366.jpeg 2048w\" sizes=\"(max-width: 1024px) 100vw, 1024px\" \/><\/figure>\n\n\n\n<blockquote class=\"wp-block-quote is-layout-flow wp-block-quote-is-layout-flow\">\n<p>\u201cLa NAD Education se r\u00e9jouit de sa collaboration avec l'ADRA et soutient les opportunit\u00e9s d'engagement continu qui ont un impact positif sur les vies. Dans la salle d'exposition de notre convention, nous sommes ravis qu'ADRA ait pu fournir \u00e0 nos participants des outils et des informations qui leur permettront d'am\u00e9liorer leur capacit\u00e9 \u00e0 enseigner aux \u00e9l\u00e8ves les efforts humanitaires mondiaux\u201d, a d\u00e9clar\u00e9 Arne Nielsen, vice-pr\u00e9sident de l'\u00e9ducation pour la division nord-am\u00e9ricaine de l'\u00c9glise adventiste du septi\u00e8me jour.<\/p>\n<\/blockquote>\n\n\n\n<blockquote class=\"wp-block-quote is-layout-flow wp-block-quote-is-layout-flow\">\n<div class=\"wp-block-columns is-layout-flex wp-container-core-columns-is-layout-28f84493 wp-block-columns-is-layout-flex\">\n<div class=\"wp-block-column is-layout-flow wp-block-column-is-layout-flow\">\n<figure class=\"wp-block-image size-large\"><img loading=\"lazy\" decoding=\"async\" width=\"1024\" height=\"695\" src=\"https:\/\/adra.org\/wp-content\/uploads\/2023\/10\/5F451461-32F6-4FAB-B1D5-F28CB8955EA9_1_201_a-1024x695.jpeg\" alt=\"\" class=\"wp-image-29562\" srcset=\"https:\/\/adra.org\/wp-content\/uploads\/2023\/10\/5F451461-32F6-4FAB-B1D5-F28CB8955EA9_1_201_a-1024x695.jpeg 1024w, https:\/\/adra.org\/wp-content\/uploads\/2023\/10\/5F451461-32F6-4FAB-B1D5-F28CB8955EA9_1_201_a-300x204.jpeg 300w, https:\/\/adra.org\/wp-content\/uploads\/2023\/10\/5F451461-32F6-4FAB-B1D5-F28CB8955EA9_1_201_a-768x521.jpeg 768w, https:\/\/adra.org\/wp-content\/uploads\/2023\/10\/5F451461-32F6-4FAB-B1D5-F28CB8955EA9_1_201_a-1536x1043.jpeg 1536w, https:\/\/adra.org\/wp-content\/uploads\/2023\/10\/5F451461-32F6-4FAB-B1D5-F28CB8955EA9_1_201_a-2048x1391.jpeg 2048w\" sizes=\"(max-width: 1024px) 100vw, 1024px\" \/><\/figure>\n<\/div>\n\n\n\n<div class=\"wp-block-column is-layout-flow wp-block-column-is-layout-flow\">\n<p>En outre, la galerie de photojournalistes d'ADRA a offert aux \u00e9ducateurs et aux \u00e9tudiants une avant-premi\u00e8re de son futur documentaire, qui mettra en lumi\u00e8re les d\u00e9fis auxquels sont confront\u00e9es de nombreuses personnes d\u00e9plac\u00e9es dans le monde. Le film sortira en 2024.<\/p>\n<\/div>\n<\/div>\n<\/blockquote>\n\n\n\n<p>Les \u00e9ducateurs peuvent en apprendre davantage sur le travail humanitaire mondial d'ADRA en rejoignant le centre communautaire \u00e0 l'adresse suivante&nbsp;<a href=\"https:\/\/communityhub.adra.cloud\/resources\/\">https:\/\/communityhub.adra.cloud\/resources\/<\/a>.<\/p>","protected":false},"excerpt":{"rendered":"<p>SILVER SPRING, MD (October 5, 2023)&nbsp;\u2013 In commemoration of World Teacher\u2019s Day (Oct. 5), the Adventist Development and Relief Agency (ADRA) recognizes the dedication and vital role of teachers across the world.&nbsp; To highlight its commitment to educators, the global humanitarian agency launched its new online community hub with digital classroom tools in August at [&hellip;]<\/p>\n","protected":false},"author":1,"featured_media":29548,"comment_status":"closed","ping_status":"closed","sticky":false,"template":"","format":"standard","meta":{"_acf_changed":false,"_eb_attr":"","footnotes":""},"categories":[594,614,11],"tags":[873,1137],"class_list":["post-29574","post","type-post","status-publish","format-standard","has-post-thumbnail","hentry","category-education","category-news","category-press-release","tag-justice-compassion-love","tag-ways-to-give"],"acf":[],"_links":{"self":[{"href":"https:\/\/adra.org\/fr\/wp-json\/wp\/v2\/posts\/29574","targetHints":{"allow":["GET"]}}],"collection":[{"href":"https:\/\/adra.org\/fr\/wp-json\/wp\/v2\/posts"}],"about":[{"href":"https:\/\/adra.org\/fr\/wp-json\/wp\/v2\/types\/post"}],"author":[{"embeddable":true,"href":"https:\/\/adra.org\/fr\/wp-json\/wp\/v2\/users\/1"}],"replies":[{"embeddable":true,"href":"https:\/\/adra.org\/fr\/wp-json\/wp\/v2\/comments?post=29574"}],"version-history":[{"count":4,"href":"https:\/\/adra.org\/fr\/wp-json\/wp\/v2\/posts\/29574\/revisions"}],"predecessor-version":[{"id":45158,"href":"https:\/\/adra.org\/fr\/wp-json\/wp\/v2\/posts\/29574\/revisions\/45158"}],"wp:featuredmedia":[{"embeddable":true,"href":"https:\/\/adra.org\/fr\/wp-json\/wp\/v2\/media\/29548"}],"wp:attachment":[{"href":"https:\/\/adra.org\/fr\/wp-json\/wp\/v2\/media?parent=29574"}],"wp:term":[{"taxonomy":"category","embeddable":true,"href":"https:\/\/adra.org\/fr\/wp-json\/wp\/v2\/categories?post=29574"},{"taxonomy":"post_tag","embeddable":true,"href":"https:\/\/adra.org\/fr\/wp-json\/wp\/v2\/tags?post=29574"}],"curies":[{"name":"wp","href":"https:\/\/api.w.org\/{rel}","templated":true}]}}