{"id":29505,"date":"2023-10-02T18:19:14","date_gmt":"2023-10-02T18:19:14","guid":{"rendered":"https:\/\/adra.org\/?p=29505"},"modified":"2026-04-16T13:54:47","modified_gmt":"2026-04-16T13:54:47","slug":"adra-appoints-three-new-vice-presidents","status":"publish","type":"post","link":"https:\/\/adra.org\/fr\/adra-appoints-three-new-vice-presidents","title":{"rendered":"ADRA nomme trois nouveaux vice-pr\u00e9sidents"},"content":{"rendered":"<p>SILVER SPRING, MD (2 octobre 2023) - L'Agence adventiste de d\u00e9veloppement et de secours (ADRA) a annonc\u00e9 la nomination de trois nouveaux vice-pr\u00e9sidents.<\/p>\n\n\n\n<p>Charn\u00e9 Renou a \u00e9t\u00e9 nomm\u00e9e nouvelle vice-pr\u00e9sidente charg\u00e9e des finances de l'agence. <\/p>\n\n\n\n<p>Sonya Funna Evelyn a \u00e9t\u00e9 nomm\u00e9e \u00e0 un poste de vice-pr\u00e9sidente nouvellement cr\u00e9\u00e9 dans l'espace programmatique et humanitaire en pleine croissance de l'agence.<\/p>\n\n\n\n<p>Derris Krause a \u00e9t\u00e9 nomm\u00e9e vice-pr\u00e9sidente du marketing et du d\u00e9veloppement de l'agence.<\/p>\n\n\n\n<p><\/p>\n\n\n\n<h2 class=\"wp-block-heading\"><strong>Charn<\/strong><strong>\u00e9<\/strong><strong> Renou<\/strong><\/h2>\n\n\n\n<p>La nomination de Mme Renou sera effective d\u00e8s que possible et la date d'entr\u00e9e en fonction sera communiqu\u00e9e prochainement. Elle prend la place d'Olivier Guth, qui prendra sa retraite dans un avenir proche, apr\u00e8s avoir travaill\u00e9 pour ADRA International depuis 1999 et en Afrique pendant 18 ans.<\/p>\n\n\n\n<p>\u201cNous sommes heureux que Charn\u00e9 rejoigne notre \u00e9quipe de direction et nous nous r\u00e9jouissons de l'exp\u00e9rience qu'elle apporte \u00e0 ADRA\u201d, d\u00e9clare Michael Kruger, pr\u00e9sident d'ADRA International. \u201cAu-del\u00e0 de ses connaissances et de son exp\u00e9rience en finance, elle est une penseuse strat\u00e9gique et une dirigeante confiante, ce qui est exactement ce dont nous avons besoin alors que nous envisageons l'avenir d'ADRA\u201d.\u201d<\/p>\n\n\n\n<p><strong>\u00c0 propos de Charn<\/strong><strong>\u00e9 Renou<\/strong><\/p>\n\n\n\n<figure class=\"wp-block-image alignleft size-medium is-resized\"><img fetchpriority=\"high\" decoding=\"async\" src=\"https:\/\/adra.org\/wp-content\/uploads\/2023\/10\/Charne-300x184.png\" alt=\"\" class=\"wp-image-29506\" width=\"337\" height=\"207\" srcset=\"https:\/\/adra.org\/wp-content\/uploads\/2023\/10\/Charne-300x184.png 300w, https:\/\/adra.org\/wp-content\/uploads\/2023\/10\/Charne-768x472.png 768w, https:\/\/adra.org\/wp-content\/uploads\/2023\/10\/Charne.png 931w\" sizes=\"(max-width: 337px) 100vw, 337px\" \/><figcaption class=\"wp-element-caption\"><em>Charn\u00e9 Renou<\/em><\/figcaption><\/figure>\n\n\n\n<p>Mme Renou rejoindra ADRA avec une exp\u00e9rience significative dans le domaine de la finance et du leadership. Avant de rejoindre ADRA, elle a r\u00e9cemment occup\u00e9 le poste de People Lead Manager pour le d\u00e9partement Audit de KPMG, un r\u00e9seau mondial de cabinets professionnels qui fournit des services d'audit, de fiscalit\u00e9 et de conseil et qui est bas\u00e9 au Royaume-Uni.<\/p>\n\n\n\n<p>Au cours de ses ann\u00e9es pass\u00e9es au sein de la soci\u00e9t\u00e9, Mme Renou a g\u00e9r\u00e9 et dirig\u00e9 des \u00e9quipes d'audit pour plusieurs des 25 principaux clients de KPMG. Outre son portefeuille de clients, le r\u00f4le de Mme Renou a \u00e9volu\u00e9 pour inclure l'assistance \u00e0 l'associ\u00e9 directeur de la soci\u00e9t\u00e9 dans la gestion des aspects \u201chumains\u201d du d\u00e9partement d'audit. Ce soutien strat\u00e9gique comprenait la gestion des performances et la formation, ainsi que le recrutement, la fid\u00e9lisation et la planification des ressources.<\/p>\n\n\n\n<p>Avant KPMG, Mme Renou a travaill\u00e9 pour PwC \u00e0 Stellenbosch et au Cap, en Afrique du Sud, dans des fonctions de comptabilit\u00e9 et d'audit. Elle comptait parmi ses clients des entreprises des secteurs de la sant\u00e9, du commerce de d\u00e9tail, de l'agriculture, etc.<\/p>\n\n\n\n<p>Mme Renou est membre de l'Institut sud-africain des comptables agr\u00e9\u00e9s.<\/p>\n\n\n\n<h2 class=\"wp-block-heading\"><strong>Sonya Funna Evelyn<\/strong><\/h2>\n\n\n\n<p>Le nouveau r\u00f4le de Mme Funna Evelyn s'ajoutera \u00e0 celui du vice-pr\u00e9sident des programmes de l'agence, Imad Madanat, et permettra de se concentrer intentionnellement et avec d\u00e9vouement sur les deux domaines du d\u00e9veloppement et de la r\u00e9ponse humanitaire, ainsi que de fournir un leadership strat\u00e9gique pour la croissance future alors que l'ADRA met en \u0153uvre un nouveau cadre strat\u00e9gique mondial.<\/p>\n\n\n\n<p>\u201cSonya est un membre sp\u00e9cial de la famille ADRA et je suis incroyablement heureux de la voir dans ce nouveau r\u00f4le\u201d, d\u00e9clare Michael Kruger, pr\u00e9sident d'ADRA International. \u201cSes ann\u00e9es de leadership ont contribu\u00e9 \u00e0 amener ADRA l\u00e0 o\u00f9 elle est aujourd'hui, et je n'ai aucun doute que son leadership dans ce r\u00f4le continuera \u00e0 nous aider \u00e0 grandir et \u00e0 nous mettre au d\u00e9fi pour les ann\u00e9es \u00e0 venir\u201d.\u201d<\/p>\n\n\n\n<p><strong>\u00c0 propos de Sonya Funna Evelyn<\/strong><\/p>\n\n\n\n<figure class=\"wp-block-image alignleft size-medium\"><img decoding=\"async\" width=\"241\" height=\"300\" src=\"https:\/\/adra.org\/wp-content\/uploads\/2023\/10\/Sonya-Funna-241x300.png\" alt=\"\" class=\"wp-image-29509\" srcset=\"https:\/\/adra.org\/wp-content\/uploads\/2023\/10\/Sonya-Funna-241x300.png 241w, https:\/\/adra.org\/wp-content\/uploads\/2023\/10\/Sonya-Funna.png 455w\" sizes=\"(max-width: 241px) 100vw, 241px\" \/><figcaption class=\"wp-element-caption\"><em>Sonya Funna Evelyn<\/em><\/figcaption><\/figure>\n\n\n\n<p>Mme Funna Evelyn est directrice principale des programmes et de l'innovation d'ADRA depuis 2016.<\/p>\n\n\n\n<p>Dans le cadre de ses fonctions, elle a contribu\u00e9 \u00e0 d\u00e9finir la vision et l'orientation d'ADRA International et a g\u00e9r\u00e9 et encadr\u00e9 une \u00e9quipe diversifi\u00e9e de plus de 30 experts techniques, en d\u00e9veloppement commercial et en apprentissage de programmes. En outre, Mme Funna Evelyn a contribu\u00e9 \u00e0 d\u00e9velopper des partenariats avec des entreprises, des agences gouvernementales, des institutions acad\u00e9miques et des fondations, et elle est une repr\u00e9sentante cl\u00e9 d'ADRA aupr\u00e8s des donateurs, des partenaires et d'autres parties prenantes.<\/p>\n\n\n\n<p>Elle a \u00e9galement \u00e9t\u00e9 la premi\u00e8re \u00e0 pr\u00e9sider les travaux d'ADRA en mati\u00e8re de diversit\u00e9, d'\u00e9quit\u00e9 et d'inclusion, afin de veiller \u00e0 ce que les politiques soient en phase avec la r\u00e9alit\u00e9.<\/p>\n\n\n\n<p>Avant d'occuper son poste actuel, Mme Funna Evelyn a occup\u00e9 d'autres fonctions de directrice et de conseill\u00e8re au sein d'ADRA et a \u00e9t\u00e9 professeur adjoint \u00e0 l'universit\u00e9 adventiste de Washington.<\/p>\n\n\n\n<p>Mme Funna Evelyn est titulaire d'une ma\u00eetrise en \u00e9tudes du d\u00e9veloppement international de l'Elliott School of International Affairs de l'universit\u00e9 George Washington et d'une ma\u00eetrise en psychologie clinique de l'universit\u00e9 Pepperdine. Elle a obtenu une licence en psychologie \u00e0 l'universit\u00e9 George Mason.<\/p>\n\n\n\n<h2 class=\"wp-block-heading\"><strong>Derris Krause<\/strong><\/h2>\n\n\n\n<p>La nomination de M. Krause prend effet imm\u00e9diatement et remplace Matthew Siliga, qui occupe d\u00e9sormais le poste de vice-pr\u00e9sident d'ADRA charg\u00e9 des op\u00e9rations strat\u00e9giques et de la croissance.<\/p>\n\n\n\n<p>\u201cDerris fait partie de la famille ADRA depuis tr\u00e8s longtemps et est d\u00e9j\u00e0 un leader reconnu au sein de notre \u00e9quipe de marketing et de d\u00e9veloppement\u201d, d\u00e9clare Michael Kruger, pr\u00e9sident d'ADRA International. \u201cGr\u00e2ce \u00e0 sa vaste exp\u00e9rience dans ce domaine et \u00e0 son engagement \u00e0 faire des autres des leaders, je suis convaincu qu'il sera un excellent et efficace compl\u00e9ment \u00e0 notre \u00e9quipe de direction.\u201d<\/p>\n\n\n\n<p><strong>\u00c0 propos de Derris Krause<\/strong><\/p>\n\n\n\n<figure class=\"wp-block-image alignleft size-medium\"><img decoding=\"async\" width=\"200\" height=\"300\" src=\"https:\/\/adra.org\/wp-content\/uploads\/2023\/10\/Derris-200x300.png\" alt=\"\" class=\"wp-image-29508\" srcset=\"https:\/\/adra.org\/wp-content\/uploads\/2023\/10\/Derris-200x300.png 200w, https:\/\/adra.org\/wp-content\/uploads\/2023\/10\/Derris-683x1024.png 683w, https:\/\/adra.org\/wp-content\/uploads\/2023\/10\/Derris.png 698w\" sizes=\"(max-width: 200px) 100vw, 200px\" \/><figcaption class=\"wp-element-caption\"><em>Derris Krause<\/em><\/figcaption><\/figure>\n\n\n\n<p>M. Krause est directeur principal du d\u00e9veloppement d'ADRA International depuis 2022, mais sa carri\u00e8re au sein d'ADRA a d\u00e9but\u00e9 en 1987.<\/p>\n\n\n\n<p>Il a occup\u00e9 plusieurs postes au sein de l'agence, d'abord comme directeur adjoint des b\u00e9n\u00e9voles et de la collecte de fonds, puis comme directeur des dons majeurs et planifi\u00e9s, avant de quitter l'agence en 2011 pour occuper le poste de directeur du marketing et des dons majeurs, puis de vice-pr\u00e9sident du marketing et de la collecte de fonds, \u00e0 Hope Channel.<\/p>\n\n\n\n<p>Apr\u00e8s Hope Channel, M. Kraus a rejoint WGTS 91.9, une station de radio de musique chr\u00e9tienne de la r\u00e9gion m\u00e9tropolitaine de Washington, D.C., en 2016, o\u00f9 il a occup\u00e9 le poste de responsable des dons majeurs et planifi\u00e9s jusqu'\u00e0 ce qu'il retourne \u00e0 ADRA en 2022.<\/p>\n\n\n\n<p>M. Kraus est titulaire d'une ma\u00eetrise en administration avec une sp\u00e9cialisation en d\u00e9veloppement international de l'universit\u00e9 Andrew's, ainsi que d'une licence en th\u00e9ologie du Pacific Union College. Il est \u00e9galement titulaire de certificats en gestion de collecte de fonds, en services fiduciaires, en planification successorale, en ressources humaines et en maintenance a\u00e9ronautique. Il est \u00e9galement titulaire d'une licence de pilote professionnel et de m\u00e9canicien de ligne et a \u00e9t\u00e9 ordonn\u00e9 ministre du culte dans l'\u00c9glise adventiste du septi\u00e8me jour.<\/p>","protected":false},"excerpt":{"rendered":"<p>The Adventist Development &#038; Relief Agency (ADRA) has announced the appointment of three new vice presidents.<\/p>","protected":false},"author":1,"featured_media":21998,"comment_status":"closed","ping_status":"closed","sticky":false,"template":"","format":"standard","meta":{"_acf_changed":false,"_eb_attr":"","footnotes":""},"categories":[614,11],"tags":[1035],"class_list":["post-29505","post","type-post","status-publish","format-standard","has-post-thumbnail","hentry","category-news","category-press-release","tag-adra-vice-president"],"acf":[],"_links":{"self":[{"href":"https:\/\/adra.org\/fr\/wp-json\/wp\/v2\/posts\/29505","targetHints":{"allow":["GET"]}}],"collection":[{"href":"https:\/\/adra.org\/fr\/wp-json\/wp\/v2\/posts"}],"about":[{"href":"https:\/\/adra.org\/fr\/wp-json\/wp\/v2\/types\/post"}],"author":[{"embeddable":true,"href":"https:\/\/adra.org\/fr\/wp-json\/wp\/v2\/users\/1"}],"replies":[{"embeddable":true,"href":"https:\/\/adra.org\/fr\/wp-json\/wp\/v2\/comments?post=29505"}],"version-history":[{"count":10,"href":"https:\/\/adra.org\/fr\/wp-json\/wp\/v2\/posts\/29505\/revisions"}],"predecessor-version":[{"id":48581,"href":"https:\/\/adra.org\/fr\/wp-json\/wp\/v2\/posts\/29505\/revisions\/48581"}],"wp:featuredmedia":[{"embeddable":true,"href":"https:\/\/adra.org\/fr\/wp-json\/wp\/v2\/media\/21998"}],"wp:attachment":[{"href":"https:\/\/adra.org\/fr\/wp-json\/wp\/v2\/media?parent=29505"}],"wp:term":[{"taxonomy":"category","embeddable":true,"href":"https:\/\/adra.org\/fr\/wp-json\/wp\/v2\/categories?post=29505"},{"taxonomy":"post_tag","embeddable":true,"href":"https:\/\/adra.org\/fr\/wp-json\/wp\/v2\/tags?post=29505"}],"curies":[{"name":"wp","href":"https:\/\/api.w.org\/{rel}","templated":true}]}}