{"id":2915,"date":"2010-12-23T18:21:02","date_gmt":"2010-12-23T18:21:02","guid":{"rendered":"https:\/\/adra.org\/?p=2915"},"modified":"2026-04-16T06:39:02","modified_gmt":"2026-04-16T06:39:02","slug":"adra-continues-aid-to-serbian-earthquake-survivors-2","status":"publish","type":"post","link":"https:\/\/adra.org\/fr\/adra-continues-aid-to-serbian-earthquake-survivors-2","title":{"rendered":"ADRA poursuit son aide aux survivants du tremblement de terre en Serbie"},"content":{"rendered":"<h2><span class=\"TextRun SCX159998997\" xml:lang=\"EN-US\"><span class=\"NormalTextRun SCX159998997\">ADRA poursuit son aide aux survivants du tremblement de terre en Serbie<\/span><\/span><span class=\"EOP SCX159998997\">\u00a0<\/span><\/h2>\n<p>SILVER SPRING, Md. - L'Agence adventiste de d\u00e9veloppement et de secours (ADRA) poursuit son action \u00e0 la suite du tremblement de terre qui a secou\u00e9 la ville de Kraljevo, en Serbie. Le violent tremblement de terre a consid\u00e9rablement endommag\u00e9 des centaines de b\u00e2timents et de maisons, d\u00e9pla\u00e7ant des milliers de familles et blessant plus de 500 personnes.<\/p>\n<p>Gr\u00e2ce \u00e0 cette intervention, ADRA a aid\u00e9 plus de 2 000 personnes en distribuant des kits d'aide d'urgence pour l'hiver. Ces kits de survie contiennent des oreillers, des couvertures et des couettes pour les victimes qui ont \u00e9t\u00e9 forc\u00e9es d'\u00e9vacuer leurs maisons endommag\u00e9es. Cette aide est d'autant plus vitale que la temp\u00e9rature devrait descendre en dessous de z\u00e9ro et que de nombreuses victimes ont perdu tous leurs biens et vivent d\u00e9sormais sous des tentes. Les paquets d'urgence ont \u00e9t\u00e9 pr\u00e9par\u00e9s par des volontaires dans la capitale Belgrade et transport\u00e9s dans la r\u00e9gion sinistr\u00e9e de Kraljevo o\u00f9 ils ont \u00e9t\u00e9 distribu\u00e9s aux populations les plus vuln\u00e9rables.<\/p>\n<p>\u00c0 la suite du tremblement de terre de magnitude 5,4, de l'eau provenant de canalisations cass\u00e9es s'est d\u00e9vers\u00e9e dans la maternit\u00e9 d'un h\u00f4pital, obligeant le personnel hospitalier \u00e0 \u00e9vacuer les b\u00e9b\u00e9s vers d'autres \u00e9tablissements. Les principaux axes routiers ont \u00e9t\u00e9 endommag\u00e9s, ce qui a perturb\u00e9 l'acheminement de l'aide, et plusieurs villages ont \u00e9t\u00e9 priv\u00e9s d'\u00e9lectricit\u00e9 et d'eau courante.<\/p>\n<p>Le s\u00e9isme s'est produit peu apr\u00e8s 1 heure du matin, heure locale, le 3 novembre 2010 et a \u00e9t\u00e9 ressenti dans les pays voisins, la Roumanie et la Bulgarie. Depuis, plus de 350 r\u00e9pliques plus faibles ont \u00e9t\u00e9 signal\u00e9es, dont un s\u00e9isme de 4,3 le 4 novembre.<\/p>","protected":false},"excerpt":{"rendered":"<p>ADRA is continuing its response following an earthquake that shook the city of Kraljevo, Serbia. The violent quake significantly damaged hundreds of buildings and houses, displacing thousands of families and injuring more than 500 people.<\/p>","protected":false},"author":1,"featured_media":38831,"comment_status":"open","ping_status":"open","sticky":false,"template":"","format":"standard","meta":{"_acf_changed":false,"_eb_attr":"","footnotes":""},"categories":[799,11,968],"tags":[1079,6,7,8,1085,1023],"class_list":["post-2915","post","type-post","status-publish","format-standard","has-post-thumbnail","hentry","category-europe","category-press-release","category-serbia","tag-crisis","tag-disaster-relief","tag-earthquake","tag-emergency-response","tag-internally-displaced-persons-idps","tag-non-food-items-nfis"],"acf":[],"_links":{"self":[{"href":"https:\/\/adra.org\/fr\/wp-json\/wp\/v2\/posts\/2915","targetHints":{"allow":["GET"]}}],"collection":[{"href":"https:\/\/adra.org\/fr\/wp-json\/wp\/v2\/posts"}],"about":[{"href":"https:\/\/adra.org\/fr\/wp-json\/wp\/v2\/types\/post"}],"author":[{"embeddable":true,"href":"https:\/\/adra.org\/fr\/wp-json\/wp\/v2\/users\/1"}],"replies":[{"embeddable":true,"href":"https:\/\/adra.org\/fr\/wp-json\/wp\/v2\/comments?post=2915"}],"version-history":[{"count":5,"href":"https:\/\/adra.org\/fr\/wp-json\/wp\/v2\/posts\/2915\/revisions"}],"predecessor-version":[{"id":48507,"href":"https:\/\/adra.org\/fr\/wp-json\/wp\/v2\/posts\/2915\/revisions\/48507"}],"wp:featuredmedia":[{"embeddable":true,"href":"https:\/\/adra.org\/fr\/wp-json\/wp\/v2\/media\/38831"}],"wp:attachment":[{"href":"https:\/\/adra.org\/fr\/wp-json\/wp\/v2\/media?parent=2915"}],"wp:term":[{"taxonomy":"category","embeddable":true,"href":"https:\/\/adra.org\/fr\/wp-json\/wp\/v2\/categories?post=2915"},{"taxonomy":"post_tag","embeddable":true,"href":"https:\/\/adra.org\/fr\/wp-json\/wp\/v2\/tags?post=2915"}],"curies":[{"name":"wp","href":"https:\/\/api.w.org\/{rel}","templated":true}]}}