{"id":27736,"date":"2023-06-09T15:57:08","date_gmt":"2023-06-09T15:57:08","guid":{"rendered":"https:\/\/adra.org\/?p=27736"},"modified":"2026-03-11T21:05:03","modified_gmt":"2026-03-11T21:05:03","slug":"statement-by-adra-president-michael-kruger-on-world-refugee-crises","status":"publish","type":"post","link":"https:\/\/adra.org\/fr\/statement-by-adra-president-michael-kruger-on-world-refugee-crises","title":{"rendered":"D\u00e9claration du pr\u00e9sident d'ADRA, Michael Kruger, sur la crise mondiale des r\u00e9fugi\u00e9s"},"content":{"rendered":"<blockquote class=\"wp-block-quote is-layout-flow wp-block-quote-is-layout-flow\">\n<h2 class=\"wp-block-heading has-medium-font-size\" style=\"font-style:normal;font-weight:200\">&#8220;Every action matters in the lives of refugees and other displaced people struggling to survive in the absence of basic necessities such as food, shelter, and safety. We cannot turn a blind eye or remain silent in the face of their anguish. World Refugee Day serves as a reminder that we must all work together to end&nbsp;the difficulties and adversities that millions of refugees and host communities face,&#8221; says ADRA International President Michael Kruger. \u201cAs ADRA celebrates its 40th anniversary this year, our global organization remains devoted to providing life-saving humanitarian services to refugees and displaced persons, women, children, and families around the world.&nbsp; Let us mark World Refugee Day and World Refugee Sabbath with justice, compassion, and love to achieve a brighter future for all, regardless of where they come from or what they have endured, so that all may live as God intended.&#8221;<\/h2>\n<\/blockquote>\n\n\n\n<div class=\"wp-block-cover is-light has-parallax\"><span aria-hidden=\"true\" class=\"wp-block-cover__background has-background-dim\"><\/span><div role=\"img\" class=\"wp-block-cover__image-background wp-image-27741 has-parallax\" style=\"background-position:50% 50%;background-image:url(https:\/\/adra.org\/wp-content\/uploads\/2023\/06\/Refugee-Children-2.jpg)\"><\/div><div class=\"wp-block-cover__inner-container is-layout-flow wp-block-cover-is-layout-flow\">\n<p><\/p>\n\n\n\n<p><\/p>\n\n\n\n<p><\/p>\n\n\n\n<p>                                                                                     .<\/p>\n\n\n\n<p class=\"has-white-color has-text-color\">&#8230;love your neighbor as yourself.\u201d <\/p>\n\n\n\n<p class=\"has-white-color has-text-color has-small-font-size\">(Matthew 22:39)<\/p>\n<\/div><\/div>","protected":false},"excerpt":{"rendered":"<p>\u201cChaque action compte dans la vie des r\u00e9fugi\u00e9s et des autres personnes d\u00e9plac\u00e9es qui luttent pour survivre en l'absence de produits de premi\u00e8re n\u00e9cessit\u00e9 tels que la nourriture, le logement et la s\u00e9curit\u00e9.<\/p>","protected":false},"author":46,"featured_media":0,"comment_status":"closed","ping_status":"closed","sticky":false,"template":"","format":"standard","meta":{"_acf_changed":false,"_eb_attr":"","footnotes":""},"categories":[614,617],"tags":[996,873,1125,355,754,419],"class_list":["post-27736","post","type-post","status-publish","format-standard","hentry","category-news","category-statement","tag-advocacy","tag-justice-compassion-love","tag-michael-kruger","tag-refugees","tag-safeguarding","tag-world-refugee-day"],"acf":[],"_links":{"self":[{"href":"https:\/\/adra.org\/fr\/wp-json\/wp\/v2\/posts\/27736","targetHints":{"allow":["GET"]}}],"collection":[{"href":"https:\/\/adra.org\/fr\/wp-json\/wp\/v2\/posts"}],"about":[{"href":"https:\/\/adra.org\/fr\/wp-json\/wp\/v2\/types\/post"}],"author":[{"embeddable":true,"href":"https:\/\/adra.org\/fr\/wp-json\/wp\/v2\/users\/46"}],"replies":[{"embeddable":true,"href":"https:\/\/adra.org\/fr\/wp-json\/wp\/v2\/comments?post=27736"}],"version-history":[{"count":9,"href":"https:\/\/adra.org\/fr\/wp-json\/wp\/v2\/posts\/27736\/revisions"}],"predecessor-version":[{"id":45178,"href":"https:\/\/adra.org\/fr\/wp-json\/wp\/v2\/posts\/27736\/revisions\/45178"}],"wp:attachment":[{"href":"https:\/\/adra.org\/fr\/wp-json\/wp\/v2\/media?parent=27736"}],"wp:term":[{"taxonomy":"category","embeddable":true,"href":"https:\/\/adra.org\/fr\/wp-json\/wp\/v2\/categories?post=27736"},{"taxonomy":"post_tag","embeddable":true,"href":"https:\/\/adra.org\/fr\/wp-json\/wp\/v2\/tags?post=27736"}],"curies":[{"name":"wp","href":"https:\/\/api.w.org\/{rel}","templated":true}]}}