{"id":23067,"date":"2022-01-06T14:50:57","date_gmt":"2022-01-06T14:50:57","guid":{"rendered":"https:\/\/adra.org\/?p=23067"},"modified":"2026-03-19T19:11:43","modified_gmt":"2026-03-19T19:11:43","slug":"hospitals-in-nepal-join-adra-to-roll-out-covid-19-vaccine-campaigns","status":"publish","type":"post","link":"https:\/\/adra.org\/fr\/hospitals-in-nepal-join-adra-to-roll-out-covid-19-vaccine-campaigns","title":{"rendered":"Des h\u00f4pitaux n\u00e9palais se joignent \u00e0 ADRA pour lancer des campagnes de vaccination contre le virus COVID-19"},"content":{"rendered":"<p class=\"wp-block-paragraph\">N\u00c9PAL (6 janvier 2022) \u2014 Depuis juin 2021, l'Agence adventiste d'aide et de d\u00e9veloppement (ADRA) au N\u00e9pal collabore avec des h\u00f4pitaux engag\u00e9s dans la lutte contre la COVID-19 et m\u00e8ne des campagnes de vaccination dans quatre districts, \u00e0 savoir Dhanusha, Mahottari, Sarlahi et Rautahat. &nbsp;<\/p>\n\n\n\n<p class=\"wp-block-paragraph\">Le N\u00e9pal, l'un des premiers pays d'Asie du Sud \u00e0 avoir lanc\u00e9 une campagne de vaccination de masse contre la COVID-19, avait pour objectif de vacciner 72 % de sa population \u00e9ligible \u00e2g\u00e9e de plus de 18 ans, mais la premi\u00e8re phase n'a enregistr\u00e9 qu'une participation mod\u00e9r\u00e9e, ne d\u00e9passant pas 12 % des personnes cibl\u00e9es.<\/p>\n\n\n\n<p class=\"wp-block-paragraph\">\u201c La r\u00e9ticence \u00e0 se faire vacciner et la crainte de contracter le virus ont pouss\u00e9 de nombreuses personnes \u00e0 rester chez elles \u201d, explique Leighton Fletcher, directeur national d\u2019ADRA au N\u00e9pal.<\/p>\n\n\n\n<p class=\"wp-block-paragraph\">Parmi ces personnes figurait une m\u00e8re de 25 ans ayant une petite fille de 16 mois. La petite devait recevoir sa premi\u00e8re dose de vaccin contre la rougeole, mais la crainte d\u2019\u00eatre expos\u00e9e au virus de la COVID-19 au centre m\u00e9dical a emp\u00each\u00e9 la m\u00e8re d\u2019emmener son b\u00e9b\u00e9 chez le m\u00e9decin.<\/p>\n\n\n\n<p class=\"wp-block-paragraph\">Laxmi Ghimire, une infirmi\u00e8re travaillant pour ADRA, s'est rendue en personne au domicile de la famille et l'a convaincue que l'\u00e9tablissement de sant\u00e9 avait pris toutes les pr\u00e9cautions n\u00e9cessaires pour emp\u00eacher la propagation du virus. Gr\u00e2ce \u00e0 l'engagement personnel de l'infirmi\u00e8re Ghimire, la jeune m\u00e8re a trouv\u00e9 le courage de se rendre \u00e0 l'h\u00f4pital, o\u00f9 le b\u00e9b\u00e9 a re\u00e7u les vaccins n\u00e9cessaires.<\/p>\n\n\n\n<p class=\"wp-block-paragraph\">Le personnel et les b\u00e9n\u00e9voles d'ADRA ont ainsi pu venir en aide \u00e0 de nombreuses personnes en lan\u00e7ant des actions de sensibilisation, telles que la distribution de brochures sur la COVID-19 et la diffusion d'\u00e9missions de radio en direct avec des interventions t\u00e9l\u00e9phoniques.<\/p>\n\n\n\n<figure class=\"wp-block-image size-large is-style-default\"><img fetchpriority=\"high\" decoding=\"async\" width=\"768\" height=\"1024\" src=\"https:\/\/adra.org\/wp-content\/uploads\/2022\/01\/Sahana-Khatun-768x1024.jpg\" alt=\"\" class=\"wp-image-23085\" srcset=\"https:\/\/adra.org\/wp-content\/uploads\/2022\/01\/Sahana-Khatun-768x1024.jpg 768w, https:\/\/adra.org\/wp-content\/uploads\/2022\/01\/Sahana-Khatun-225x300.jpg 225w, https:\/\/adra.org\/wp-content\/uploads\/2022\/01\/Sahana-Khatun-1152x1536.jpg 1152w, https:\/\/adra.org\/wp-content\/uploads\/2022\/01\/Sahana-Khatun-1536x2048.jpg 1536w, https:\/\/adra.org\/wp-content\/uploads\/2022\/01\/Sahana-Khatun-scaled.jpg 1920w\" sizes=\"(max-width: 768px) 100vw, 768px\" \/><figcaption><em>Une jeune femme de 19 ans confie ses difficult\u00e9s \u00e0 un intervenant d'ADRA pendant la pand\u00e9mie de COVID-19. ADRA a pu lui fournir de la nourriture. Photo : Dr Ghanshyam Kumar Bhatta. <\/em><\/figcaption><\/figure>\n\n\n\n<p class=\"wp-block-paragraph\">\u201c Au d\u00e9but de l\u2019ann\u00e9e, ADRA a men\u00e9 une \u00e9valuation rapide des besoins afin de d\u00e9terminer les priorit\u00e9s des communaut\u00e9s et des \u00e9tablissements de sant\u00e9 \u201d, explique M. Fletcher. \u201c La collecte de donn\u00e9es a notamment consist\u00e9 en des entretiens avec des informateurs cl\u00e9s, parmi lesquels des repr\u00e9sentants du gouvernement, des leaders sociaux et des journalistes de quatre districts. \u201d<\/p>\n\n\n\n<p class=\"wp-block-paragraph\">Ces conclusions ont permis \u00e0 ADRA de r\u00e9pondre aux besoins de la communaut\u00e9 et de contribuer efficacement \u00e0 l'organisation des campagnes de vaccination contre la COVID-19, notamment par une planification minutieuse visant \u00e0 faciliter l'acc\u00e8s aux vaccins et \u00e0 \u00e9tablir des priorit\u00e9s parmi la population, ainsi qu'en proposant des formations et des conseils aux professionnels de sant\u00e9, aux b\u00e9n\u00e9voles locaux et aux journalistes.<\/p>\n\n\n\n<p class=\"wp-block-paragraph\">\u201c Nous n\u2019avons pas oubli\u00e9 les jeunes \u201d, ajoute Fletcher. \u201c Le personnel et les b\u00e9n\u00e9voles d\u2019ADRA ont mis en place des protocoles de s\u00e9curit\u00e9 sanitaire dans 50 \u00e9coles. \u201d &nbsp;<\/p>\n\n\n\n<p class=\"wp-block-paragraph\">Par ailleurs, l'ADRA a fourni du mat\u00e9riel m\u00e9dical, des \u00e9quipements de protection individuelle (EPI) et d'autres produits de premi\u00e8re n\u00e9cessit\u00e9 aux h\u00f4pitaux de Koshi, Janakpur et Bheri, ainsi qu'\u00e0 l'h\u00f4pital adventiste Scheer Memorial de Banepa. <\/p>\n\n\n\n<p class=\"wp-block-paragraph\">Pour en savoir plus sur les actions men\u00e9es par ADRA au N\u00e9pal, rendez-vous sur <a href=\"http:\/\/www.adranepal.org\">ICI<\/a>.<\/p>","protected":false},"excerpt":{"rendered":"<p>Depuis juin 2021, l'Agence adventiste de d\u00e9veloppement et de secours (ADRA) au N\u00e9pal collabore avec des h\u00f4pitaux qui se consacrent \u00e0 la lutte contre le COVID-19 et d\u00e9ploie des campagnes de vaccination dans quatre districts, \u00e0 savoir Dhanusha, Mahottari, Sarlahi et Rautahat. \u00a0<\/p>","protected":false},"author":1,"featured_media":23091,"comment_status":"closed","ping_status":"open","sticky":false,"template":"","format":"standard","meta":{"_acf_changed":false,"_eb_attr":"","footnotes":""},"categories":[780,795,614,11],"tags":[774,1151,690,754],"class_list":["post-23067","post","type-post","status-publish","format-standard","has-post-thumbnail","hentry","category-asia","category-nepal","category-news","category-press-release","tag-covid-19","tag-immunizations","tag-protection","tag-safeguarding"],"acf":[],"_links":{"self":[{"href":"https:\/\/adra.org\/fr\/wp-json\/wp\/v2\/posts\/23067","targetHints":{"allow":["GET"]}}],"collection":[{"href":"https:\/\/adra.org\/fr\/wp-json\/wp\/v2\/posts"}],"about":[{"href":"https:\/\/adra.org\/fr\/wp-json\/wp\/v2\/types\/post"}],"author":[{"embeddable":true,"href":"https:\/\/adra.org\/fr\/wp-json\/wp\/v2\/users\/1"}],"replies":[{"embeddable":true,"href":"https:\/\/adra.org\/fr\/wp-json\/wp\/v2\/comments?post=23067"}],"version-history":[{"count":4,"href":"https:\/\/adra.org\/fr\/wp-json\/wp\/v2\/posts\/23067\/revisions"}],"predecessor-version":[{"id":45635,"href":"https:\/\/adra.org\/fr\/wp-json\/wp\/v2\/posts\/23067\/revisions\/45635"}],"wp:featuredmedia":[{"embeddable":true,"href":"https:\/\/adra.org\/fr\/wp-json\/wp\/v2\/media\/23091"}],"wp:attachment":[{"href":"https:\/\/adra.org\/fr\/wp-json\/wp\/v2\/media?parent=23067"}],"wp:term":[{"taxonomy":"category","embeddable":true,"href":"https:\/\/adra.org\/fr\/wp-json\/wp\/v2\/categories?post=23067"},{"taxonomy":"post_tag","embeddable":true,"href":"https:\/\/adra.org\/fr\/wp-json\/wp\/v2\/tags?post=23067"}],"curies":[{"name":"wp","href":"https:\/\/api.w.org\/{rel}","templated":true}]}}