{"id":22850,"date":"2021-12-22T20:48:20","date_gmt":"2021-12-22T20:48:20","guid":{"rendered":"https:\/\/adra.org\/?p=22850"},"modified":"2026-03-23T19:14:48","modified_gmt":"2026-03-23T19:14:48","slug":"adra-responds-to-the-ongoing-refugee-crisis-in-brazil-to-help-thousands-of-venezuelan-families","status":"publish","type":"post","link":"https:\/\/adra.org\/fr\/adra-responds-to-the-ongoing-refugee-crisis-in-brazil-to-help-thousands-of-venezuelan-families","title":{"rendered":"ADRA r\u00e9pond \u00e0 la crise des r\u00e9fugi\u00e9s au Br\u00e9sil en aidant des milliers de familles v\u00e9n\u00e9zu\u00e9liennes"},"content":{"rendered":"<p><strong>SILVER SPRING, MD (22 d\u00e9cembre 2021)<\/strong>&nbsp;- L'Agence adventiste de d\u00e9veloppement et de secours (ADRA) a intensifi\u00e9 ses op\u00e9rations de secours humanitaire pour aider plus de 31 000 r\u00e9fugi\u00e9s et migrants v\u00e9n\u00e9zu\u00e9liens \u00e0 reconstruire leur vie au Br\u00e9sil. L'ADRA a lanc\u00e9 le projet ANA pour fournir de la nourriture, ainsi que des articles m\u00e9nagers et d'hygi\u00e8ne aux familles des villes de Boa Vista, Roraima, Iracema, Amajari, Mucajai, Caracarai, Rorainopolis et Manaus. Le projet ANA est connu en portugais sous le nom d'Actions alimentaires et non alimentaires pour les migrants v\u00e9n\u00e9zu\u00e9liens au Br\u00e9sil.&nbsp;<\/p>\n\n\n\n<p>Les troubles politiques, la violence end\u00e9mique, les guerres de gangs, les p\u00e9nuries de nourriture et de m\u00e9dicaments et le manque de services essentiels ont forc\u00e9 des millions de V\u00e9n\u00e9zu\u00e9liens \u00e0 chercher refuge au Br\u00e9sil et dans d'autres pays du continent et au-del\u00e0, selon l'Agence des Nations unies pour les r\u00e9fugi\u00e9s (HCR). Plus de 260 000 V\u00e9n\u00e9zu\u00e9liens sont arriv\u00e9s au Br\u00e9sil rien que cette ann\u00e9e. (*Les chiffres sont susceptibles d'\u00eatre modifi\u00e9s quotidiennement.)<\/p>\n\n\n\n<p>\u201cChaque jour, 600 hommes, femmes, enfants et personnes \u00e2g\u00e9es entrent \u00e0 pied dans certaines des villes les plus pauvres du Br\u00e9sil. De nombreuses familles se retrouvent \u00e0 la rue parce que les autorit\u00e9s locales ne sont pas en mesure d'accueillir le nombre croissant de demandeurs d'asile en attente de documents. Il est extr\u00eamement difficile pour les familles de survivre lorsqu'elles arrivent ici. Elles ont besoin de nourriture, d'articles m\u00e9nagers de base et d'un toit\u201d, explique Eric Leichner, coordinateur r\u00e9gional des urgences d'ADRA pour le Br\u00e9sil. \u201cLe projet ANA a \u00e9t\u00e9 une b\u00e9n\u00e9diction pour des milliers de familles depuis son lancement au d\u00e9but de l'ann\u00e9e. Nous avons distribu\u00e9 plus de 63 000 bons alimentaires, plus de 52 000 certificats pour l'achat de produits d'hygi\u00e8ne afin de pr\u00e9venir la propagation du COVID-19, et plus de 16 000 coupons permettant aux familles d'acheter des articles m\u00e9nagers et des ustensiles de cuisine. Cependant, nous avons besoin de beaucoup plus pour continuer \u00e0 aider cette communaut\u00e9. Gardez-nous dans vos pri\u00e8res et continuez \u00e0 soutenir le travail d'ADRA au Br\u00e9sil\u201d.\u201d<\/p>\n\n\n\n<p>ADRA dirige le projet ANA en partenariat avec les autorit\u00e9s locales et d'autres organisations non gouvernementales.&nbsp;&nbsp;<\/p>\n\n\n\n<p>Damelis Josefina Mosqueda, couturi\u00e8re de 57 ans, est arriv\u00e9e au Br\u00e9sil en 2019 avec ses trois enfants, dont deux sont gravement handicap\u00e9s. La famine et la p\u00e9nurie de m\u00e9dicaments l'ont oblig\u00e9e \u00e0 vendre tout ce qu'elle poss\u00e9dait pour faire le voyage.<\/p>\n\n\n\n<figure class=\"wp-block-image size-large is-resized\"><img fetchpriority=\"high\" decoding=\"async\" src=\"https:\/\/adra.org\/wp-content\/uploads\/2021\/12\/DAMELIS-3-1-1024x682.jpg\" alt=\"\" class=\"wp-image-22853\" width=\"840\" height=\"559\" srcset=\"https:\/\/adra.org\/wp-content\/uploads\/2021\/12\/DAMELIS-3-1-1024x682.jpg 1024w, https:\/\/adra.org\/wp-content\/uploads\/2021\/12\/DAMELIS-3-1-300x200.jpg 300w, https:\/\/adra.org\/wp-content\/uploads\/2021\/12\/DAMELIS-3-1-768x512.jpg 768w, https:\/\/adra.org\/wp-content\/uploads\/2021\/12\/DAMELIS-3-1-1536x1024.jpg 1536w, https:\/\/adra.org\/wp-content\/uploads\/2021\/12\/DAMELIS-3-1-2048x1365.jpg 2048w\" sizes=\"(max-width: 840px) 100vw, 840px\" \/><figcaption><em>Damelis et son fils sont des b\u00e9n\u00e9ficiaires du projet ANA d'ADRA qui aide les migrants et les r\u00e9fugi\u00e9s v\u00e9n\u00e9zu\u00e9liens \u00e0 retrouver leurs moyens de subsistance au Br\u00e9sil. (Cr\u00e9dit photo : ADRA au Br\u00e9sil) <\/em><\/figcaption><\/figure>\n\n\n\n<p>\u201cJ'avais peur de quitter mon pays, mais ma sant\u00e9 \u00e9tait plus importante et la vie de mes enfants aussi. Nous ne mangions qu'une fois par jour, j'avais donc beaucoup de douleurs \u00e0 l'estomac. J'avais peur de mourir. Lorsque je suis arriv\u00e9e \u00e0 Boa Vista, je pesais 83 livres\u201d, raconte Mosqueda, b\u00e9n\u00e9ficiaire du projet ANA. \u201cIls m'aident pour la nourriture, notre maison, ma cuisine et les produits d'hygi\u00e8ne. C'est l'aide de Dieu, et elle est arriv\u00e9e au moment o\u00f9 j'en avais le plus besoin. J'ai commenc\u00e9 \u00e0 reprendre du poids gr\u00e2ce \u00e0 l'aide que j'ai re\u00e7ue d'ADRA\u201d.\u201d<\/p>\n\n\n\n<p>ADRA a \u00e9galement lanc\u00e9 des initiatives de pr\u00e9vention du COVID-19, ainsi que des projets de soutien en mati\u00e8re de sant\u00e9, de nutrition et d'eau, d'assainissement et d'hygi\u00e8ne (WASH) destin\u00e9s aux centres d'h\u00e9bergement et aux sans-abri.<\/p>\n\n\n\n<p>\u201cADRA a analys\u00e9 la situation sur le terrain afin de mieux r\u00e9pondre \u00e0 la crise des r\u00e9fugi\u00e9s au Br\u00e9sil. Nous devons trouver d'autres moyens d'aider les V\u00e9n\u00e9zu\u00e9liens, en particulier les familles avec des enfants en bas \u00e2ge qui vivent dans la rue et dont l'hygi\u00e8ne laisse \u00e0 d\u00e9sirer. Ils ont besoin d'eau potable, de repas chauds, de biberons et de lait maternis\u00e9, ainsi que de soins m\u00e9dicaux\u201d, explique Fabio Salles, directeur d'ADRA au Br\u00e9sil. \u201cADRA envisage d'\u00e9tendre ses op\u00e9rations d'urgence pour am\u00e9liorer l'assainissement en installant des fontaines, des toilettes et des douches. Notre travail humanitaire est vaste, mais nous sommes reconnaissants \u00e0 nos partenaires et \u00e0 nos donateurs de nous aider \u00e0 continuer \u00e0 faire la diff\u00e9rence dans la vie des personnes les plus vuln\u00e9rables au Br\u00e9sil et dans d'autres parties du monde.\u201d<\/p>\n\n\n\n<p>Image de la banni\u00e8re : <em>Le personnel d'ADRA sur le terrain fournit de la nourriture et des produits de premi\u00e8re n\u00e9cessit\u00e9 aux familles v\u00e9n\u00e9zu\u00e9liennes qui cherchent refuge au Br\u00e9sil. (Cr\u00e9dit photo : ADRA Br\u00e9sil)<\/em><\/p>\n\n\n\n<p><em>Les journalistes peuvent obtenir des interviews avec des repr\u00e9sentants d'ADRA sur ce sujet \u00e0 l'adresse suivante :<strong>\u00a0<\/strong><a rel=\"noreferrer noopener\" href=\"mailto:press@adra.org\" target=\"_blank\">press@ADRA.org<\/a>.<\/em><\/p>","protected":false},"excerpt":{"rendered":"<p>L'Agence adventiste de d\u00e9veloppement et de secours (ADRA) a intensifi\u00e9 ses op\u00e9rations de secours humanitaire pour aider plus de 31 000 r\u00e9fugi\u00e9s et migrants v\u00e9n\u00e9zu\u00e9liens \u00e0 reconstruire leur vie au Br\u00e9sil. <\/p>","protected":false},"author":1,"featured_media":22851,"comment_status":"closed","ping_status":"open","sticky":false,"template":"","format":"standard","meta":{"_acf_changed":false,"_eb_attr":"","footnotes":""},"categories":[802,609,284,1052,614,11,782,1,798,336],"tags":[774,1079,8,405,873,1154,514,690,355,383],"class_list":["post-22850","post","type-post","status-publish","format-standard","has-post-thumbnail","hentry","category-brazil","category-food-assistance","category-health","category-inter-america","category-news","category-press-release","category-south-america","category-uncategorized","category-venezuela","category-wash","tag-covid-19","tag-crisis","tag-emergency-response","tag-famine","tag-justice-compassion-love","tag-maternal-newborn-child-health-mnch","tag-migration","tag-protection","tag-refugees","tag-united-nations-un"],"acf":[],"_links":{"self":[{"href":"https:\/\/adra.org\/fr\/wp-json\/wp\/v2\/posts\/22850","targetHints":{"allow":["GET"]}}],"collection":[{"href":"https:\/\/adra.org\/fr\/wp-json\/wp\/v2\/posts"}],"about":[{"href":"https:\/\/adra.org\/fr\/wp-json\/wp\/v2\/types\/post"}],"author":[{"embeddable":true,"href":"https:\/\/adra.org\/fr\/wp-json\/wp\/v2\/users\/1"}],"replies":[{"embeddable":true,"href":"https:\/\/adra.org\/fr\/wp-json\/wp\/v2\/comments?post=22850"}],"version-history":[{"count":5,"href":"https:\/\/adra.org\/fr\/wp-json\/wp\/v2\/posts\/22850\/revisions"}],"predecessor-version":[{"id":45725,"href":"https:\/\/adra.org\/fr\/wp-json\/wp\/v2\/posts\/22850\/revisions\/45725"}],"wp:featuredmedia":[{"embeddable":true,"href":"https:\/\/adra.org\/fr\/wp-json\/wp\/v2\/media\/22851"}],"wp:attachment":[{"href":"https:\/\/adra.org\/fr\/wp-json\/wp\/v2\/media?parent=22850"}],"wp:term":[{"taxonomy":"category","embeddable":true,"href":"https:\/\/adra.org\/fr\/wp-json\/wp\/v2\/categories?post=22850"},{"taxonomy":"post_tag","embeddable":true,"href":"https:\/\/adra.org\/fr\/wp-json\/wp\/v2\/tags?post=22850"}],"curies":[{"name":"wp","href":"https:\/\/api.w.org\/{rel}","templated":true}]}}