{"id":21991,"date":"2021-10-07T17:47:04","date_gmt":"2021-10-07T17:47:04","guid":{"rendered":"https:\/\/adra.org\/?p=21991"},"modified":"2026-04-22T13:50:00","modified_gmt":"2026-04-22T13:50:00","slug":"supporter-spotlight-doreens-story","status":"publish","type":"post","link":"https:\/\/adra.org\/fr\/supporter-spotlight-doreens-story","title":{"rendered":"Pleins feux sur les supporters : L'histoire de Doreen"},"content":{"rendered":"<p>Doreen, qui soutient ADRA, a grandi sur l'\u00eele de Sainte-H\u00e9l\u00e8ne, une toute petite \u00eele de l'Atlantique. C'est l'un des endroits les plus isol\u00e9s au monde. L'\u00eele compte moins de 5 000 habitants et est surtout connue pour \u00eatre le lieu d'exil et de mort de Napol\u00e9on Bonaparte.<\/p>\n\n\n\n<p>L'\u00eele \u00e9tait le genre d'endroit o\u00f9 il n'y avait pas de sans-abri ni de familles souffrant de la faim, et le fait de s'installer aux \u00c9tats-Unis a donc ouvert les yeux de Doreen.<\/p>\n\n\n\n<p>\u201cQuand je suis arriv\u00e9e aux \u00c9tats-Unis, j'ai vu beaucoup de choses. J'ai pleur\u00e9\u201d, raconte Doreen. \u201cLa premi\u00e8re chose que j'ai vue, c'est quelqu'un qui vivait dans une maison en papier journal dans le centre de Cleveland. Cela m'a vraiment fait pleurer parce que je n'avais jamais rien vu de tel.\u201d<\/p>\n\n\n\n<p>Doreen a \u00e9t\u00e9 \u00e9lev\u00e9e pour aider les autres. Sa m\u00e8re, r\u00e9cemment d\u00e9c\u00e9d\u00e9e deux semaines avant son 98e anniversaire, a perdu son mari lorsque Doreen avait huit ans, mais elle a \u00e9t\u00e9 un exemple de service pour ses enfants tout au long de sa vie.&nbsp;<\/p>\n\n\n\n<p>\u201cJ'ai toujours donn\u00e9. On nous a appris d\u00e8s notre plus jeune \u00e2ge \u00e0 partager, et c'est ce que j'ai fait\u201d, a d\u00e9clar\u00e9 Doreen. \u201cJe crois que le Seigneur placera toujours ce d\u00e9sir dans mon c\u0153ur jusqu'\u00e0 ce qu'il vienne ou jusqu'\u00e0 ce que je rende mon dernier souffle.\u201d<\/p>\n\n\n\n<p>Peu apr\u00e8s son installation aux \u00c9tats-Unis, Doreen a commenc\u00e9 \u00e0 entendre parler d'ADRA par l'interm\u00e9diaire de l'\u00e9glise et dans les documents qu'elle recevait. Elle \u00e9tait ravie de voir comment son \u00e9glise r\u00e9pondait aux besoins r\u00e9els des gens.<\/p>\n\n\n\n<p>\u201cJ'ai tout de suite pens\u00e9 \u00e0 cette maison de la presse\u201d, a-t-elle d\u00e9clar\u00e9.<\/p>\n\n\n\n<p>L'une des histoires qui l'a le plus marqu\u00e9e est celle d'une femme qui s'est retrouv\u00e9e \u00e0 s'occuper de ses petits-enfants apr\u00e8s le d\u00e9c\u00e8s des autres membres de sa famille.<\/p>\n\n\n\n<p>\u201cCela m'a beaucoup touch\u00e9e\u201d, nous a confi\u00e9 Doreen. \u201cElle m'a dit qu'elle n'avait qu'une couverture et qu'elle couvrait ses enfants avec sa jupe. J'ai pens\u00e9 : \u2018Wow, quel gaspillage je vois ? Certaines personnes ont deux, trois ou quatre couvertures chez elles\u2019. C'est pour cela que j'aime contribuer \u00e0 ADRA\u201d.\u201d<\/p>\n\n\n\n<p>Doreen et son mari, Guy, soutiennent ADRA depuis 25 ans !<\/p>\n\n\n\n<p>\u201cL'ADRA se rend sur place, y reste et aide les gens \u00e0 survivre. Ils ne se contentent pas de d\u00e9poser un camion ou un avion rempli de mat\u00e9riel et de repartir. C'est ce que j'aime vraiment chez eux\u201d, a d\u00e9clar\u00e9 Doreen. \u201cJe n'ai ni souci ni inqui\u00e9tude. M\u00eame si je ne dis pas ce pour quoi j'ai fait un don, lorsque j'appelle, j'adore le personnel. Ils sont toujours tr\u00e8s gentils. Ils me demandent si j'ai besoin de pri\u00e8res pour quoi que ce soit.\u201d<\/p>\n\n\n\n<p>Doreen et Guy partagent leur soutien en tant que donateurs mensuels d'ADRA, mais nous sommes reconnaissants \u00e0 chaque personne qui partage un don, une pri\u00e8re ou des mots gentils pour notre minist\u00e8re. Notre travail n'est possible que gr\u00e2ce aux b\u00e9n\u00e9dictions que chacun d'entre vous partage avec nous. \u201cJe crois que nous sommes b\u00e9nis pour b\u00e9nir les autres\u201d, nous dit Doreen, et nous sommes tout \u00e0 fait d'accord.<\/p>","protected":false},"excerpt":{"rendered":"<p>Doreen, qui soutient ADRA, a grandi sur l'\u00eele de Sainte-H\u00e9l\u00e8ne, une toute petite \u00eele de l'Atlantique.<\/p>","protected":false},"author":1,"featured_media":21992,"comment_status":"closed","ping_status":"closed","sticky":false,"template":"","format":"standard","meta":{"_acf_changed":false,"_eb_attr":"","footnotes":""},"categories":[615],"tags":[743,873,1137],"class_list":["post-21991","post","type-post","status-publish","format-standard","has-post-thumbnail","hentry","category-blog","tag-gift-catalog","tag-justice-compassion-love","tag-ways-to-give"],"acf":[],"_links":{"self":[{"href":"https:\/\/adra.org\/fr\/wp-json\/wp\/v2\/posts\/21991","targetHints":{"allow":["GET"]}}],"collection":[{"href":"https:\/\/adra.org\/fr\/wp-json\/wp\/v2\/posts"}],"about":[{"href":"https:\/\/adra.org\/fr\/wp-json\/wp\/v2\/types\/post"}],"author":[{"embeddable":true,"href":"https:\/\/adra.org\/fr\/wp-json\/wp\/v2\/users\/1"}],"replies":[{"embeddable":true,"href":"https:\/\/adra.org\/fr\/wp-json\/wp\/v2\/comments?post=21991"}],"version-history":[{"count":5,"href":"https:\/\/adra.org\/fr\/wp-json\/wp\/v2\/posts\/21991\/revisions"}],"predecessor-version":[{"id":48705,"href":"https:\/\/adra.org\/fr\/wp-json\/wp\/v2\/posts\/21991\/revisions\/48705"}],"wp:featuredmedia":[{"embeddable":true,"href":"https:\/\/adra.org\/fr\/wp-json\/wp\/v2\/media\/21992"}],"wp:attachment":[{"href":"https:\/\/adra.org\/fr\/wp-json\/wp\/v2\/media?parent=21991"}],"wp:term":[{"taxonomy":"category","embeddable":true,"href":"https:\/\/adra.org\/fr\/wp-json\/wp\/v2\/categories?post=21991"},{"taxonomy":"post_tag","embeddable":true,"href":"https:\/\/adra.org\/fr\/wp-json\/wp\/v2\/tags?post=21991"}],"curies":[{"name":"wp","href":"https:\/\/api.w.org\/{rel}","templated":true}]}}