{"id":19896,"date":"2020-11-15T16:32:00","date_gmt":"2020-11-15T16:32:00","guid":{"rendered":"https:\/\/adra.org\/?p=19896"},"modified":"2026-03-30T14:51:04","modified_gmt":"2026-03-30T14:51:04","slug":"kenya-lack-of-sufficient-food","status":"publish","type":"post","link":"https:\/\/adra.org\/fr\/kenya-lack-of-sufficient-food","title":{"rendered":"Kenya : R\u00e9ponse au manque de nourriture"},"content":{"rendered":"<figure class=\"wp-block-image\"><img decoding=\"async\" src=\"https:\/\/adra.org\/wp-content\/uploads\/2020\/11\/ADRA_KenyaStories_AsinyeenKangole-01952-1024x683.jpg\" alt=\"\"\/><\/figure>\n\n\n\n<h2 class=\"wp-block-heading\">Rencontrer Asinyen<\/h2>\n\n\n\n<p>La faim et la famine sont encore une r\u00e9alit\u00e9 pour trop de gens. C'est un cycle mortel et ce n'est qu'ensemble que nous pourrons lutter contre la faim.&nbsp;<\/p>\n\n\n\n<p class=\"has-text-align-left\"><strong>\u201cJe n'ai aucun espoir pour l'avenir\u201d, d\u00e9clare Asinyen. <\/strong><\/p>\n\n\n\n<p class=\"has-text-align-left\">Il y a cinq jours, Asinyen a re\u00e7u un petit sac de riz d'un ami et membre de l'\u00e9glise SDA. Elle l'a \u00e9tir\u00e9 pour tenir trois jours, mais elle n'a pas mang\u00e9 depuis. Et elle ne sait pas quand elle mangera \u00e0 nouveau.<\/p>\n\n\n\n<p class=\"has-text-align-left\">La minuscule hutte d'Asinyen se trouve \u00e0 la p\u00e9riph\u00e9rie d'une ville du nord du Kenya et n'est entour\u00e9e que de poussi\u00e8re. C'est un endroit d\u00e9sol\u00e9 et solitaire.<\/p>\n\n\n\n<p class=\"has-text-align-left\">Faite de chaume et de ferraille, sa maison n'est pas grand-chose, mais c'est tout ce qu'elle a.<\/p>\n\n\n\n<p class=\"has-text-align-left\">Ses enfants sont partis en qu\u00eate de survie, ses r\u00e9serves de nourriture sont toujours vides et les v\u00eatements qu'elle porte sont tout ce qu'elle poss\u00e8de.<\/p>\n\n\n\n<p class=\"has-text-align-left\">Mais m\u00eame cette maison n'est pas vraiment la sienne : Asinyen squatte le terrain depuis des ann\u00e9es, sachant qu'un jour les propri\u00e9taires reviendront et qu'elle sera oblig\u00e9e de partir.<\/p>\n\n\n\n<p class=\"has-text-align-left\">L'impact de la faim est d\u00e9vastateur. Elle a non seulement priv\u00e9 Asinyen d'espoir, mais elle lui a aussi pris l'un de ses enfants - il y a 20 ans, l'un de ses enfants est mort \u00e0 cause de la faim et de la malnutrition.<\/p>\n\n\n\n<p class=\"has-text-align-left\"><strong>\u201cJ'ai souvent faim\u201d.\u201d <\/strong>Asinyen dit. \u201cLorsque cela fait deux jours, je vais voir mes amis et j'esp\u00e8re qu'ils pourront me nourrir.\u201d<a role=\"button\" href=\"https:\/\/donations.adra.org\/tripleyourgiving-ws\"><br><\/a><\/p>\n\n\n\n<p class=\"has-text-align-left\">Lorsqu'elle s'approche de la maison d'un ami, Asinyen n'est jamais s\u00fbre de ce qu'elle va y trouver. Parfois, ils pourront lui donner de la nourriture ou de l'argent.<\/p>\n\n\n\n<p class=\"has-text-align-left\">D'autres fois, ils lui demandent de partir parce qu'ils n'ont rien \u00e0 partager. <strong>Ils ont aussi faim<\/strong>.<\/p>\n\n\n\n<p class=\"has-text-align-left\">Autrefois, Asinyen pouvait compter sur l'aide de ses voisins. Aujourd'hui, tout le monde souffre de la m\u00eame faim mortelle. Le plus souvent, elle repart les mains vides et affam\u00e9e.<\/p>\n\n\n\n<p class=\"has-text-align-left\">\u201cJe tombe tout le temps malade parce que je ne mange pas assez\u201d, explique Asinyen. \u201cJe suis tr\u00e8s faible et je ne peux plus travailler \u00e0 cause de cela.\u201d<\/p>\n\n\n\n<figure class=\"wp-block-image\"><img decoding=\"async\" src=\"https:\/\/adra.org\/wp-content\/uploads\/2020\/11\/ADRA_KenyaStories_AsinyeenKangole-01996-1024x683.jpg\" alt=\"\"\/><\/figure>\n\n\n\n<p class=\"has-text-align-left\"><a href=\"https:\/\/donations.adra.org\/tripleyourgiving-ws\"><br><\/a><\/p>","protected":false},"excerpt":{"rendered":"<p>La faim et la famine sont encore une r\u00e9alit\u00e9 pour trop de gens. C'est un cycle mortel et ce n'est qu'ensemble que nous pourrons lutter contre la faim.<\/p>","protected":false},"author":5,"featured_media":19902,"comment_status":"closed","ping_status":"closed","sticky":false,"template":"","format":"standard","meta":{"_acf_changed":false,"_eb_attr":"","footnotes":""},"categories":[785,615,609,284,937],"tags":[741,1079,873,1137],"class_list":["post-19896","post","type-post","status-publish","format-standard","has-post-thumbnail","hentry","category-africa","category-blog","category-food-assistance","category-health","category-kenya","tag-adventist-church","tag-crisis","tag-justice-compassion-love","tag-ways-to-give"],"acf":[],"_links":{"self":[{"href":"https:\/\/adra.org\/fr\/wp-json\/wp\/v2\/posts\/19896","targetHints":{"allow":["GET"]}}],"collection":[{"href":"https:\/\/adra.org\/fr\/wp-json\/wp\/v2\/posts"}],"about":[{"href":"https:\/\/adra.org\/fr\/wp-json\/wp\/v2\/types\/post"}],"author":[{"embeddable":true,"href":"https:\/\/adra.org\/fr\/wp-json\/wp\/v2\/users\/5"}],"replies":[{"embeddable":true,"href":"https:\/\/adra.org\/fr\/wp-json\/wp\/v2\/comments?post=19896"}],"version-history":[{"count":12,"href":"https:\/\/adra.org\/fr\/wp-json\/wp\/v2\/posts\/19896\/revisions"}],"predecessor-version":[{"id":46268,"href":"https:\/\/adra.org\/fr\/wp-json\/wp\/v2\/posts\/19896\/revisions\/46268"}],"wp:featuredmedia":[{"embeddable":true,"href":"https:\/\/adra.org\/fr\/wp-json\/wp\/v2\/media\/19902"}],"wp:attachment":[{"href":"https:\/\/adra.org\/fr\/wp-json\/wp\/v2\/media?parent=19896"}],"wp:term":[{"taxonomy":"category","embeddable":true,"href":"https:\/\/adra.org\/fr\/wp-json\/wp\/v2\/categories?post=19896"},{"taxonomy":"post_tag","embeddable":true,"href":"https:\/\/adra.org\/fr\/wp-json\/wp\/v2\/tags?post=19896"}],"curies":[{"name":"wp","href":"https:\/\/api.w.org\/{rel}","templated":true}]}}