{"id":19709,"date":"2020-11-04T13:21:28","date_gmt":"2020-11-04T13:21:28","guid":{"rendered":"https:\/\/adra.org\/?p=19709"},"modified":"2026-03-30T15:15:21","modified_gmt":"2026-03-30T15:15:21","slug":"statement-adra-workers-are-released-in-the-democratic-republic-of-congo","status":"publish","type":"post","link":"https:\/\/adra.org\/fr\/statement-adra-workers-are-released-in-the-democratic-republic-of-congo","title":{"rendered":"D\u00e9claration : Lib\u00e9ration des travailleurs d'ADRA enlev\u00e9s en R\u00e9publique d\u00e9mocratique du Congo"},"content":{"rendered":"<p>SILVER SPRING, MD (4 novembre 2020) - Deux travailleurs humanitaires employ\u00e9s par l'Agence adventiste de d\u00e9veloppement et de secours, ainsi qu'une personne non identifi\u00e9e, ont \u00e9t\u00e9 lib\u00e9r\u00e9s le 3 novembre par des ravisseurs anonymes en R\u00e9publique d\u00e9mocratique du Congo (RDC). Les trois personnes revenaient du camp de r\u00e9fugi\u00e9s de Mulongwe, dans la province du Sud-Kivu, \u00e0 l'est de la RDC, lorsqu'elles ont \u00e9t\u00e9 enlev\u00e9es et retenues contre leur gr\u00e9. Le chauffeur du groupe a \u00e9t\u00e9 la quatri\u00e8me personne enlev\u00e9e, mais il a \u00e9t\u00e9 lib\u00e9r\u00e9 peu apr\u00e8s. &nbsp;<\/p>\n\n\n\n<p>ADRA a travaill\u00e9 en \u00e9troite collaboration avec les autorit\u00e9s locales pour communiquer avec les ravisseurs et est rest\u00e9e en contact avec les membres de la famille. Quatre jours plus tard, les trois otages restants ont \u00e9t\u00e9 lib\u00e9r\u00e9s sains et saufs et transf\u00e9r\u00e9s \u00e0 l'h\u00f4pital pour une \u00e9valuation de leur \u00e9tat de sant\u00e9.<\/p>\n\n\n\n<p>\u201cNous sommes extr\u00eamement soulag\u00e9s d'avoir obtenu le retour de nos travailleurs sains et saufs\u201d, d\u00e9clare Michael Kruger, pr\u00e9sident d'ADRA. \u201cNous sommes tr\u00e8s reconnaissants \u00e0 Dieu de les avoir prot\u00e9g\u00e9s, ainsi qu'aux autorit\u00e9s locales et \u00e0 l'\u00e9quipe d'ADRA qui nous a aid\u00e9s dans cette mission risqu\u00e9e. Bien qu'il s'agisse d'une bonne nouvelle, les attaques contre les travailleurs humanitaires restent nombreuses, une situation qui affecte non seulement notre personnel, mais aussi les communaut\u00e9s que nous servons. Nous continuerons \u00e0 revoir et \u00e0 renforcer nos mesures de s\u00e9curit\u00e9 pour assurer la protection et la s\u00e9curit\u00e9 de tous nos travailleurs humanitaires afin que nous puissions continuer \u00e0 servir et \u00e0 aider tant de familles vuln\u00e9rables\u201d.\u201d&nbsp;<\/p>\n\n\n\n<p>Il s'agit de la deuxi\u00e8me attaque signal\u00e9e contre des travailleurs d'ADRA en RDC depuis 2009, qui s'\u00e9tait sold\u00e9e \u00e0 l'\u00e9poque par l'assassinat d'un employ\u00e9 d'ADRA.&nbsp;<\/p>\n\n\n\n<p>En 2019, les attaques contre les travailleurs humanitaires dans le monde ont d\u00e9pass\u00e9 tous les records pr\u00e9c\u00e9dents : au total, 483 travailleurs humanitaires ont \u00e9t\u00e9 attaqu\u00e9s et 124 enlev\u00e9s, selon la base de donn\u00e9es sur la s\u00e9curit\u00e9 des travailleurs humanitaires d'Humanitarian Outcomes.<\/p>\n\n\n\n<p>ADRA, en tant que membre de la communaut\u00e9 humanitaire et confessionnelle mondiale, condamne ces attaques et demande que les auteurs soient tenus de rendre des comptes et que les survivants obtiennent justice.<\/p>\n\n\n\n<p>ADRA est active en RDC depuis le milieu des ann\u00e9es 1990 et soutient les r\u00e9fugi\u00e9s de retour au pays en distribuant des abris et des articles non alimentaires, en d\u00e9fendant les droits fonciers et en jouant un r\u00f4le cl\u00e9 dans la r\u00e9duction de la propagation de l'\u00e9pid\u00e9mie d'Ebola en \u00e9quipant les communaut\u00e9s hors d'atteinte par le biais d'une sensibilisation \u00e0 l'hygi\u00e8ne et \u00e0 l'assainissement. ADRA en RDC a \u00e9galement \u00e9tabli des partenariats avec le minist\u00e8re de la sant\u00e9 et le minist\u00e8re de l'\u00e9ducation pour construire des cliniques et des \u00e9coles.&nbsp;<\/p>\n\n\n\n<p><strong>A PROPOS DE L'ADRA<\/strong><\/p>\n\n\n\n<p>L'Agence adventiste de d\u00e9veloppement et de secours est le bras humanitaire international de l'\u00c9glise adventiste du septi\u00e8me jour, pr\u00e9sent dans 118 pays. Son travail permet de renforcer les communaut\u00e9s et de changer des vies dans le monde entier en fournissant un d\u00e9veloppement communautaire durable et des secours en cas de catastrophe. L'objectif de l'ADRA est de servir l'humanit\u00e9 afin que tous puissent vivre comme Dieu l'a voulu. Pour plus d'informations, visitez le site<a href=\"https:\/\/adra.org\/fr\/\">&nbsp;ADRA.org<\/a>.<\/p>","protected":false},"excerpt":{"rendered":"<p>Deux travailleurs humanitaires employ\u00e9s par l'Agence adventiste de d\u00e9veloppement et de secours, ainsi qu'une personne non identifi\u00e9e, ont \u00e9t\u00e9 lib\u00e9r\u00e9s le 3 novembre par des ravisseurs anonymes en R\u00e9publique d\u00e9mocratique du Congo (RDC). <\/p>","protected":false},"author":1,"featured_media":21998,"comment_status":"closed","ping_status":"open","sticky":false,"template":"","format":"standard","meta":{"_acf_changed":false,"_eb_attr":"","footnotes":""},"categories":[807,590,614,617],"tags":[1069,1023,355,1025],"class_list":["post-19709","post","type-post","status-publish","format-standard","has-post-thumbnail","hentry","category-dr-congo","category-emergency","category-news","category-statement","tag-humanitarian-aid","tag-non-food-items-nfis","tag-refugees","tag-shelter-kits"],"acf":[],"_links":{"self":[{"href":"https:\/\/adra.org\/fr\/wp-json\/wp\/v2\/posts\/19709","targetHints":{"allow":["GET"]}}],"collection":[{"href":"https:\/\/adra.org\/fr\/wp-json\/wp\/v2\/posts"}],"about":[{"href":"https:\/\/adra.org\/fr\/wp-json\/wp\/v2\/types\/post"}],"author":[{"embeddable":true,"href":"https:\/\/adra.org\/fr\/wp-json\/wp\/v2\/users\/1"}],"replies":[{"embeddable":true,"href":"https:\/\/adra.org\/fr\/wp-json\/wp\/v2\/comments?post=19709"}],"version-history":[{"count":3,"href":"https:\/\/adra.org\/fr\/wp-json\/wp\/v2\/posts\/19709\/revisions"}],"predecessor-version":[{"id":46278,"href":"https:\/\/adra.org\/fr\/wp-json\/wp\/v2\/posts\/19709\/revisions\/46278"}],"wp:featuredmedia":[{"embeddable":true,"href":"https:\/\/adra.org\/fr\/wp-json\/wp\/v2\/media\/21998"}],"wp:attachment":[{"href":"https:\/\/adra.org\/fr\/wp-json\/wp\/v2\/media?parent=19709"}],"wp:term":[{"taxonomy":"category","embeddable":true,"href":"https:\/\/adra.org\/fr\/wp-json\/wp\/v2\/categories?post=19709"},{"taxonomy":"post_tag","embeddable":true,"href":"https:\/\/adra.org\/fr\/wp-json\/wp\/v2\/tags?post=19709"}],"curies":[{"name":"wp","href":"https:\/\/api.w.org\/{rel}","templated":true}]}}