{"id":19562,"date":"2020-10-13T17:17:24","date_gmt":"2020-10-13T17:17:24","guid":{"rendered":"https:\/\/adra.org\/?p=19562"},"modified":"2026-03-30T15:44:52","modified_gmt":"2026-03-30T15:44:52","slug":"news-release-adventist-church-and-adra-gear-into-second-phase-of-global-education-campaign","status":"publish","type":"post","link":"https:\/\/adra.org\/fr\/news-release-adventist-church-and-adra-gear-into-second-phase-of-global-education-campaign","title":{"rendered":"Communiqu\u00e9 de presse : L'\u00c9glise adventiste et ADRA entament la deuxi\u00e8me phase de la campagne mondiale d'\u00e9ducation"},"content":{"rendered":"<p><em>Les <strong>Chaque enfant. partout. \u00c0 l'\u00e9cole.<\/strong> La campagne encourage l'implication totale des membres par le biais d'un soutien et d'une sensibilisation au niveau local.<\/em><\/p>\n\n\n\n<p>SlLVER SPRING, MD (13 octobre 2020) - L'\u00c9glise adventiste du septi\u00e8me jour et son bras humanitaire mondial, l'Agence adventiste de d\u00e9veloppement et de secours (ADRA), ont annonc\u00e9 aujourd'hui la deuxi\u00e8me phase de l'initiative de la <em>Chaque enfant. partout. \u00c0 l'\u00e9cole<\/em>. au cours des r\u00e9unions mondiales des dirigeants de l'\u00c9glise de cette ann\u00e9e. L'initiative conjointe mobilisera maintenant le soutien des gouvernements dans les pays du monde entier par l'interm\u00e9diaire des plus de 22 millions de membres de l'\u00c9glise adventiste - y compris les individus, les minist\u00e8res de l'\u00c9glise, les \u00e9coles et les partenaires - afin d'influencer un changement positif pour que chaque enfant puisse avoir acc\u00e8s \u00e0 l'\u00e9ducation.<\/p>\n\n\n\n<p><strong>A VOIR : La vid\u00e9o \u201cNext Steps\u201d de l'\u00c9glise adventiste et de l'ADRA en anglais.<\/strong> <a href=\"https:\/\/youtu.be\/9zD_kudXUrA\">Anglais<\/a>, <a href=\"https:\/\/youtu.be\/g5p-yyqQ8Bg\">Espagnol<\/a>, <a href=\"https:\/\/youtu.be\/adug3KHzHdU\">Portugais<\/a>, ou <a href=\"https:\/\/youtu.be\/2UCottohsMU\">Fran\u00e7ais<\/a>. <\/p>\n\n\n\n<p>\u201cLa pand\u00e9mie de COVID-19 a cr\u00e9\u00e9 des d\u00e9fis encore plus grands pour les enfants les plus vuln\u00e9rables. Quatre-vingt-quatorze pour cent de la population \u00e9tudiante mondiale a \u00e9t\u00e9 touch\u00e9e par cette crise. Il est de notre responsabilit\u00e9, en tant qu'\u00c9glise mondiale, de veiller \u00e0 ce que nous prenions soin des enfants comme Dieu prend soin de nous\u201d, d\u00e9clare Ted Wilson, pr\u00e9sident de la Conf\u00e9rence g\u00e9n\u00e9rale des adventistes du septi\u00e8me jour. \u201cL'\u00c9glise adventiste poss\u00e8de l'un des plus grands syst\u00e8mes \u00e9ducatifs chr\u00e9tiens au monde et, avec plus de 22 millions de membres dans le monde, nous avons l'obligation morale et chr\u00e9tienne de veiller \u00e0 ce que chaque enfant, o\u00f9 qu'il soit, ait acc\u00e8s \u00e0 une \u00e9ducation de qualit\u00e9, ind\u00e9pendamment de sa race, de sa religion ou de sa situation.\u201d<\/p>\n\n\n\n<p>La premi\u00e8re phase de l'effort de plaidoyer de base a d\u00e9marr\u00e9 en octobre 2019 avec une campagne de p\u00e9tition visant \u00e0 recueillir un million de signatures en ligne d'ici 2020, afin de sensibiliser et de soutenir les millions d'enfants, d'adolescents et de jeunes dans le monde qui manquent d'\u00e9ducation. Selon le dernier rapport de l'Organisation des Nations unies pour l'\u00e9ducation, la science et la culture (UNESCO), un enfant et un jeune sur cinq ne sont pas scolaris\u00e9s, et la pand\u00e9mie de coronavirus est responsable de la plus grande perturbation de l'histoire, affectant 1,6 milliard d'apprenants dans plus de 190 pays, sur tous les continents.<\/p>\n\n\n\n<p>Les <em>Chaque enfant. Partout. <\/em><em>En<\/em><em> L'\u00e9cole<\/em>. a d\u00e9pass\u00e9 son objectif d'un million de p\u00e9titions en juillet de cette ann\u00e9e. ADRA et les membres des \u00e9glises adventistes de pr\u00e8s de 200 pays d'Afrique, d'Asie, d'Europe, des Am\u00e9riques et du Pacifique Sud se sont engag\u00e9s \u00e0 soutenir la campagne pour appeler les dirigeants mondiaux, les gouvernements locaux et les d\u00e9cideurs \u00e0 prendre des mesures pour am\u00e9liorer l'\u00e9ducation des enfants partout dans le monde.<\/p>\n\n\n\n<p>\u201cNous avons jet\u00e9 les bases de la prochaine phase de cette campagne. Nous avons maintenant une occasion unique de nous concentrer sur un probl\u00e8me qui a touch\u00e9 presque tous les enfants du monde pendant la pand\u00e9mie, un probl\u00e8me qui ne fera que s'aggraver si nous n'agissons pas et ne nous exprimons pas. C'est pourquoi, en partenariat avec l'\u00c9glise adventiste mondiale, nous nous adresserons aux chefs de gouvernement, aux l\u00e9gislateurs et aux citoyens pour plaider en faveur d'investissements accrus dans l'\u00e9ducation et d'un meilleur acc\u00e8s pour tous les enfants, afin qu'ils puissent jouer un r\u00f4le important dans la construction de communaut\u00e9s et de nations saines et prosp\u00e8res\u201d, d\u00e9clare Michael Kruger, pr\u00e9sident de l'ADRA. \u201cIl est temps d'encourager les dirigeants mondiaux et les d\u00e9cideurs politiques \u00e0 valoriser l'\u00e9ducation et \u00e0 apporter les changements n\u00e9cessaires pour r\u00e9pondre aux besoins \u00e9ducatifs des enfants du monde entier. Nous devons travailler ensemble pour permettre aux enfants de r\u00e9ussir \u00e0 l'\u00e9cole et de vivre \u00e0 l'abri de l'exploitation et de la pauvret\u00e9\u201d.\u201d<\/p>\n\n\n\n<p><strong>Plaidoyer en cours : La prochaine phase de l'action de plaidoyer <em>Chaque enfant. partout. \u00c0 l'\u00e9cole<\/em>.<\/strong><\/p>\n\n\n\n<p>La deuxi\u00e8me phase de la <em>Chaque enfant. partout. \u00c0 l'\u00e9cole.<\/em> engagera les membres des \u00e9glises adventistes du monde entier \u00e0 plaider aupr\u00e8s des d\u00e9cideurs politiques pour qu'ils prennent des mesures concr\u00e8tes afin d'atteindre les objectifs en mati\u00e8re d'\u00e9ducation pour les enfants. Dans le cadre de cet effort, la campagne a publi\u00e9 \u201c<strong>Le rapport mondial sur l'\u00e9ducation<\/strong> <strong><em>Chaque enfant. partout. \u00c0 l'\u00e9cole.<\/em> Ce qu'il faut faire\u201d.\u201d <\/strong>qui servira de feuille de route pour aider les gouvernements et les militants \u00e0 identifier les domaines critiques dans lesquels des changements politiques sont n\u00e9cessaires pour am\u00e9liorer l'\u00e9ducation des enfants dans leurs propres communaut\u00e9s. Ces domaines comprennent le financement de l'\u00e9ducation, l'inclusion dans l'\u00e9ducation, la qualit\u00e9 et la r\u00e9tention dans l'\u00e9ducation, et l'impact de l'\u00e9ducation dans les catastrophes naturelles et les crises. T\u00e9l\u00e9charger le rapport <strong><a href=\"https:\/\/adra.org\/fr\/globaleducationreport\/\">ICI<\/a>.<\/strong><\/p>\n\n\n\n<p><strong>Priorit\u00e9s politiques<\/strong><\/p>\n\n\n\n<p>Les trois grandes priorit\u00e9s de la deuxi\u00e8me phase de la campagne porteront sur 1) l'augmentation du financement de l'\u00e9ducation dans les pays en d\u00e9veloppement ; 2) l'augmentation de l'aide \u00e9trang\u00e8re des pays riches pour soutenir l'\u00e9ducation dans les pays \u00e0 faible revenu ; et 3) l'am\u00e9lioration de l'inclusion \u00e9ducative et sociale des \u00e9l\u00e8ves marginalis\u00e9s, en particulier les filles et les enfants handicap\u00e9s.<\/p>\n\n\n\n<p>Plus pr\u00e9cis\u00e9ment, ces recommandations visent \u00e0<\/p>\n\n\n\n<ul class=\"wp-block-list\"><li>Augmenter l'investissement national dans l'\u00e9ducation en veillant \u00e0 ce que les d\u00e9penses respectent les crit\u00e8res de financement minimum : 4 % du produit int\u00e9rieur brut (PIB) et 15 % des d\u00e9penses publiques.<\/li><\/ul>\n\n\n\n<ul class=\"wp-block-list\"><li>Augmenter l'aide \u00e9trang\u00e8re \u00e0 l'\u00e9ducation en la portant \u00e0 0,7 % du revenu national brut (RNB) et en consacrant au moins 10 % \u00e0 l'\u00e9ducation.<\/li><\/ul>\n\n\n\n<ul class=\"wp-block-list\"><li>allouer un minimum de 50 % de l'aide \u00e0 l'\u00e9ducation aux pays \u00e0 faible revenu.<\/li><\/ul>\n\n\n\n<ul class=\"wp-block-list\"><li>Engager des ressources en faveur d'une \u00e9ducation tenant compte du genre et des handicaps, afin de lever les obstacles sociaux et culturels et d'am\u00e9liorer l'int\u00e9gration des enfants marginalis\u00e9s.<\/li><\/ul>\n\n\n\n<p><strong>Ressources de plaidoyer<\/strong><\/p>\n\n\n\n<p>Pour aider les membres adventistes du monde entier \u00e0 soutenir les prochaines \u00e9tapes de cette campagne, ADRA a cr\u00e9\u00e9 un kit de ressources pour les d\u00e9partements minist\u00e9riels des \u00e9glises, les \u00e9glises locales, les groupes de jeunes et les \u00e9coles afin d'\u00e9quiper les partisans de ressources de communication et de plaidoyer pour les pr\u00e9parer \u00e0 plaider aupr\u00e8s des dirigeants locaux et des repr\u00e9sentants \u00e9lus.<\/p>\n\n\n\n<p>Les ressources comprennent<\/p>\n\n\n\n<p><strong>Rapport mondial sur l'\u00e9ducation<\/strong><\/p>\n\n\n\n<ul class=\"wp-block-list\"><li>Ce rapport politique analyse la situation des enfants non scolaris\u00e9s dans le monde et les politiques et actions n\u00e9cessaires pour r\u00e9soudre ce probl\u00e8me.<\/li><li>T\u00e9l\u00e9charger <strong><a href=\"https:\/\/adra.org\/fr\/globaleducationreport\/\">ICI<\/a><\/strong>. <\/li><\/ul>\n\n\n\n<p><strong>L'\u00e9tape suivante : Du soutien \u00e0 l'action<\/strong><\/p>\n\n\n\n<ul class=\"wp-block-list\"><li>Ce guide explique comment les d\u00e9partements minist\u00e9riels, les \u00e9glises locales, les groupes de jeunes et les \u00e9coles peuvent s'impliquer dans la phase 2 de la campagne.<\/li><li>T\u00e9l\u00e9charger - <a href=\"https:\/\/inschool.adra.org\/wp-content\/uploads\/2020\/07\/every-child-next-step-guide.en_.pdf\">Anglais<\/a>; <a href=\"https:\/\/inschool.adra.org\/wp-content\/uploads\/2020\/07\/every-child-next-step-guide.sp_.pdf\">Espagnol ;<\/a> <a href=\"https:\/\/inschool.adra.org\/wp-content\/uploads\/2020\/07\/every-child-next-step-guide.pt_.pdf\">Portugais<\/a>; <a href=\"https:\/\/inschool.adra.org\/wp-content\/uploads\/2020\/07\/every-child-next-step-guide.fr_.pdf\">Fran\u00e7ais<\/a><\/li><\/ul>\n\n\n\n<p><strong>Kit de ressources <\/strong>- T\u00e9l\u00e9charger <a href=\"https:\/\/inschool.adra.org\/wp-content\/uploads\/2020\/10\/every-child-resource-kit.pdf\"><strong>ICI<\/strong><\/a> <\/p>\n\n\n\n<ul class=\"wp-block-list\"><li>\u201cRessources \u201dComment faire<ul><li>Un guide succinct sur la fa\u00e7on de faire pression sur votre politicien pour qu'il obtienne le droit de vote. <em>Chaque enfant. partout. \u00c0 l'\u00e9cole.<\/em> Mouvement<\/li><\/ul><ul><li>Orientations politiques pour la <em>Chaque enfant. partout. \u00c0 l'\u00e9cole. <\/em>Mouvement<\/li><\/ul><ul><li>Comment r\u00e9diger une note d'information politique pour la Commission europ\u00e9enne ? <em>Chaque enfant. partout. \u00c0 l'\u00e9cole.<\/em> Mouvement dans votre pays<ul><li>Exemple de fiche d'information (d'Australie)<\/li><\/ul><\/li><\/ul><ul><li>Guide de r\u00e9daction de lettres pour le <em>Chaque enfant. partout. \u00c0 l'\u00e9cole.<\/em> Mouvement<ul><li>Lettre type<\/li><\/ul><\/li><\/ul><\/li><\/ul>\n\n\n\n<p><strong>Kit m\u00e9dia de la campagne<\/strong> - T\u00e9l\u00e9charger <a href=\"https:\/\/inschool.adra.org\/wp-content\/uploads\/2020\/10\/every-child.campaign-media-kit-2.pdf\"><strong>ICI<\/strong><\/a><\/p>\n\n\n\n<ul class=\"wp-block-list\"><li>Communiqu\u00e9 de presse et mod\u00e8le de communiqu\u00e9 de presse<\/li><li>Vid\u00e9os et photos<\/li><li>Conseils en mati\u00e8re de relations avec les m\u00e9dias<\/li><li>Cas de r\u00e9ussite<\/li><li>Faits et statistiques<\/li><\/ul>\n\n\n\n<p>Pour t\u00e9l\u00e9charger des ressources suppl\u00e9mentaires ou obtenir de plus amples informations sur la <em>Chaque enfant. partout. \u00c0 l'\u00e9cole.<\/em> campagne, visitez le site <a href=\"https:\/\/inschool.adra.org\/resources\">ADRA.org\/InSchool\/Resources<\/a>.<\/p>\n\n\n\n<p><strong>Pour les demandes de renseignements des journalistes uniquement, veuillez envoyer un courriel \u00e0 <a href=\"mailto:press@ADRA.org\">press@ADRA.org<\/a>. <\/strong><\/p>\n\n\n\n<p><strong>LA CAMPAGNE POUR CHAQUE ENFANT<\/strong><\/p>\n\n\n\n<p>Every Child Everywhere in School est un mouvement mondial dirig\u00e9 par des adventistes qui vise \u00e0 ce que chaque enfant, partout dans le monde, aille \u00e0 l'\u00e9cole, ait acc\u00e8s \u00e0 un enseignement primaire et secondaire gratuit, \u00e9quitable et de qualit\u00e9, et ach\u00e8ve sa scolarit\u00e9 afin de pouvoir r\u00e9aliser le potentiel que Dieu lui a donn\u00e9. Pour en savoir plus&nbsp;<a href=\"https:\/\/adra.org\/fr\/InSchool\/\">ADRA.org\/InSchool<\/a>.<\/p>\n\n\n\n<p><strong>\u00c0 PROPOS DE L'\u00c9GLISE ADVENTISTE<\/strong><\/p>\n\n\n\n<p>L'\u00c9glise adventiste du septi\u00e8me jour est une confession chr\u00e9tienne protestante qui se distingue par l'observation du samedi, le septi\u00e8me jour de la semaine dans les calendriers chr\u00e9tien et juif, en tant que sabbat, et par l'accent mis sur l'imminence de la seconde venue (l'av\u00e8nement) de J\u00e9sus-Christ. L'\u00c9glise mondiale est dirig\u00e9e par une Conf\u00e9rence g\u00e9n\u00e9rale et des r\u00e9gions plus petites administr\u00e9es par des divisions, des conf\u00e9rences d'union et des conf\u00e9rences locales. Elle compte actuellement plus de 20 millions de membres baptis\u00e9s et 25 millions d'adh\u00e9rents. Pour en savoir plus&nbsp;<a href=\"https:\/\/www.adventist.org\/\">Adventist.org<\/a>.<\/p>\n\n\n\n<p><strong>A PROPOS DE L'ADRA&nbsp;<\/strong><\/p>\n\n\n\n<p>L'Agence adventiste de d\u00e9veloppement et de secours est le bras humanitaire international de l'\u00c9glise adventiste du septi\u00e8me jour, pr\u00e9sent dans 118 pays. Son travail permet de renforcer les communaut\u00e9s et de changer des vies dans le monde entier en fournissant un d\u00e9veloppement communautaire durable et des secours en cas de catastrophe. L'objectif de l'ADRA est de servir l'humanit\u00e9 afin que tous puissent vivre comme Dieu l'a voulu. Pour plus d'informations, visitez le site&nbsp;<a href=\"https:\/\/adra.org\/fr\/\">ADRA.org<\/a>.<\/p>","protected":false},"excerpt":{"rendered":"<p>L'\u00c9glise adventiste du septi\u00e8me jour et son bras humanitaire mondial, l'Agence adventiste de d\u00e9veloppement et de secours (ADRA), ont annonc\u00e9 aujourd'hui la deuxi\u00e8me phase du programme Every Child. Partout. \u00c0 l'\u00e9cole. au cours des r\u00e9unions mondiales des dirigeants de l'\u00c9glise de cette ann\u00e9e. L'initiative conjointe mobilisera d\u00e9sormais le soutien des gouvernements dans les pays du monde entier par l'interm\u00e9diaire des plus de 22 millions de membres de l'\u00c9glise adventiste - y compris les individus, les minist\u00e8res de l'\u00c9glise, les \u00e9coles et les partenaires - afin d'influencer un changement positif pour que chaque enfant puisse avoir acc\u00e8s \u00e0 l'\u00e9ducation.<\/p>","protected":false},"author":1,"featured_media":19254,"comment_status":"closed","ping_status":"open","sticky":false,"template":"","format":"standard","meta":{"_acf_changed":false,"_eb_attr":"","footnotes":""},"categories":[785,780,594,799,786,1052,614,783,11,782],"tags":[741,774,1079,437,773,1092,873,1125,1124],"class_list":["post-19562","post","type-post","status-publish","format-standard","has-post-thumbnail","hentry","category-africa","category-asia","category-education","category-europe","category-global","category-inter-america","category-news","category-north-america","category-press-release","category-south-america","tag-adventist-church","tag-covid-19","tag-crisis","tag-disability-inclusion","tag-gender","tag-general-conference-gc","tag-justice-compassion-love","tag-michael-kruger","tag-ted-wilson"],"acf":[],"_links":{"self":[{"href":"https:\/\/adra.org\/fr\/wp-json\/wp\/v2\/posts\/19562","targetHints":{"allow":["GET"]}}],"collection":[{"href":"https:\/\/adra.org\/fr\/wp-json\/wp\/v2\/posts"}],"about":[{"href":"https:\/\/adra.org\/fr\/wp-json\/wp\/v2\/types\/post"}],"author":[{"embeddable":true,"href":"https:\/\/adra.org\/fr\/wp-json\/wp\/v2\/users\/1"}],"replies":[{"embeddable":true,"href":"https:\/\/adra.org\/fr\/wp-json\/wp\/v2\/comments?post=19562"}],"version-history":[{"count":15,"href":"https:\/\/adra.org\/fr\/wp-json\/wp\/v2\/posts\/19562\/revisions"}],"predecessor-version":[{"id":46290,"href":"https:\/\/adra.org\/fr\/wp-json\/wp\/v2\/posts\/19562\/revisions\/46290"}],"wp:featuredmedia":[{"embeddable":true,"href":"https:\/\/adra.org\/fr\/wp-json\/wp\/v2\/media\/19254"}],"wp:attachment":[{"href":"https:\/\/adra.org\/fr\/wp-json\/wp\/v2\/media?parent=19562"}],"wp:term":[{"taxonomy":"category","embeddable":true,"href":"https:\/\/adra.org\/fr\/wp-json\/wp\/v2\/categories?post=19562"},{"taxonomy":"post_tag","embeddable":true,"href":"https:\/\/adra.org\/fr\/wp-json\/wp\/v2\/tags?post=19562"}],"curies":[{"name":"wp","href":"https:\/\/api.w.org\/{rel}","templated":true}]}}