{"id":1742,"date":"2015-04-14T18:00:51","date_gmt":"2015-04-14T18:00:51","guid":{"rendered":"https:\/\/adra.org\/?p=1742"},"modified":"2026-04-07T20:36:10","modified_gmt":"2026-04-07T20:36:10","slug":"support-for-victims-of-boko-haram-insurgency","status":"publish","type":"post","link":"https:\/\/adra.org\/fr\/support-for-victims-of-boko-haram-insurgency","title":{"rendered":"Soutien aux victimes de l'insurrection de Boko Haram"},"content":{"rendered":"<h2>ADRA continue de soutenir les victimes de l'insurrection de Boko Haram<\/h2>\n<p>LAGOS, NIGERIA - Il y a un an, l'enl\u00e8vement par Boko Haram de plus de 200 \u00e9coli\u00e8res au Nig\u00e9ria a attir\u00e9 l'attention du monde entier et provoqu\u00e9 la campagne virale #BringBackOurGirls.<\/p>\n<p>Lundi 13 avril, l'UNICEF a annonc\u00e9 que Boko Haram avait \u00e0 ce jour rendu 800 000 enfants et leurs familles sans abri dans le nord du Nig\u00e9ria.<\/p>\n<p>\u201cADRA est en premi\u00e8re ligne de cette crise\u201d, a d\u00e9clar\u00e9 Marie-Jo Guth, responsable des programmes d'ADRA pour les urgences. \u201cNos coll\u00e8gues d'ADRA Nig\u00e9ria font un travail extraordinaire en apportant de la nourriture vitale aux familles qui ont subi les abus les plus brutaux de la part de Boko Haram.\u201d<\/p>\n<p>ADRA distribue de la nourriture \u00e0 environ 1 500 personnes d\u00e9plac\u00e9es \u00e0 l'int\u00e9rieur du pays, fournit un soutien psychosocial \u00e0 100 enfants d\u00e9plac\u00e9s, a fourni une assistance pour aider \u00e0 att\u00e9nuer les maladies diarrh\u00e9iques chez 200 enfants de moins de cinq ans, et a fourni un encadrement pr\u00e9natal \u00e0 30 femmes enceintes dans le camp de Kwana Waya.<\/p>\n<p>Boko Haram a compl\u00e8tement d\u00e9truit des villages entiers, poussant des millions de personnes \u00e0 fuir leur foyer en qu\u00eate de s\u00e9curit\u00e9. L'Agence nationale de gestion des urgences a indiqu\u00e9 en mars qu'il y avait 1,2 million de personnes d\u00e9plac\u00e9es \u00e0 l'int\u00e9rieur du pays au Nig\u00e9ria. Les attaques ont \u00e9galement incit\u00e9 203 000 Nig\u00e9rians et migrants bloqu\u00e9s \u00e0 fuir vers les pays voisins. Dans l'\u00c9tat d'Adamawa au Nigeria, o\u00f9 ADRA travaille, il y a pr\u00e8s de 218 000 personnes d\u00e9plac\u00e9es \u00e0 l'int\u00e9rieur du pays.<\/p>\n<p>Notre travail actuel dans l'\u00c9tat d'Adamawa a \u00e9t\u00e9 difficile en raison de l'acc\u00e8s limit\u00e9 aux routes. Le personnel d'ADRA s'est donn\u00e9 beaucoup de mal, se transportant et transportant du mat\u00e9riel par avion et achetant des v\u00e9hicules localement.<\/p>\n<p>\u201cNotre \u00e9quipe d\u00e9ploie des efforts incroyables et fait preuve d'un grand sens du d\u00e9vouement pour sa mission humanitaire\u201d, a d\u00e9clar\u00e9 M. Guth.<\/p>\n<p><strong>\u00c0 propos de l'ADRA<\/strong><br \/>\nL'Agence adventiste de d\u00e9veloppement et de secours (ADRA) International est le bras humanitaire de l'\u00c9glise adventiste du septi\u00e8me jour. Son travail permet de renforcer les communaut\u00e9s et de changer des vies dans le monde entier en fournissant un d\u00e9veloppement communautaire durable et des secours en cas de catastrophe. Pour plus d'informations, visitez le site ADRA.org.<\/p>","protected":false},"excerpt":{"rendered":"<p>Il y a un an, l'enl\u00e8vement par Boko Haram de plus de 200 \u00e9coli\u00e8res au Nigeria a attir\u00e9 l'attention du monde entier et provoqu\u00e9 la campagne virale #BringBackOurGirls.<\/p>","protected":false},"author":1,"featured_media":1752,"comment_status":"open","ping_status":"open","sticky":false,"template":"","format":"standard","meta":{"_acf_changed":false,"_eb_attr":"","footnotes":""},"categories":[785,957,11],"tags":[1079,6,668,1085,709],"class_list":["post-1742","post","type-post","status-publish","format-standard","has-post-thumbnail","hentry","category-africa","category-nigeria","category-press-release","tag-crisis","tag-disaster-relief","tag-human-trafficking","tag-internally-displaced-persons-idps","tag-mental-health-psychosocial-support-mhpss"],"acf":[],"_links":{"self":[{"href":"https:\/\/adra.org\/fr\/wp-json\/wp\/v2\/posts\/1742","targetHints":{"allow":["GET"]}}],"collection":[{"href":"https:\/\/adra.org\/fr\/wp-json\/wp\/v2\/posts"}],"about":[{"href":"https:\/\/adra.org\/fr\/wp-json\/wp\/v2\/types\/post"}],"author":[{"embeddable":true,"href":"https:\/\/adra.org\/fr\/wp-json\/wp\/v2\/users\/1"}],"replies":[{"embeddable":true,"href":"https:\/\/adra.org\/fr\/wp-json\/wp\/v2\/comments?post=1742"}],"version-history":[{"count":3,"href":"https:\/\/adra.org\/fr\/wp-json\/wp\/v2\/posts\/1742\/revisions"}],"predecessor-version":[{"id":47303,"href":"https:\/\/adra.org\/fr\/wp-json\/wp\/v2\/posts\/1742\/revisions\/47303"}],"wp:featuredmedia":[{"embeddable":true,"href":"https:\/\/adra.org\/fr\/wp-json\/wp\/v2\/media\/1752"}],"wp:attachment":[{"href":"https:\/\/adra.org\/fr\/wp-json\/wp\/v2\/media?parent=1742"}],"wp:term":[{"taxonomy":"category","embeddable":true,"href":"https:\/\/adra.org\/fr\/wp-json\/wp\/v2\/categories?post=1742"},{"taxonomy":"post_tag","embeddable":true,"href":"https:\/\/adra.org\/fr\/wp-json\/wp\/v2\/tags?post=1742"}],"curies":[{"name":"wp","href":"https:\/\/api.w.org\/{rel}","templated":true}]}}