{"id":1163,"date":"2012-04-25T18:46:33","date_gmt":"2012-04-25T18:46:33","guid":{"rendered":"http:\/\/sparkexperience.com\/projects\/adra\/?p=1163"},"modified":"2026-04-22T20:11:01","modified_gmt":"2026-04-22T20:11:01","slug":"world-malaria-day-april-25-2012","status":"publish","type":"post","link":"https:\/\/adra.org\/fr\/world-malaria-day-april-25-2012","title":{"rendered":"Journ\u00e9e mondiale du paludisme 25 avril 2012"},"content":{"rendered":"<h2>Journ\u00e9e mondiale du paludisme : ADRA fait la diff\u00e9rence<\/h2>\n<p>SILVER SPRING, Md - Le 25 avril marque la Journ\u00e9e mondiale du paludisme, une journ\u00e9e r\u00e9serv\u00e9e \u00e0 la comm\u00e9moration des efforts mondiaux de lutte contre cette maladie \u00e9vitable mais mortelle. L'Agence adventiste de d\u00e9veloppement et de secours (ADRA) poursuit son travail pour r\u00e9duire le nombre de personnes infect\u00e9es et tu\u00e9es par le paludisme chaque ann\u00e9e dans le monde.<\/p>\n<p>Cette ann\u00e9e, le th\u00e8me de la Journ\u00e9e mondiale de lutte contre le paludisme, \u201cP\u00e9renniser les progr\u00e8s, sauver des vies : Investir dans la lutte contre le paludisme\u201d, montre que les investissements dans les efforts de lutte contre le paludisme restent essentiels si l'on veut r\u00e9ussir \u00e0 \u00e9radiquer cette maladie.<\/p>\n<p>&#8220;Since 2004, Malaria deaths have declined by nearly a third,&#8221; said United Nations Secretary-General Ban Ki-moon. &#8220;Yet malaria remains a leading killer and continues to suck the lifeblood of economies around the world. At this critical juncture we must intensify our efforts to defeat this disease,&#8221; Ki-moon added.<\/p>\n<p>Dans ses efforts pour \u00e9liminer les d\u00e9c\u00e8s li\u00e9s au paludisme, ADRA d\u00e9veloppe des projets visant \u00e0 mobiliser des communaut\u00e9s enti\u00e8res. Ces projets proposent des cours de formation aux dirigeants communautaires sur les m\u00e9thodes et les techniques permettant de cr\u00e9er un environnement exempt de paludisme. Ces derniers transmettent ensuite ces techniques salvatrices \u00e0 d'autres membres de leur communaut\u00e9, les dotant ainsi des connaissances n\u00e9cessaires pour se prot\u00e9ger eux-m\u00eames, ainsi que leurs enfants, contre la maladie.<\/p>\n<p>&#8220;ADRA remains dedicated in our efforts towards reducing malaria-related deaths, and because of our commitment to this cause, we believe this goal can be achieved,&#8221; said Sonya Funna Evelyn, Senior Technical Advisor for Health at ADRA International. \u00a0&#8220;Through strategic partnerships, and a focus on providing capacity-building support, medication, and bed nets, ADRA is able to address the challenges of malaria, and ultimately work towards its eradication.&#8221;<\/p>\n<p>According to the World Health Organization (WHO), infected mosquitoes are known to predominantly bite between dusk and dawn.\u00a0 ADRA distributes mosquito nets that have proven to be a simple, yet highly effective preventable measure easily employed by beneficiaries. The nets act as an effective barrier between mosquitoes carrying the disease and the human host reducing the level of exposure to possible infection.<\/p>\n<p>Selon l'OMS, les statistiques indiquent que depuis 2000, les taux de mortalit\u00e9 dus au paludisme ont chut\u00e9 de plus de 25 % au niveau mondial et de 33 % en Afrique. Bien que des progr\u00e8s notables aient \u00e9t\u00e9 accomplis dans l'\u00e9limination du paludisme, cette maladie reste dangereusement mortelle, puisqu'elle a co\u00fbt\u00e9 la vie \u00e0 environ 650 000 personnes en 2010. En outre, la plupart des d\u00e9c\u00e8s surviennent chez les enfants vivant en Afrique, o\u00f9 la maladie tue un enfant toutes les 60 secondes.<\/p>\n<p>\u201cLes grandes avanc\u00e9es de ces derni\u00e8res ann\u00e9es montrent que cette bataille peut \u00eatre gagn\u00e9e. Il est temps de terminer le travail. Le succ\u00e8s est trop proche et le co\u00fbt de l'\u00e9chec trop \u00e9lev\u00e9\u201d, a d\u00e9clar\u00e9 M. Ki-moon.<\/p>\n<p>Le 25 avril a \u00e9t\u00e9 d\u00e9clar\u00e9 Journ\u00e9e africaine du paludisme en 2000, mais en 2008, la Journ\u00e9e mondiale du paludisme a \u00e9galement \u00e9t\u00e9 lanc\u00e9e le 25 avril pour comm\u00e9morer le travail accompli dans le monde entier pour lutter contre cette maladie mortelle.<\/p>\n<p>Pour en savoir plus sur le travail d'ADRA qui change des vies, veuillez contacter ADRA au 1.800.424.ADRA (2372) ou faire un don en ligne \u00e0 l'adresse suivante <a href=\"http:\/\/www.arda.org\">www.adra.org<\/a><\/p>\n<p>Suivez ADRA sur <a href=\"https:\/\/twitter.com\/ADRAIntl\">Twitter<\/a> et <a href=\"http:\/\/www.facebook.com\/joinadra\">Facebook<\/a> pour obtenir les derni\u00e8res informations au fur et \u00e0 mesure.<\/p>\n<p>ADRA est une organisation non gouvernementale mondiale qui fournit des services de d\u00e9veloppement communautaire durable et de secours en cas de catastrophe, sans distinction d'appartenance politique ou religieuse, d'\u00e2ge, de sexe, de race ou d'appartenance ethnique.<\/p>\n<p>Pour plus d'informations sur l'ADRA, voir <a href=\"http:\/\/www.arda.org\">www.adra.org<\/a><\/p>","protected":false},"excerpt":{"rendered":"<p>April 25 marks World Malaria Day, a day set aside to commemorate worldwide efforts to control this preventable yet deadly disease.<\/p>","protected":false},"author":1,"featured_media":21998,"comment_status":"open","ping_status":"open","sticky":false,"template":"","format":"standard","meta":{"_acf_changed":false,"_eb_attr":"","footnotes":""},"categories":[786,284,11],"tags":[1023,1138,690,550],"class_list":["post-1163","post","type-post","status-publish","format-standard","has-post-thumbnail","hentry","category-global","category-health","category-press-release","tag-non-food-items-nfis","tag-partner","tag-protection","tag-world-health-organisation-who"],"acf":[],"_links":{"self":[{"href":"https:\/\/adra.org\/fr\/wp-json\/wp\/v2\/posts\/1163","targetHints":{"allow":["GET"]}}],"collection":[{"href":"https:\/\/adra.org\/fr\/wp-json\/wp\/v2\/posts"}],"about":[{"href":"https:\/\/adra.org\/fr\/wp-json\/wp\/v2\/types\/post"}],"author":[{"embeddable":true,"href":"https:\/\/adra.org\/fr\/wp-json\/wp\/v2\/users\/1"}],"replies":[{"embeddable":true,"href":"https:\/\/adra.org\/fr\/wp-json\/wp\/v2\/comments?post=1163"}],"version-history":[{"count":4,"href":"https:\/\/adra.org\/fr\/wp-json\/wp\/v2\/posts\/1163\/revisions"}],"predecessor-version":[{"id":48750,"href":"https:\/\/adra.org\/fr\/wp-json\/wp\/v2\/posts\/1163\/revisions\/48750"}],"wp:featuredmedia":[{"embeddable":true,"href":"https:\/\/adra.org\/fr\/wp-json\/wp\/v2\/media\/21998"}],"wp:attachment":[{"href":"https:\/\/adra.org\/fr\/wp-json\/wp\/v2\/media?parent=1163"}],"wp:term":[{"taxonomy":"category","embeddable":true,"href":"https:\/\/adra.org\/fr\/wp-json\/wp\/v2\/categories?post=1163"},{"taxonomy":"post_tag","embeddable":true,"href":"https:\/\/adra.org\/fr\/wp-json\/wp\/v2\/tags?post=1163"}],"curies":[{"name":"wp","href":"https:\/\/api.w.org\/{rel}","templated":true}]}}