{"id":9307,"date":"2021-08-02T07:00:00","date_gmt":"2021-08-02T07:00:00","guid":{"rendered":"https:\/\/adra.org\/?post_type=stories&#038;p=9307"},"modified":"2026-03-24T14:09:14","modified_gmt":"2026-03-24T14:09:14","slug":"madagascar-damys-story-hunger-crisis","status":"publish","type":"post","link":"https:\/\/adra.org\/es\/madagascar-damys-story-hunger-crisis","title":{"rendered":"Madagascar: La historia de Damy sobre la crisis del hambre"},"content":{"rendered":"<figure class=\"wp-block-image size-large\"><img fetchpriority=\"high\" decoding=\"async\" width=\"1024\" height=\"825\" src=\"https:\/\/adra.org\/wp-content\/uploads\/2021\/08\/Malnutrition-16-Deep-Etch-Edited-1-1-1024x825.jpg\" alt=\"\" class=\"wp-image-21431\" srcset=\"https:\/\/adra.org\/wp-content\/uploads\/2021\/08\/Malnutrition-16-Deep-Etch-Edited-1-1-1024x825.jpg 1024w, https:\/\/adra.org\/wp-content\/uploads\/2021\/08\/Malnutrition-16-Deep-Etch-Edited-1-1-300x242.jpg 300w, https:\/\/adra.org\/wp-content\/uploads\/2021\/08\/Malnutrition-16-Deep-Etch-Edited-1-1-768x618.jpg 768w, https:\/\/adra.org\/wp-content\/uploads\/2021\/08\/Malnutrition-16-Deep-Etch-Edited-1-1-1536x1237.jpg 1536w, https:\/\/adra.org\/wp-content\/uploads\/2021\/08\/Malnutrition-16-Deep-Etch-Edited-1-1-2048x1649.jpg 2048w\" sizes=\"(max-width: 1024px) 100vw, 1024px\" \/><\/figure>\n\n\n\n<h2 class=\"wp-block-heading\">3 aspectos que hacen \u00fanica la crisis del hambre en Madagascar<\/h2>\n\n\n\n<ul class=\"wp-block-list\">\n<li>Los expertos informan<strong> se trata de la primera crisis de hambre de la historia moderna causada por el cambio clim\u00e1tico.<\/strong><\/li>\n\n\n\n<li>Tras cuatro a\u00f1os de sequ\u00edas consecutivas, <strong>las condiciones actuales son las peores que ha vivido el pa\u00eds en 40 a\u00f1os<\/strong>. Miles de familias del sur de Madagascar han alcanzado ya condiciones catastr\u00f3ficas, o de hambruna, y se alimentan de frutos de cactus crudos, hojas silvestres y langostas.<\/li>\n\n\n\n<li><strong>La desnutrici\u00f3n grave en menores de 5 a\u00f1os se duplic\u00f3 en el primer semestre de 2021<\/strong> y ahora est\u00e1 en un impactante 16,5%.<\/li>\n<\/ul>\n\n\n\n<div class=\"wp-block-buttons is-horizontal is-content-justification-center is-layout-flex wp-container-core-buttons-is-layout-03627597 wp-block-buttons-is-layout-flex\"><\/div>\n\n\n\n<h2 class=\"wp-block-heading\">No todas las historias son f\u00e1ciles de escribir y compartir.<\/h2>\n\n\n\n<p>Queremos contarte la historia de Damy, un ni\u00f1o de dos a\u00f1os, y su familia en Madagascar. Sabemos que historias como la suya no siempre son f\u00e1ciles de leer y, para ser sinceros, a nosotros tambi\u00e9n nos cuesta escribirlas.<\/p>\n\n\n\n<p>ADRA no entra y sale r\u00e1pidamente de las vidas de aquellos a quienes servimos. Nuestro personal local tiene a\u00f1os de experiencia en estas comunidades y, para muchos de ellos, est\u00e1 cerca de casa. Cuando nos reciben en comunidades y hogares, dedicamos tiempo a escuchar y conocer a la gente. Cuando nos vamos, nunca dejamos de pensar en ellos y de rezar por ellos.<\/p>\n\n\n\n<p>Nos aseguramos de que cada historia que escribimos sea un recipiente para las personas que quieren que sus experiencias sean escuchadas y compartir con precisi\u00f3n una realidad en circunstancias que no eligieron para s\u00ed mismos.&nbsp;<\/p>\n\n\n\n<h2 class=\"wp-block-heading\">Conoce a Damy<\/h2>\n\n\n\n<figure class=\"wp-block-gallery has-nested-images columns-default is-cropped wp-block-gallery-2 is-layout-flex wp-block-gallery-is-layout-flex\">\n<figure class=\"wp-block-image size-large\"><img decoding=\"async\" width=\"1024\" height=\"646\" data-id=\"21429\" src=\"https:\/\/adra.org\/wp-content\/uploads\/2021\/08\/August-appeal-photo-e1627957306712-1024x646.jpg\" alt=\"\" class=\"wp-image-21429\" srcset=\"https:\/\/adra.org\/wp-content\/uploads\/2021\/08\/August-appeal-photo-e1627957306712-1024x646.jpg 1024w, https:\/\/adra.org\/wp-content\/uploads\/2021\/08\/August-appeal-photo-e1627957306712-300x189.jpg 300w, https:\/\/adra.org\/wp-content\/uploads\/2021\/08\/August-appeal-photo-e1627957306712-768x485.jpg 768w, https:\/\/adra.org\/wp-content\/uploads\/2021\/08\/August-appeal-photo-e1627957306712.jpg 1215w\" sizes=\"(max-width: 1024px) 100vw, 1024px\" \/><\/figure>\n<figcaption class=\"blocks-gallery-caption wp-element-caption\">Damy, de dos a\u00f1os, y su familia viven en Madagascar, donde una catastr\u00f3fica crisis de hambre les ha dejado a ellos y a miles de personas sin alimentos.<\/figcaption><\/figure>\n\n\n\n<p>Cuando uno piensa en un ni\u00f1o de dos a\u00f1os, probablemente se imagina a un peque\u00f1o revoltoso con una energ\u00eda inagotable. Pero Damy es un ni\u00f1o de dos a\u00f1os muy diferente.<\/p>\n\n\n\n<p>El ni\u00f1o vive en el sur de Madagascar con su madre y sus tres hermanos. Las sequ\u00edas consecutivas han dejado esta parte del pa\u00eds casi sin alimentos frescos, y no podr\u00edan permit\u00edrselos si estuvieran disponibles. Mientras les visitamos, los hermanos de Damy comen cactus, unas peque\u00f1as flores verdes y rojas que se encuentran en la espesura que rodea su aldea, y es lo \u00fanico que tienen para comer la mayor\u00eda de los d\u00edas.<\/p>\n\n\n\n<p>Debido a la grave crisis de hambre en la que viven, el desarrollo de Damy es el de un ni\u00f1o de la mitad de su edad. En lugar de correr y jugar como otros ni\u00f1os peque\u00f1os, Damy a menudo no tiene energ\u00eda para mantenerse en pie y sufre dolor y fatiga cuando est\u00e1 de pie.<\/p>\n\n\n\n<p>\u201cMi hijo est\u00e1 enfermo\u201d, dice Soamihery. \u201cSol\u00eda comer tierra y lo enviaron a un centro de salud por desnutrici\u00f3n aguda. Con mi embarazo y el parto, ya no puedo llevarlo\u201d.\u201d<\/p>\n\n\n\n<p>Soamihery, la madre de Damy, se apoya en la pared de barro de la caba\u00f1a de una sola habitaci\u00f3n de la familia, con los ojos apagados por la fatiga cr\u00f3nica y el hambre. Adem\u00e1s de sostener a Damy a su lado, Soamihery sostiene en brazos a su reci\u00e9n nacido, Herico.<\/p>\n\n\n\n<p>Ahora es madre soltera despu\u00e9s de que su marido se fuera al norte a buscar trabajo en las minas de zafiro y nunca regresara. Es consciente de los peligros de la malnutrici\u00f3n y de que su peque\u00f1a familia est\u00e1 en peligro.<\/p>\n\n\n\n<p><strong>\u201cNo tenemos comida\u201d, dice Soamihery. \u201cSi hoy encontramos comida, comemos. Los d\u00edas que no encontramos comida, no comemos\u201d.\u201d<\/strong><\/p>\n\n\n\n<p>El agotamiento de Soamihery es evidente. Est\u00e1 agotada por haber dado a luz al peque\u00f1o Herico s\u00f3lo dos semanas antes. Agotada por amamantar a un ni\u00f1o que necesita tanto y recibe tan poco. Agotada por la lucha diaria de criar sola a su familia.<\/p>\n\n\n\n<p>Soamihery gasta toda la energ\u00eda que puede reunir para alegrar la vida de sus hijos.<\/p>\n\n\n\n<p>\u201cSoy feliz cuando mis hijos se acercan a m\u00ed y estamos todos juntos\u201d, dice Soamihery. \u201cMe gusta cuando llegan a casa despu\u00e9s de jugar y nos re\u00edmos todos juntos. Siempre que salen a jugar son felices, y verlos felices me hace feliz\u201d.\u201d<\/p>\n\n\n\n<p>A pesar de la constante presencia del hambre en sus vidas, la familia sigue encontrando formas de jugar. A la hermana mayor de Damy le gusta tamborilear sobre una vieja lata de aceite vegetal, \u00a1mientras sus amigos se cogen de la mano y bailan!<\/p>\n\n\n\n<p>\u201cHago lo que puedo para criar a mis hijos\u201d, a\u00f1ade con una leve sonrisa. \u201cNo puedo hacer mucho, pero hago lo que puedo\u201d.\u201d <\/p>\n\n\n\n<p><strong>Referencias y recursos:<\/strong><\/p>\n\n\n\n<ul class=\"wp-block-list\">\n<li><a href=\"https:\/\/news.un.org\/en\/story\/2021\/06\/1094632\">https:\/\/news.un.org\/en\/story\/2021\/06\/1094632<\/a><\/li>\n\n\n\n<li><a href=\"https:\/\/reliefweb.int\/report\/madagascar\/don-t-look-other-way-madagascar-grip-drought-and-famine\">https:\/\/reliefweb.int\/report\/madagascar\/don-t-look-other-way-madagascar-grip-drought-and-famine<\/a><\/li>\n\n\n\n<li><a href=\"https:\/\/time.com\/6081919\/famine-climate-change-madagascar\/\">https:\/\/time.com\/6081919\/famine-climate-change-madagascar\/<\/a><\/li>\n<\/ul>\n\n\n\n<div style=\"height:104px\" aria-hidden=\"true\" class=\"wp-block-spacer\"><\/div>","protected":false},"excerpt":{"rendered":"<p>Los expertos informan de que se trata de la primera crisis de hambre de la historia moderna causada por el cambio clim\u00e1tico.<\/p>","protected":false},"author":1,"featured_media":28331,"comment_status":"closed","ping_status":"closed","sticky":false,"template":"","format":"standard","meta":{"_acf_changed":false,"_eb_attr":"","footnotes":""},"categories":[785,615,609,284,819,558],"tags":[1079,873,1137],"class_list":["post-9307","post","type-post","status-publish","format-standard","has-post-thumbnail","hentry","category-africa","category-blog","category-food-assistance","category-health","category-madagascar","category-nutrition","tag-crisis","tag-justice-compassion-love","tag-ways-to-give"],"acf":[],"_links":{"self":[{"href":"https:\/\/adra.org\/es\/wp-json\/wp\/v2\/posts\/9307","targetHints":{"allow":["GET"]}}],"collection":[{"href":"https:\/\/adra.org\/es\/wp-json\/wp\/v2\/posts"}],"about":[{"href":"https:\/\/adra.org\/es\/wp-json\/wp\/v2\/types\/post"}],"author":[{"embeddable":true,"href":"https:\/\/adra.org\/es\/wp-json\/wp\/v2\/users\/1"}],"replies":[{"embeddable":true,"href":"https:\/\/adra.org\/es\/wp-json\/wp\/v2\/comments?post=9307"}],"version-history":[{"count":20,"href":"https:\/\/adra.org\/es\/wp-json\/wp\/v2\/posts\/9307\/revisions"}],"predecessor-version":[{"id":45855,"href":"https:\/\/adra.org\/es\/wp-json\/wp\/v2\/posts\/9307\/revisions\/45855"}],"wp:featuredmedia":[{"embeddable":true,"href":"https:\/\/adra.org\/es\/wp-json\/wp\/v2\/media\/28331"}],"wp:attachment":[{"href":"https:\/\/adra.org\/es\/wp-json\/wp\/v2\/media?parent=9307"}],"wp:term":[{"taxonomy":"category","embeddable":true,"href":"https:\/\/adra.org\/es\/wp-json\/wp\/v2\/categories?post=9307"},{"taxonomy":"post_tag","embeddable":true,"href":"https:\/\/adra.org\/es\/wp-json\/wp\/v2\/tags?post=9307"}],"curies":[{"name":"wp","href":"https:\/\/api.w.org\/{rel}","templated":true}]}}