{"id":8888,"date":"2019-02-25T10:24:30","date_gmt":"2019-02-25T10:24:30","guid":{"rendered":"https:\/\/adra.org\/?p=8888"},"modified":"2026-03-31T20:39:46","modified_gmt":"2026-03-31T20:39:46","slug":"adra-launches-every-child-everywhere-in-school-global-advocacy-campaign","status":"publish","type":"post","link":"https:\/\/adra.org\/es\/adra-launches-every-child-everywhere-in-school-global-advocacy-campaign","title":{"rendered":"ADRA lanza \"Every Child. En todas partes. En la escuela\". Campa\u00f1a mundial de promoci\u00f3n"},"content":{"rendered":"<p><em>Se est\u00e1 recogiendo un mill\u00f3n de firmas para que todos los ni\u00f1os del mundo puedan ir al colegio<\/em><br \/>\n<strong>AMM\u00c1N, JORDANIA\u00a0<\/strong>(25 DE FEBRERO DE 2019) \u2014 La Agencia Adventista de Desarrollo y Ayuda Humanitaria (ADRA) ha anunciado hoy una nueva campa\u00f1a mundial de sensibilizaci\u00f3n titulada \u201cTodos los ni\u00f1os. En todas partes. A la escuela\u201d. La campa\u00f1a es un llamamiento urgente a los l\u00edderes de todo el mundo para que reconozcan que todos los ni\u00f1os, independientemente de su raza, edad, nacionalidad, g\u00e9nero, religi\u00f3n u origen, tienen derecho a recibir y completar una educaci\u00f3n, y que la escolarizaci\u00f3n supone un reconocimiento del valor y el potencial de cada ni\u00f1o en particular.<br \/>\nLa campa\u00f1a tiene como objetivo recoger un mill\u00f3n de firmas para 2020 mediante iniciativas de base en colaboraci\u00f3n con la Iglesia Adventista, y solicitar a los l\u00edderes mundiales que tomen medidas para que los ni\u00f1os reciban una educaci\u00f3n de calidad y vivan libres de la explotaci\u00f3n y de las ataduras de la pobreza intergeneracional. Ya son 131 las oficinas de ADRA de todo el mundo que se han comprometido a apoyar esta campa\u00f1a global.<br \/>\n\u201cCada ni\u00f1o es un hijo de Dios: precioso, \u00fanico y lleno de un potencial incre\u00edble. Sin embargo, la pobreza, los matrimonios precoces, la desigualdad, la discapacidad y muchos otros factores est\u00e1n impidiendo que un n\u00famero inaceptablemente elevado de ni\u00f1os vaya al colegio. Por eso pedimos mayores inversiones en educaci\u00f3n a nivel mundial y un mayor acceso a una educaci\u00f3n de calidad para todos los ni\u00f1os. Es hora de que hagamos de la educaci\u00f3n una prioridad absoluta para que cada ni\u00f1o pueda desarrollar el potencial que Dios le ha dado\u201d, afirma Jonathan Duffy, presidente de ADRA.<br \/>\nUn estudio de la UNESCO de 2018 revel\u00f3 que apenas se han producido avances en la reducci\u00f3n del n\u00famero de ni\u00f1os, adolescentes y j\u00f3venes sin escolarizar desde 2012, y que, desde 2016, m\u00e1s de 262 millones de ni\u00f1os en todo el mundo siguen sin asistir a la escuela. Esto representa casi una quinta parte de la poblaci\u00f3n mundial de este grupo de edad. Adem\u00e1s, seg\u00fan los informes, los elevados niveles de pobreza estaban relacionados con las tasas de desescolarizaci\u00f3n.<br \/>\n\u201cLa campa\u00f1a \u201dEvery Child. Everywhere. In School.\u201c se basa en la larga tradici\u00f3n de la Iglesia Adventista del S\u00e9ptimo D\u00eda de responder a las necesidades de todos los seres humanos, es decir, de defender los derechos humanos, el bienestar de los ni\u00f1os y la protecci\u00f3n e integridad de las familias\u201d, afirma Duffy. \u00abEs un llamamiento a la acci\u00f3n para que todos los simpatizantes se sumen a este movimiento liderado por los adventistas y pongan en pr\u00e1ctica aquellos principios que consideramos v\u00e1lidos\u00bb.\u201d<br \/>\nA lo largo de los a\u00f1os, ADRA ha sido una firme defensora de diversas causas de justicia social, entre las que se incluyen la colaboraci\u00f3n con comunidades religiosas para promover el apoyo a los refugiados, los migrantes y las personas desplazadas con motivo del D\u00eda Mundial de los Refugiados y el S\u00e1bado Mundial de los Refugiados, la prestaci\u00f3n de asistencia a familias vulnerables a trav\u00e9s de iniciativas de ayuda de emergencia y la mejora del acceso a los ni\u00f1os afectados por el desplazamiento. ADRA tambi\u00e9n ha impulsado la lucha para poner fin a la violencia contra las mujeres y las ni\u00f1as, habiendo apoyado la campa\u00f1a \u201cEnd It Now\u201d, encabezada por el Departamento de Ministerios de la Mujer de la Iglesia Adventista del S\u00e9ptimo D\u00eda.<br \/>\n<strong>Para firmar la petici\u00f3n<\/strong>, visite <a href=\"https:\/\/inschool.adra.org\/petition\">ADRA.org\/InSchool<\/a>.<br \/>\n<strong>Para obtener m\u00e1s informaci\u00f3n y\/o reservas<\/strong><strong>fuentes<\/strong>, visite <a href=\"https:\/\/inschool.adra.org\/resources\">ADRA.org\/InSchool\/Resources<\/a>.<br \/>\n<strong>Ver el v\u00eddeo de la campa\u00f1a<\/strong> <a href=\"https:\/\/www.youtube.com\/watch?v=J5SNaeqUQIk\">aqu\u00ed<\/a>.<\/p>","protected":false},"excerpt":{"rendered":"<p>La Agencia Adventista de Desarrollo y Recursos Asistenciales (ADRA) ha anunciado hoy una nueva campa\u00f1a mundial de promoci\u00f3n, \u201cEvery Child. En todas partes. En la escuela\u201d.\u201d<\/p>","protected":false},"author":1,"featured_media":8889,"comment_status":"open","ping_status":"open","sticky":false,"template":"","format":"standard","meta":{"_acf_changed":false,"_eb_attr":"","footnotes":""},"categories":[1055,815,784,11],"tags":[996,1136,301],"class_list":["post-8888","post","type-post","status-publish","format-standard","has-post-thumbnail","hentry","category-advocacy-policy","category-jordan","category-middle-east-north-africa","category-press-release","tag-advocacy","tag-every-child-everywhere-in-school","tag-social-justice"],"acf":[],"_links":{"self":[{"href":"https:\/\/adra.org\/es\/wp-json\/wp\/v2\/posts\/8888","targetHints":{"allow":["GET"]}}],"collection":[{"href":"https:\/\/adra.org\/es\/wp-json\/wp\/v2\/posts"}],"about":[{"href":"https:\/\/adra.org\/es\/wp-json\/wp\/v2\/types\/post"}],"author":[{"embeddable":true,"href":"https:\/\/adra.org\/es\/wp-json\/wp\/v2\/users\/1"}],"replies":[{"embeddable":true,"href":"https:\/\/adra.org\/es\/wp-json\/wp\/v2\/comments?post=8888"}],"version-history":[{"count":4,"href":"https:\/\/adra.org\/es\/wp-json\/wp\/v2\/posts\/8888\/revisions"}],"predecessor-version":[{"id":46583,"href":"https:\/\/adra.org\/es\/wp-json\/wp\/v2\/posts\/8888\/revisions\/46583"}],"wp:featuredmedia":[{"embeddable":true,"href":"https:\/\/adra.org\/es\/wp-json\/wp\/v2\/media\/8889"}],"wp:attachment":[{"href":"https:\/\/adra.org\/es\/wp-json\/wp\/v2\/media?parent=8888"}],"wp:term":[{"taxonomy":"category","embeddable":true,"href":"https:\/\/adra.org\/es\/wp-json\/wp\/v2\/categories?post=8888"},{"taxonomy":"post_tag","embeddable":true,"href":"https:\/\/adra.org\/es\/wp-json\/wp\/v2\/tags?post=8888"}],"curies":[{"name":"wp","href":"https:\/\/api.w.org\/{rel}","templated":true}]}}