{"id":7184,"date":"2017-06-19T20:58:45","date_gmt":"2017-06-19T20:58:45","guid":{"rendered":"https:\/\/adra.org\/?p=7184"},"modified":"2026-04-01T17:55:05","modified_gmt":"2026-04-01T17:55:05","slug":"adras-2017-world-refugee-day-statement","status":"publish","type":"post","link":"https:\/\/adra.org\/es\/adras-2017-world-refugee-day-statement","title":{"rendered":"Declaraci\u00f3n de ADRA en el D\u00eda Mundial de los Refugiados 2017"},"content":{"rendered":"<p>Durante d\u00e9cadas, la Agencia Adventista de Desarrollo y Recursos Asistenciales (ADRA), que act\u00faa como brazo humanitario de la Iglesia Adventista del S\u00e9ptimo D\u00eda, ha defendido los derechos y el bienestar de las personas desplazadas por conflictos y persecuciones: hombres, mujeres y ni\u00f1os de todas las religiones, etnias y nacionalidades que han sobrevivido a penurias, terror y p\u00e9rdidas indecibles.<\/p>\n<p>Solo en 2016, m\u00e1s de 1,5 millones de refugiados, desplazados internos y ap\u00e1tridas de unos 40 pa\u00edses recibieron refugio, alimentos, agua potable, art\u00edculos de higiene, acceso a la educaci\u00f3n, apoyo psicosocial y otros servicios a trav\u00e9s de ADRA, como parte de nuestra misi\u00f3n de amar y ayudar a los m\u00e1s vulnerables en sus momentos de mayor necesidad.<\/p>\n<p>Con motivo del D\u00eda Mundial del Refugiado (20 de junio) de 2017, m\u00e1s de 65 millones de personas siguen desplazadas en todo el mundo, seg\u00fan la Agencia de la ONU para los Refugiados (ACNUR). Aproximadamente 22,5 millones de ellos son refugiados. Para ADRA, estas cifras significan una cosa: no podemos permitirnos flaquear en nuestra respuesta para ayudar a los desplazados por conflictos, persecuciones o desastres.<\/p>\n<p>En estos tiempos de necesidad abrumadora, elogiamos a las naciones que se han levantado para hacer frente a la necesidad ampliando los programas de reasentamiento de refugiados y contribuyendo econ\u00f3micamente a los esfuerzos mundiales en favor de los refugiados. Animamos a todas las naciones a seguir trabajando juntas para defender los derechos y la dignidad de los refugiados en todo el mundo. Hacemos este llamamiento en un momento en que los refugiados y otros inmigrantes de todo el mundo son cada vez m\u00e1s el blanco de discursos de odio y actos despreciables de crueldad a causa de su religi\u00f3n, etnia o nacionalidad.<\/p>\n<p>Hoy, ADRA reafirma su compromiso de acoger y ayudar a los necesitados. No nos guiaremos por conveniencias pol\u00edticas ni por la opini\u00f3n p\u00fablica, sino que seguiremos nuestra fe y nuestra conciencia, que est\u00e1n por encima de todas las cosas.<\/p>\n<p>Cuando vemos a un refugiado, vemos a un ser humano rebosante de esperanzas, sue\u00f1os y potencial sin explotar. Cada persona tiene valor, porque cada una de ellas es hija de Dios.<\/p>\n<p>En un momento de necesidad sin precedentes, es imperativo que permanezcamos unidos, no en el odio y el miedo, sino en el amor y la compasi\u00f3n, para trabajar juntos y poner fin al sufrimiento humano en todo el mundo.<\/p>\n<p>ADRA quiere dar las gracias a los numerosos colaboradores -donantes individuales, iglesias, voluntarios, organizaciones sin \u00e1nimo de lucro y socios gubernamentales- que han trabajado codo con codo con nosotros cada d\u00eda para garantizar que quienes se han visto obligados a abandonar sus hogares puedan volver a vivir una vida de seguridad, paz y pertenencia.<\/p>","protected":false},"excerpt":{"rendered":"<p>Durante d\u00e9cadas, la Agencia Adventista de Desarrollo y Recursos Asistenciales (ADRA), que act\u00faa como brazo humanitario de la Iglesia Adventista del S\u00e9ptimo D\u00eda, ha defendido los derechos y el bienestar de las personas desplazadas por conflictos y persecuciones: hombres, mujeres y ni\u00f1os de todas las religiones, etnias y nacionalidades que han sobrevivido a penurias, terror y p\u00e9rdidas indecibles.<\/p>","protected":false},"author":1,"featured_media":7185,"comment_status":"open","ping_status":"open","sticky":false,"template":"","format":"standard","meta":{"_acf_changed":false,"_eb_attr":"","footnotes":""},"categories":[11,617],"tags":[741,1175,1085,709,355,383,419],"class_list":["post-7184","post","type-post","status-publish","format-standard","has-post-thumbnail","hentry","category-press-release","category-statement","tag-adventist-church","tag-clean-water","tag-internally-displaced-persons-idps","tag-mental-health-psychosocial-support-mhpss","tag-refugees","tag-united-nations-un","tag-world-refugee-day"],"acf":[],"_links":{"self":[{"href":"https:\/\/adra.org\/es\/wp-json\/wp\/v2\/posts\/7184","targetHints":{"allow":["GET"]}}],"collection":[{"href":"https:\/\/adra.org\/es\/wp-json\/wp\/v2\/posts"}],"about":[{"href":"https:\/\/adra.org\/es\/wp-json\/wp\/v2\/types\/post"}],"author":[{"embeddable":true,"href":"https:\/\/adra.org\/es\/wp-json\/wp\/v2\/users\/1"}],"replies":[{"embeddable":true,"href":"https:\/\/adra.org\/es\/wp-json\/wp\/v2\/comments?post=7184"}],"version-history":[{"count":3,"href":"https:\/\/adra.org\/es\/wp-json\/wp\/v2\/posts\/7184\/revisions"}],"predecessor-version":[{"id":46833,"href":"https:\/\/adra.org\/es\/wp-json\/wp\/v2\/posts\/7184\/revisions\/46833"}],"wp:featuredmedia":[{"embeddable":true,"href":"https:\/\/adra.org\/es\/wp-json\/wp\/v2\/media\/7185"}],"wp:attachment":[{"href":"https:\/\/adra.org\/es\/wp-json\/wp\/v2\/media?parent=7184"}],"wp:term":[{"taxonomy":"category","embeddable":true,"href":"https:\/\/adra.org\/es\/wp-json\/wp\/v2\/categories?post=7184"},{"taxonomy":"post_tag","embeddable":true,"href":"https:\/\/adra.org\/es\/wp-json\/wp\/v2\/tags?post=7184"}],"curies":[{"name":"wp","href":"https:\/\/api.w.org\/{rel}","templated":true}]}}