{"id":6482,"date":"2016-10-03T14:10:20","date_gmt":"2016-10-03T14:10:20","guid":{"rendered":"https:\/\/adra.org\/?p=6482"},"modified":"2026-04-14T20:50:54","modified_gmt":"2026-04-14T20:50:54","slug":"hurricane-matthew-adra-disaster-preparation-underway","status":"publish","type":"post","link":"https:\/\/adra.org\/es\/hurricane-matthew-adra-disaster-preparation-underway","title":{"rendered":"Hait\u00ed al d\u00eda: Contin\u00faa la respuesta al hurac\u00e1n Matthew"},"content":{"rendered":"<h2>Todav\u00eda se necesitan donativos para el fondo de emergencia de ADRA mientras contin\u00faa la respuesta al hurac\u00e1n Matthew.<\/h2>\n<p>La friolera de 2,1 millones de personas se han visto gravemente afectadas por los efectos del hurac\u00e1n Matthew, entre ellas cerca de 900.000 ni\u00f1os. Solo en Hait\u00ed, unos 1.000 perdieron la vida a causa de la tormenta.<\/p>\n<p>Para cualquier pa\u00eds, esto es enorme. Para un pa\u00eds que ya est\u00e1 de rodillas, es devastador.<\/p>\n<p>ADRA est\u00e1 en acci\u00f3n, proporcionando ayuda urgente a los cientos de miles de personas m\u00e1s afectadas por el hurac\u00e1n. Tu apoyo nos est\u00e1 ayudando a proporcionar recursos para lo siguiente:<\/p>\n<ul>\n<li>Acceso a fuentes de agua potable<\/li>\n<li>Prevenci\u00f3n del c\u00f3lera<\/li>\n<li>Kits de higiene<\/li>\n<li>Suministros de refugio<\/li>\n<li>Alimentos de emergencia<\/li>\n<\/ul>\n<p><strong>En una cat\u00e1strofe de esta magnitud en un pa\u00eds pobre, los recursos se agotar\u00e1n r\u00e1pidamente.<\/strong> Pedimos a nuestros simpatizantes y a los miembros de la familia de la Iglesia Adventista del S\u00e9ptimo D\u00eda que hagan sus donaciones ahora para apoyar el fondo de respuesta de emergencia de ADRA, de modo que nuestras acciones puedan seguir satisfaciendo las necesidades de quienes viven en Hait\u00ed y en otros pa\u00edses en crisis.<\/p>\n<p><strong>\u00bfQu\u00e9 puede aportar su donaci\u00f3n de emergencia?<\/strong><\/p>\n<ul>\n<li>$20 puede ayudar a prevenir la propagaci\u00f3n del c\u00f3lera suministrando un kit de higiene para una familia de cinco miembros.<\/li>\n<li>$50 puede proporcionar comida y agua a una familia de cinco miembros durante una semana<\/li>\n<li>$120 puede proporcionar alimentos, agua y art\u00edculos de higiene para dos semanas a una familia de cinco miembros.<\/li>\n<li>$500 puede ayudar a proporcionar refugio<\/li>\n<\/ul>","protected":false},"excerpt":{"rendered":"<p>La friolera de 2,1 millones de personas se han visto gravemente afectadas por los efectos del hurac\u00e1n Matthew, entre ellas cerca de 900.000 ni\u00f1os. Solo en Hait\u00ed, unos 1.000 perdieron la vida a causa de la tormenta.<\/p>","protected":false},"author":1,"featured_media":34668,"comment_status":"open","ping_status":"open","sticky":false,"template":"","format":"standard","meta":{"_acf_changed":false,"_eb_attr":"","footnotes":""},"categories":[590,930,1052],"tags":[6,8,29,401,1137],"class_list":["post-6482","post","type-post","status-publish","format-standard","has-post-thumbnail","hentry","category-emergency","category-haiti","category-inter-america","tag-disaster-relief","tag-emergency-response","tag-hurricane","tag-hurricane-matthew","tag-ways-to-give"],"acf":[],"_links":{"self":[{"href":"https:\/\/adra.org\/es\/wp-json\/wp\/v2\/posts\/6482","targetHints":{"allow":["GET"]}}],"collection":[{"href":"https:\/\/adra.org\/es\/wp-json\/wp\/v2\/posts"}],"about":[{"href":"https:\/\/adra.org\/es\/wp-json\/wp\/v2\/types\/post"}],"author":[{"embeddable":true,"href":"https:\/\/adra.org\/es\/wp-json\/wp\/v2\/users\/1"}],"replies":[{"embeddable":true,"href":"https:\/\/adra.org\/es\/wp-json\/wp\/v2\/comments?post=6482"}],"version-history":[{"count":5,"href":"https:\/\/adra.org\/es\/wp-json\/wp\/v2\/posts\/6482\/revisions"}],"predecessor-version":[{"id":48123,"href":"https:\/\/adra.org\/es\/wp-json\/wp\/v2\/posts\/6482\/revisions\/48123"}],"wp:featuredmedia":[{"embeddable":true,"href":"https:\/\/adra.org\/es\/wp-json\/wp\/v2\/media\/34668"}],"wp:attachment":[{"href":"https:\/\/adra.org\/es\/wp-json\/wp\/v2\/media?parent=6482"}],"wp:term":[{"taxonomy":"category","embeddable":true,"href":"https:\/\/adra.org\/es\/wp-json\/wp\/v2\/categories?post=6482"},{"taxonomy":"post_tag","embeddable":true,"href":"https:\/\/adra.org\/es\/wp-json\/wp\/v2\/tags?post=6482"}],"curies":[{"name":"wp","href":"https:\/\/api.w.org\/{rel}","templated":true}]}}