{"id":6370,"date":"2016-08-19T14:15:46","date_gmt":"2016-08-19T14:15:46","guid":{"rendered":"https:\/\/adra.org\/?p=6370"},"modified":"2026-04-14T21:11:39","modified_gmt":"2026-04-14T21:11:39","slug":"adra-responding-to-earthquake-in-peru","status":"publish","type":"post","link":"https:\/\/adra.org\/es\/adra-responding-to-earthquake-in-peru","title":{"rendered":"ADRA responde al terremoto de Per\u00fa"},"content":{"rendered":"<h2>ADRA Per\u00fa ha formado un Equipo de Primera Respuesta y est\u00e1 dando respuesta de emergencia en Arequipa, Per\u00fa, despu\u00e9s de que un terremoto de 5,4 grados sacudiera la regi\u00f3n.<\/h2>\n<p>El terremoto se produjo el 14 de agosto y afect\u00f3 a cerca de 2.000 familias. 1.074 casas son inhabitables y cerca de 400 se han derrumbado por completo.<\/p>\n<p>Poco despu\u00e9s del terremoto, el Equipo de Primera Respuesta de ADRA Per\u00fa sirvi\u00f3 518 comidas calientes a los damnificados y activ\u00f3 una campa\u00f1a medi\u00e1tica para recoger donaciones materiales de la comunidad local.<\/p>\n<p>ADRA Per\u00fa tambi\u00e9n distribuir\u00e1 kits de suministros dom\u00e9sticos en la comunidad para aquellos que han perdido sus pertenencias.<\/p>","protected":false},"excerpt":{"rendered":"<p>El terremoto se produjo el 14 de agosto y afect\u00f3 a cerca de 2.000 familias. 1.074 casas son inhabitables y cerca de 400 se han derrumbado por completo.<\/p>","protected":false},"author":1,"featured_media":21998,"comment_status":"open","ping_status":"open","sticky":false,"template":"","format":"standard","meta":{"_acf_changed":false,"_eb_attr":"","footnotes":""},"categories":[590,871,782],"tags":[6,833],"class_list":["post-6370","post","type-post","status-publish","format-standard","has-post-thumbnail","hentry","category-emergency","category-peru","category-south-america","tag-disaster-relief","tag-emergency-response-team-ert"],"acf":[],"_links":{"self":[{"href":"https:\/\/adra.org\/es\/wp-json\/wp\/v2\/posts\/6370","targetHints":{"allow":["GET"]}}],"collection":[{"href":"https:\/\/adra.org\/es\/wp-json\/wp\/v2\/posts"}],"about":[{"href":"https:\/\/adra.org\/es\/wp-json\/wp\/v2\/types\/post"}],"author":[{"embeddable":true,"href":"https:\/\/adra.org\/es\/wp-json\/wp\/v2\/users\/1"}],"replies":[{"embeddable":true,"href":"https:\/\/adra.org\/es\/wp-json\/wp\/v2\/comments?post=6370"}],"version-history":[{"count":5,"href":"https:\/\/adra.org\/es\/wp-json\/wp\/v2\/posts\/6370\/revisions"}],"predecessor-version":[{"id":48133,"href":"https:\/\/adra.org\/es\/wp-json\/wp\/v2\/posts\/6370\/revisions\/48133"}],"wp:featuredmedia":[{"embeddable":true,"href":"https:\/\/adra.org\/es\/wp-json\/wp\/v2\/media\/21998"}],"wp:attachment":[{"href":"https:\/\/adra.org\/es\/wp-json\/wp\/v2\/media?parent=6370"}],"wp:term":[{"taxonomy":"category","embeddable":true,"href":"https:\/\/adra.org\/es\/wp-json\/wp\/v2\/categories?post=6370"},{"taxonomy":"post_tag","embeddable":true,"href":"https:\/\/adra.org\/es\/wp-json\/wp\/v2\/tags?post=6370"}],"curies":[{"name":"wp","href":"https:\/\/api.w.org\/{rel}","templated":true}]}}