{"id":571,"date":"2014-10-01T12:00:56","date_gmt":"2014-10-01T12:00:56","guid":{"rendered":"http:\/\/sparkexperience.com\/projects\/adra\/?p=571"},"modified":"2026-04-15T20:17:16","modified_gmt":"2026-04-15T20:17:16","slug":"adra-presents-response-ebola-nalaa-conference","status":"publish","type":"post","link":"https:\/\/adra.org\/es\/adra-presents-response-ebola-nalaa-conference","title":{"rendered":"ADRA presenta su respuesta al \u00e9bola en la conferencia NALAA"},"content":{"rendered":"<h2>El 26 de septiembre, la Asociaci\u00f3n Adventista de Liberia de Am\u00e9rica del Norte (NALAA) puso en marcha su Cuarta Convenci\u00f3n Bienal para hacer frente a la propagaci\u00f3n del \u00e9bola, recaudar fondos y apoyarse mutuamente mediante la oraci\u00f3n.<\/h2>\n<p>\u201cHemos venido a humillarnos ante Dios\u201d, dijo el orador principal, Matthew Kamara.  \u201cDebemos tender la mano con fe\u201d.\u201d<\/p>\n<p>Como pastor de la Iglesia Adventista del S\u00e9ptimo D\u00eda Pilgrims, Kamara conoce la fe, la predica y cita textos b\u00edblicos como prueba.  Pero ahora, con su mujer y sus dos hijos viviendo en uno de los peores focos de \u00e9bola, su propia vida es una prueba, y se aferra a esos mismos textos como apoyo.<\/p>\n<p>\u201cAnte Dios todos somos iguales\u201d, predicaba.  \u201cNo importa d\u00f3nde est\u00e9s.  No importa qui\u00e9n seas\u201d.\u201d<\/p>\n<p>Para muchos liberianos que sienten que la epidemia de \u00e9bola no se est\u00e1 abordando adecuadamente, un mensaje as\u00ed supone un consuelo.<\/p>\n<p>\u201cEl \u00e9bola en Liberia no es un problema de Liberia\u201d, dijo Ezax Smith, presidente de la Asociaci\u00f3n de Liberia de Maryland.  \u201cEs un problema mundial\u201d.\u201d<\/p>\n<p>\u201cEstamos en crisis\u201d, a\u00f1adi\u00f3 John Flomo, presidente de la NALAA.  \u201cAunque no te encuentres en el punto caliente, incluso aqu\u00ed en Estados Unidos, estamos en crisis\u201d.\u201d<\/p>\n<p>Para combatir esta crisis, la Agencia Adventista de Desarrollo y Recursos Asistenciales (ADRA) sigue proporcionando ayuda monetaria y log\u00edstica.  David Holdsworth, Director Asociado de Adquisiciones de Material, habl\u00f3 en la conferencia, describiendo la respuesta al \u00c9bola m\u00e1s actualizada de ADRA.<\/p>\n<p>\u201cNos hemos asociado con GlobalMedic para enviar $92.000 en equipos y suministros\u201d, dijo Holdsworth.  \u201cEstamos trabajando con otras agencias y con el Ministerio de Salud y Bienestar Social de Liberia para proporcionar ayuda\u201d.\u201d<\/p>\n<p>Aunque se ha hecho mucho para acabar con el peor brote de \u00e9bola de la historia, a\u00fan queda mucho por hacer.<\/p>\n<p>\u201cEl \u00e9bola no necesita visado para viajar\u201d, concluy\u00f3 Kamara.  \u201cTodo el mundo debe unirse a la lucha\u201d.\u201d<\/p>","protected":false},"excerpt":{"rendered":"<p>El 26 de septiembre, la Asociaci\u00f3n Adventista de Liberia de Am\u00e9rica del Norte (NALAA) puso en marcha su Cuarta Convenci\u00f3n Bienal para hacer frente a la propagaci\u00f3n del \u00e9bola, recaudar fondos y apoyarse mutuamente mediante la oraci\u00f3n.<\/p>","protected":false},"author":1,"featured_media":21998,"comment_status":"open","ping_status":"open","sticky":false,"template":"","format":"standard","meta":{"_acf_changed":false,"_eb_attr":"","footnotes":""},"categories":[785,943,11],"tags":[741,1079,340,690],"class_list":["post-571","post","type-post","status-publish","format-standard","has-post-thumbnail","hentry","category-africa","category-liberia","category-press-release","tag-adventist-church","tag-crisis","tag-ebola","tag-protection"],"acf":[],"_links":{"self":[{"href":"https:\/\/adra.org\/es\/wp-json\/wp\/v2\/posts\/571","targetHints":{"allow":["GET"]}}],"collection":[{"href":"https:\/\/adra.org\/es\/wp-json\/wp\/v2\/posts"}],"about":[{"href":"https:\/\/adra.org\/es\/wp-json\/wp\/v2\/types\/post"}],"author":[{"embeddable":true,"href":"https:\/\/adra.org\/es\/wp-json\/wp\/v2\/users\/1"}],"replies":[{"embeddable":true,"href":"https:\/\/adra.org\/es\/wp-json\/wp\/v2\/comments?post=571"}],"version-history":[{"count":2,"href":"https:\/\/adra.org\/es\/wp-json\/wp\/v2\/posts\/571\/revisions"}],"predecessor-version":[{"id":48404,"href":"https:\/\/adra.org\/es\/wp-json\/wp\/v2\/posts\/571\/revisions\/48404"}],"wp:featuredmedia":[{"embeddable":true,"href":"https:\/\/adra.org\/es\/wp-json\/wp\/v2\/media\/21998"}],"wp:attachment":[{"href":"https:\/\/adra.org\/es\/wp-json\/wp\/v2\/media?parent=571"}],"wp:term":[{"taxonomy":"category","embeddable":true,"href":"https:\/\/adra.org\/es\/wp-json\/wp\/v2\/categories?post=571"},{"taxonomy":"post_tag","embeddable":true,"href":"https:\/\/adra.org\/es\/wp-json\/wp\/v2\/tags?post=571"}],"curies":[{"name":"wp","href":"https:\/\/api.w.org\/{rel}","templated":true}]}}