{"id":555,"date":"2014-06-07T12:00:44","date_gmt":"2014-06-07T12:00:44","guid":{"rendered":"http:\/\/sparkexperience.com\/projects\/adra\/?p=555"},"modified":"2026-04-13T14:49:35","modified_gmt":"2026-04-13T14:49:35","slug":"adra-hosts-candlelight-vigil-commemorate-world-refugee-day","status":"publish","type":"post","link":"https:\/\/adra.org\/es\/adra-hosts-candlelight-vigil-commemorate-world-refugee-day","title":{"rendered":"ADRA organiza una vigilia con velas para conmemorar el D\u00eda Mundial de los Refugiados"},"content":{"rendered":"<h2>Este viernes 20 de junio a las 20.00 horas, ADRA Internacional celebrar\u00e1 su vigilia con velas \u201cIlumina el camino a casa\u201d para conmemorar el D\u00eda Mundial del Refugiado de las Naciones Unidas.<\/h2>\n<p>El acto tendr\u00e1 lugar en la Conferencia General de los Adventistas del S\u00e9ptimo D\u00eda, cerca del estanque, y contar\u00e1 con la actuaci\u00f3n de Alison Brook, cantautora cristiana.<\/p>\n<p>El acto est\u00e1 abierto al p\u00fablico, y ADRA da la bienvenida a cualquiera que desee asistir y concienciar sobre las necesidades de los refugiados este viernes por la noche.<\/p>\n<p>Se calcula que hay <strong>15 millones de hombres, mujeres y ni\u00f1os acompa\u00f1ados desplazados<\/strong> que se han visto obligados a abandonar sus hogares y cruzar fronteras para evitar la persecuci\u00f3n y la violencia brutal. A menudo, los refugiados luchan por sobrevivir fuera de sus pa\u00edses de origen. Hoy, los refugiados de las regiones que rodean Sud\u00e1n del Sur y la Rep\u00fablica Centroafricana se preparan para afrontar la hambruna m\u00e1s devastadora que el mundo ha visto en 25 a\u00f1os. La temporada de lluvias se acerca y amenaza con destruir lo que queda de las cosechas de la regi\u00f3n. Adem\u00e1s de los refugiados, hay m\u00e1s de <strong>33 millones de desplazados internos<\/strong> (PDI) que se refugian en sus propios pa\u00edses.<\/p>\n<p>Con su vigilia a la luz de las velas \u201cIlumina el camino a casa\u201d, ADRA espera arrojar luz sobre el problema de los refugiados y ayudar a recaudar $1 millones para responder a sus necesidades urgentes con alimentos, agua limpia y potable, art\u00edculos de higiene, atenci\u00f3n sanitaria y otros recursos.<\/p>\n<p>Las iglesias interesadas en celebrar su propia vigilia con velas por los refugiados disponen de los siguientes recursos <a href=\"https:\/\/secure2.convio.net\/ccadra\/site\/PageNavigator\/world_refugee_day_2014.html\">aqu\u00ed<\/a> para descargar o enviar por correo electr\u00f3nico <a href=\"mailto:vilasheree@adra.org\">vilasheree@adra.org<\/a> para m\u00e1s informaci\u00f3n.<\/p>\n<p><strong>Qu\u00e9: <\/strong>Vigilia con velas \"Ilumina el camino a casa<\/p>\n<p><strong>D\u00f3nde: <\/strong>Conferencia General de los Adventistas del S\u00e9ptimo D\u00eda, cerca del estanque<\/p>\n<p><strong>Cu\u00e1ndo: <\/strong>Viernes 20 de junio, 20.00 h.<\/p>\n<p><strong>Admisi\u00f3n: <\/strong>Abierto al p\u00fablico<\/p>\n<p><strong>M\u00e1s informaci\u00f3n:<\/strong> <a href=\"https:\/\/secure2.convio.net\/ccadra\/site\/PageNavigator\/world_refugee_day_2014.html\">ADRA.org\/refugeeday<\/a> o por correo electr\u00f3nico <a href=\"mailto:vilasheree@adra.org\">vilasheree@adra.org<\/a><\/p>","protected":false},"excerpt":{"rendered":"<p>El acto tendr\u00e1 lugar en la Conferencia General de los Adventistas del S\u00e9ptimo D\u00eda, cerca del estanque, y contar\u00e1 con la actuaci\u00f3n de Alison Brook, cantautora cristiana.<\/p>","protected":false},"author":1,"featured_media":38831,"comment_status":"open","ping_status":"open","sticky":false,"template":"","format":"standard","meta":{"_acf_changed":false,"_eb_attr":"","footnotes":""},"categories":[11],"tags":[1092,873,355,383,419],"class_list":["post-555","post","type-post","status-publish","format-standard","has-post-thumbnail","hentry","category-press-release","tag-general-conference-gc","tag-justice-compassion-love","tag-refugees","tag-united-nations-un","tag-world-refugee-day"],"acf":[],"_links":{"self":[{"href":"https:\/\/adra.org\/es\/wp-json\/wp\/v2\/posts\/555","targetHints":{"allow":["GET"]}}],"collection":[{"href":"https:\/\/adra.org\/es\/wp-json\/wp\/v2\/posts"}],"about":[{"href":"https:\/\/adra.org\/es\/wp-json\/wp\/v2\/types\/post"}],"author":[{"embeddable":true,"href":"https:\/\/adra.org\/es\/wp-json\/wp\/v2\/users\/1"}],"replies":[{"embeddable":true,"href":"https:\/\/adra.org\/es\/wp-json\/wp\/v2\/comments?post=555"}],"version-history":[{"count":5,"href":"https:\/\/adra.org\/es\/wp-json\/wp\/v2\/posts\/555\/revisions"}],"predecessor-version":[{"id":48407,"href":"https:\/\/adra.org\/es\/wp-json\/wp\/v2\/posts\/555\/revisions\/48407"}],"wp:featuredmedia":[{"embeddable":true,"href":"https:\/\/adra.org\/es\/wp-json\/wp\/v2\/media\/38831"}],"wp:attachment":[{"href":"https:\/\/adra.org\/es\/wp-json\/wp\/v2\/media?parent=555"}],"wp:term":[{"taxonomy":"category","embeddable":true,"href":"https:\/\/adra.org\/es\/wp-json\/wp\/v2\/categories?post=555"},{"taxonomy":"post_tag","embeddable":true,"href":"https:\/\/adra.org\/es\/wp-json\/wp\/v2\/tags?post=555"}],"curies":[{"name":"wp","href":"https:\/\/api.w.org\/{rel}","templated":true}]}}