{"id":500,"date":"2014-12-18T18:07:27","date_gmt":"2014-12-18T18:07:27","guid":{"rendered":"http:\/\/sparkexperience.com\/projects\/adra\/?post_type=stories&#038;p=500"},"modified":"2026-04-08T20:42:09","modified_gmt":"2026-04-08T20:42:09","slug":"adras-cultural-center-makes-difference-art","status":"publish","type":"post","link":"https:\/\/adra.org\/es\/adras-cultural-center-makes-difference-art","title":{"rendered":"El Centro Cultural de ADRA marca la diferencia a trav\u00e9s del arte"},"content":{"rendered":"<p>Samvel, de trece a\u00f1os, es un artista. Pinta lo que ve y el cuadro se convierte en escena. Pinta lo que imagina, y los colores y las formas brotan del papel como los lirios de un campo. Tiene un ojo agudo y un esp\u00edritu sensible, y todo el mundo est\u00e1 de acuerdo: Samvel es un artista.<\/p>\n<p>Pero Samvel es tambi\u00e9n el mayor de seis hijos de una familia muy pobre. Tiene un deber para con su familia que no puede ser suplantado por el arte.<\/p>\n<p>Por necesidad, las tareas y el trabajo siempre eran lo primero, lo que dejaba poco tiempo para la creatividad. Incluso con el tiempo de que dispon\u00eda, sus escasos materiales de pintura eran viejos y estaban desgastados por el uso. Las hojas de papel eran peque\u00f1as y a menudo estaban arrugadas por falta de espacio para guardarlas.<\/p>\n<p>Segu\u00eda sintiendo la inmensa inspiraci\u00f3n que brotaba de su coraz\u00f3n, pero cada vez con menos tiempo y recursos para canalizarla. Tambi\u00e9n reconoci\u00f3 su necesidad de formaci\u00f3n, de alguien que cultivara y dirigiera su habilidad. Sin el tiempo y los recursos necesarios, sent\u00eda que su talento se desvanec\u00eda.<\/p>\n<p>En agosto de 2013, ADRA puso en marcha un centro cultural para ense\u00f1ar a cocinar, tejer e inform\u00e1tica. Tambi\u00e9n ofrecieron un curso de arte. Samvel se inscribi\u00f3 en el programa gratuito y asisti\u00f3 a todas las clases.<\/p>\n<p>El acceso a los materiales art\u00edsticos ya era de por s\u00ed un sue\u00f1o hecho realidad, pero el experto tutor de arte que le proporcionaba orientaci\u00f3n individualizada era m\u00e1s de lo que Samvel hab\u00eda cre\u00eddo posible. Su apetito creativo se volvi\u00f3 voraz y su talento se perfeccion\u00f3 y desarroll\u00f3. Gracias a las breves pero concentradas clases, Samvel pudo compaginar sus obligaciones familiares con su pasi\u00f3n por el arte.<\/p>\n<p>Las clases terminaron inevitablemente, y Samvel no pudo permitirse avanzar en sus conocimientos en un instituto de arte, pero su creatividad se reaviv\u00f3. Aunque su familia sigue siendo pobre y sus materiales art\u00edsticos escasos, Samvel se ha comprometido a crear arte siempre que puede. Ahora su tiempo libre, escaso como es, es una oportunidad para disfrutar y mejorar su pasi\u00f3n por el arte. Y por ello, Samvel est\u00e1 agradecido.<\/p>\n\n\n<p><\/p>","protected":false},"excerpt":{"rendered":"<p>Samvel, de trece a\u00f1os, es un artista. Pinta lo que ve y el cuadro se convierte en escena. Pinta lo que imagina, y los colores y las formas brotan del papel como los lirios de un campo. Tiene un ojo agudo y un esp\u00edritu sensible, y todo el mundo est\u00e1 de acuerdo: Samvel es un artista.<\/p>","protected":false},"author":1,"featured_media":27874,"comment_status":"closed","ping_status":"closed","sticky":false,"template":"","format":"standard","meta":{"_acf_changed":false,"_eb_attr":"","footnotes":""},"categories":[615,594],"tags":[996,873,1160],"class_list":["post-500","post","type-post","status-publish","format-standard","has-post-thumbnail","hentry","category-blog","category-education","tag-advocacy","tag-justice-compassion-love","tag-technical-vocational-training"],"acf":[],"_links":{"self":[{"href":"https:\/\/adra.org\/es\/wp-json\/wp\/v2\/posts\/500","targetHints":{"allow":["GET"]}}],"collection":[{"href":"https:\/\/adra.org\/es\/wp-json\/wp\/v2\/posts"}],"about":[{"href":"https:\/\/adra.org\/es\/wp-json\/wp\/v2\/types\/post"}],"author":[{"embeddable":true,"href":"https:\/\/adra.org\/es\/wp-json\/wp\/v2\/users\/1"}],"replies":[{"embeddable":true,"href":"https:\/\/adra.org\/es\/wp-json\/wp\/v2\/comments?post=500"}],"version-history":[{"count":4,"href":"https:\/\/adra.org\/es\/wp-json\/wp\/v2\/posts\/500\/revisions"}],"predecessor-version":[{"id":47583,"href":"https:\/\/adra.org\/es\/wp-json\/wp\/v2\/posts\/500\/revisions\/47583"}],"wp:featuredmedia":[{"embeddable":true,"href":"https:\/\/adra.org\/es\/wp-json\/wp\/v2\/media\/27874"}],"wp:attachment":[{"href":"https:\/\/adra.org\/es\/wp-json\/wp\/v2\/media?parent=500"}],"wp:term":[{"taxonomy":"category","embeddable":true,"href":"https:\/\/adra.org\/es\/wp-json\/wp\/v2\/categories?post=500"},{"taxonomy":"post_tag","embeddable":true,"href":"https:\/\/adra.org\/es\/wp-json\/wp\/v2\/tags?post=500"}],"curies":[{"name":"wp","href":"https:\/\/api.w.org\/{rel}","templated":true}]}}