{"id":495,"date":"2014-12-18T17:56:41","date_gmt":"2014-12-18T17:56:41","guid":{"rendered":"http:\/\/sparkexperience.com\/projects\/adra\/?post_type=stories&#038;p=495"},"modified":"2026-04-08T21:11:01","modified_gmt":"2026-04-08T21:11:01","slug":"syria-winterization-program-helps-keep-warm","status":"publish","type":"post","link":"https:\/\/adra.org\/es\/syria-winterization-program-helps-keep-warm","title":{"rendered":"Siria: El Programa de Asistencia Invernal de ADRA ayuda a las personas a mantenerse calientes durante el invierno"},"content":{"rendered":"<p>Rita es una anciana que nunca imagin\u00f3 tener que abandonar su hogar a estas alturas de la vida. Pero cuando la violencia y los disturbios en Siria amenazaron su seguridad y la de su familia, no le qued\u00f3 m\u00e1s remedio.<\/p>\n<p>Rita huy\u00f3 de su casa con los miembros de su familia que le quedaban y no pudo llevarse nada. \u201cDej\u00e9 mi casa en la estacada\u201d, dice. \u201cMe he quedado con las manos vac\u00edas. El \u00fanico hijo del que depend\u00eda fue asesinado\u201d.\u201d<\/p>\n<blockquote>\n<p>El programa de Asistencia Invernal de ADRA proporciona a los desplazados internos sirios ropa de invierno y mantas para mantenerse calientes durante el brutal invierno sirio.<\/p>\n<\/blockquote>\n<p>El hogar de Rita es ahora una escuela, donde comparte el aula con sus nietos y otras familias. La habitaci\u00f3n no ofrece intimidad y muy poca protecci\u00f3n, y la familia pasa con dificultad las largas noches de invierno.<\/p>\n<p>\u201cEn esta escuela no hay puertas ni ventanas, y el fr\u00edo me congela todas las noches\u201d, cuenta Rita. \u201cS\u00f3lo hay una manta, y por la noche mis nietos y yo a veces nos calentamos abraz\u00e1ndonos y llorando. Dejamos nuestras casas sin ropa y sin esperanza, y aqu\u00ed estamos\u201d.\u201d<\/p>\n<p>El proyecto Winterization Assistance for Syrian IDPs proporciona ropa de invierno y mantas a los desplazados de sus hogares a causa del conflicto. El proyecto proporciona una ayuda muy necesaria para que las familias puedan hacer frente a las duras condiciones invernales a las que se enfrentan en Damasco y sus alrededores.<\/p>\n<p>ADRA Siria proporcion\u00f3 a Rita y su familia cuatro mantas y ropa de abrigo de invierno para siete personas, incluidos los ni\u00f1os. Ahora puede abrigarse por las noches y disfrutar del calor de sus nietos.<\/p>\n\n\n<p><\/p>","protected":false},"excerpt":{"rendered":"<p>Rita es una anciana que nunca imagin\u00f3 tener que abandonar su hogar a estas alturas de la vida. Pero cuando la violencia y los disturbios en Siria amenazaron su seguridad y la de su familia, no le qued\u00f3 m\u00e1s remedio.<\/p>","protected":false},"author":1,"featured_media":27874,"comment_status":"closed","ping_status":"closed","sticky":false,"template":"","format":"standard","meta":{"_acf_changed":false,"_eb_attr":"","footnotes":""},"categories":[615,590,784,812],"tags":[8,1085,690],"class_list":["post-495","post","type-post","status-publish","format-standard","has-post-thumbnail","hentry","category-blog","category-emergency","category-middle-east-north-africa","category-syria","tag-emergency-response","tag-internally-displaced-persons-idps","tag-protection"],"acf":[],"_links":{"self":[{"href":"https:\/\/adra.org\/es\/wp-json\/wp\/v2\/posts\/495","targetHints":{"allow":["GET"]}}],"collection":[{"href":"https:\/\/adra.org\/es\/wp-json\/wp\/v2\/posts"}],"about":[{"href":"https:\/\/adra.org\/es\/wp-json\/wp\/v2\/types\/post"}],"author":[{"embeddable":true,"href":"https:\/\/adra.org\/es\/wp-json\/wp\/v2\/users\/1"}],"replies":[{"embeddable":true,"href":"https:\/\/adra.org\/es\/wp-json\/wp\/v2\/comments?post=495"}],"version-history":[{"count":4,"href":"https:\/\/adra.org\/es\/wp-json\/wp\/v2\/posts\/495\/revisions"}],"predecessor-version":[{"id":47591,"href":"https:\/\/adra.org\/es\/wp-json\/wp\/v2\/posts\/495\/revisions\/47591"}],"wp:featuredmedia":[{"embeddable":true,"href":"https:\/\/adra.org\/es\/wp-json\/wp\/v2\/media\/27874"}],"wp:attachment":[{"href":"https:\/\/adra.org\/es\/wp-json\/wp\/v2\/media?parent=495"}],"wp:term":[{"taxonomy":"category","embeddable":true,"href":"https:\/\/adra.org\/es\/wp-json\/wp\/v2\/categories?post=495"},{"taxonomy":"post_tag","embeddable":true,"href":"https:\/\/adra.org\/es\/wp-json\/wp\/v2\/tags?post=495"}],"curies":[{"name":"wp","href":"https:\/\/api.w.org\/{rel}","templated":true}]}}