{"id":4300,"date":"2015-11-30T18:30:25","date_gmt":"2015-11-30T18:30:25","guid":{"rendered":"https:\/\/adra.org\/?p=4300"},"modified":"2026-04-15T14:41:41","modified_gmt":"2026-04-15T14:41:41","slug":"serbia-refugee-provides-needs-survival","status":"publish","type":"post","link":"https:\/\/adra.org\/es\/serbia-refugee-provides-needs-survival","title":{"rendered":"Serbia: El Centro de Refugiados de ADRA cubre necesidades esenciales para la supervivencia"},"content":{"rendered":"<p>Con un mes de edad, Qamar no tiene ning\u00fan lugar al que llamar hogar. Sus padres, Mustafa y Hala, son refugiados que huyeron de Siria para escapar de la creciente violencia y la amenaza del terror que les rodeaba.<\/p>\n<p>Abandonaron su hogar en Damasco dos meses antes de que los conoci\u00e9ramos. Hala dio a luz al hermoso Qamar mientras se alejaban de casa.<\/p>\n<p>En Serbia, ADRA puso en marcha un exitoso centro de refugiados que proporciona recursos cr\u00edticos para conectar a los refugiados con la informaci\u00f3n y los servicios locales que necesitan para viajar con seguridad y mantenerse en contacto con sus seres queridos. Este centro, al igual que otros equipos de ADRA que trabajan con refugiados en esta crisis, tambi\u00e9n proporciona ropa de abrigo para el invierno y art\u00edculos b\u00e1sicos para beb\u00e9s.<\/p>\n<p>Al acercarse el invierno, Mustafa y Hala acudieron a ADRA en busca de ropa de abrigo para el peque\u00f1o Qamar y para ellos mismos antes de continuar su viaje para encontrar un lugar seguro donde establecerse.<\/p>\n<p>Cientos de miles de refugiados de toda Europa se enfrentan al fr\u00edo m\u00e1s intenso sin nada m\u00e1s que lo que llevaban a la espalda cuando abandonaron climas m\u00e1s c\u00e1lidos hace semanas y meses. ADRA est\u00e1 intentando llegar al mayor n\u00famero posible.<\/p>","protected":false},"excerpt":{"rendered":"<p>Con un mes de edad, Qamar no tiene ning\u00fan lugar al que llamar hogar. Sus padres, Mustafa y Hala, son refugiados que huyeron de Siria para escapar de la creciente violencia y la amenaza del terror que les rodeaba.<\/p>","protected":false},"author":1,"featured_media":27874,"comment_status":"open","ping_status":"open","sticky":false,"template":"","format":"standard","meta":{"_acf_changed":false,"_eb_attr":"","footnotes":""},"categories":[615,590,799,968],"tags":[1079,8,1023,690,355],"class_list":["post-4300","post","type-post","status-publish","format-standard","has-post-thumbnail","hentry","category-blog","category-emergency","category-europe","category-serbia","tag-crisis","tag-emergency-response","tag-non-food-items-nfis","tag-protection","tag-refugees"],"acf":[],"_links":{"self":[{"href":"https:\/\/adra.org\/es\/wp-json\/wp\/v2\/posts\/4300","targetHints":{"allow":["GET"]}}],"collection":[{"href":"https:\/\/adra.org\/es\/wp-json\/wp\/v2\/posts"}],"about":[{"href":"https:\/\/adra.org\/es\/wp-json\/wp\/v2\/types\/post"}],"author":[{"embeddable":true,"href":"https:\/\/adra.org\/es\/wp-json\/wp\/v2\/users\/1"}],"replies":[{"embeddable":true,"href":"https:\/\/adra.org\/es\/wp-json\/wp\/v2\/comments?post=4300"}],"version-history":[{"count":4,"href":"https:\/\/adra.org\/es\/wp-json\/wp\/v2\/posts\/4300\/revisions"}],"predecessor-version":[{"id":48332,"href":"https:\/\/adra.org\/es\/wp-json\/wp\/v2\/posts\/4300\/revisions\/48332"}],"wp:featuredmedia":[{"embeddable":true,"href":"https:\/\/adra.org\/es\/wp-json\/wp\/v2\/media\/27874"}],"wp:attachment":[{"href":"https:\/\/adra.org\/es\/wp-json\/wp\/v2\/media?parent=4300"}],"wp:term":[{"taxonomy":"category","embeddable":true,"href":"https:\/\/adra.org\/es\/wp-json\/wp\/v2\/categories?post=4300"},{"taxonomy":"post_tag","embeddable":true,"href":"https:\/\/adra.org\/es\/wp-json\/wp\/v2\/tags?post=4300"}],"curies":[{"name":"wp","href":"https:\/\/api.w.org\/{rel}","templated":true}]}}