{"id":37240,"date":"2024-12-19T02:00:03","date_gmt":"2024-12-19T02:00:03","guid":{"rendered":"https:\/\/adra.org\/?p=37240"},"modified":"2026-03-10T20:30:58","modified_gmt":"2026-03-10T20:30:58","slug":"restoring-hope-and-reuniting-families-adras-lifesaving-work-for-migrants","status":"publish","type":"post","link":"https:\/\/adra.org\/es\/restoring-hope-and-reuniting-families-adras-lifesaving-work-for-migrants","title":{"rendered":"Devolver la esperanza y reunir a las familias: ADRA salva vidas de inmigrantes"},"content":{"rendered":"<p>En el D\u00eda Mundial del Migrante, nos detenemos a reflexionar sobre la resistencia y el coraje de millones de migrantes en todo el mundo y honramos a las organizaciones que trabajan incansablemente para apoyarlos. La Agencia Adventista de Desarrollo y Recursos Asistenciales (ADRA) est\u00e1 a la vanguardia de este esfuerzo humanitario, proporcionando asistencia cr\u00edtica a los migrantes y refugiados que atraviesan viajes peligrosos. Entre las innumerables historias de esperanza que ilustran la misi\u00f3n de ADRA est\u00e1 la de Emily, una ni\u00f1a venezolana de 12 a\u00f1os cuya vida se transform\u00f3 gracias a la intervenci\u00f3n de ADRA.<\/p>\n\n\n\n<p><strong>El viaje de Emily: Del miedo a la seguridad<\/strong><\/p>\n\n\n\n<p>La historia de Emily comienza con la decisi\u00f3n de seguir a un amigo a Per\u00fa, dejando atr\u00e1s a su familia en Colombia, donde hab\u00edan vivido como emigrantes durante seis a\u00f1os. Emily esperaba vivir una aventura, pero el viaje se convirti\u00f3 r\u00e1pidamente en una pesadilla. Sola y vulnerable en un pa\u00eds desconocido, Emily se enfrent\u00f3 a la dura realidad de la vida como menor no acompa\u00f1ada. Cuando su amiga la abandon\u00f3, no ten\u00eda a nadie a quien recurrir, hasta que encontr\u00f3 el apoyo compasivo de ADRA.<\/p>\n\n\n\n<p>En la frontera de Ecuador, Emily fue guiada por un amable desconocido hasta el espacio de atenci\u00f3n integral de ADRA en Huaquillas. All\u00ed encontr\u00f3 algo m\u00e1s que asistencia inmediata: encontr\u00f3 una comunidad que le ofrec\u00eda seguridad, alimentos, atenci\u00f3n m\u00e9dica y apoyo emocional. El equipo de ADRA, incluidos Iliana y Michel, no s\u00f3lo garantiz\u00f3 el bienestar de Emily, sino que tambi\u00e9n trabaj\u00f3 incansablemente para reunirla con su familia.<\/p>\n\n\n\n<p>\u201cADRA se puso en contacto con mi madre para que pudi\u00e9ramos volver a vernos\u201d, dijo Emily. \u201cMe siento muy feliz porque voy a volver a estar con ella despu\u00e9s de tanto tiempo lejos. No es bueno estar lejos de tu madre\u201d.\u201d<\/p>\n\n\n\n<p><strong>La gratitud de una madre<\/strong><\/p>\n\n\n\n<p>Para la madre de Emily, Sanyelis Carrasquel, el reencuentro fue un momento de alegr\u00eda y alivio abrumadores. Tras meses de separaci\u00f3n, ver a su hija a salvo y bien cuidada le hizo llorar de gratitud.<\/p>\n\n\n\n<p>\u201cMe siento muy feliz de haberme reencontrado con Emily\u201d, dijo Sanyelis. \u201cEst\u00e1 tan guapa, bien peinada y cuidada. Estoy muy agradecida a ADRA por su apoyo, por mantenerse en contacto conmigo y por hacer posible este reencuentro. Que Dios les bendiga\u201d.\u201d<\/p>\n\n\n\n<p><strong>Impacto global de ADRA<\/strong><\/p>\n\n\n\n<p>La historia de Emily es s\u00f3lo una de las muchas que ponen de relieve el inquebrantable compromiso de ADRA con el apoyo a inmigrantes y refugiados. Desde proporcionar refugios y atenci\u00f3n m\u00e9dica hasta facilitar la reunificaci\u00f3n familiar, ADRA opera en m\u00e1s de 100 pa\u00edses, abordando los retos \u00fanicos a los que se enfrentan las personas desplazadas.<\/p>\n\n\n\n<p>Los inmigrantes sufren a menudo penurias inimaginables: largos viajes, condiciones peligrosas y separaci\u00f3n de sus seres queridos. El trabajo de ADRA se centra en devolver la dignidad y la esperanza, garantizando que cada persona reciba la atenci\u00f3n que merece. Colaborando con las comunidades locales, los gobiernos y las organizaciones asociadas, ADRA crea espacios seguros donde los inmigrantes pueden reconstruir sus vidas.<\/p>\n\n\n\n<p>En este D\u00eda Mundial del Migrante, el viaje de Emily nos recuerda la importancia de solidarizarnos con los migrantes de todo el mundo. Su historia es un testimonio de la resistencia del esp\u00edritu humano y del poder transformador de la compasi\u00f3n. Organizaciones como ADRA desempe\u00f1an un papel crucial a la hora de proporcionar esperanza y curaci\u00f3n a quienes m\u00e1s lo necesitan.<\/p>\n\n\n\n<p>Honremos sus esfuerzos defendiendo los derechos y la dignidad de los migrantes, apoyando iniciativas humanitarias y concienciando sobre los retos a los que se enfrentan las comunidades desplazadas. Juntos podemos marcar la diferencia, historia a historia.<\/p>\n\n\n\n<p>Para m\u00e1s informaci\u00f3n sobre la labor de ADRA o para apoyar su misi\u00f3n, visite&nbsp;<a href=\"https:\/\/adra.org\/es\/\"><u>adra.org&nbsp;<\/u><\/a><\/p>","protected":false},"excerpt":{"rendered":"<p>En el D\u00eda Mundial del Migrante, nos detenemos a reflexionar sobre la resistencia y el valor de millones de migrantes en todo el mundo y rendimos homenaje a las organizaciones que trabajan incansablemente para apoyarlos. <\/p>","protected":false},"author":46,"featured_media":37241,"comment_status":"closed","ping_status":"closed","sticky":false,"template":"","format":"standard","meta":{"_acf_changed":false,"_eb_attr":"","footnotes":""},"categories":[615,806,911,786,798],"tags":[514,1138,841],"class_list":["post-37240","post","type-post","status-publish","format-standard","has-post-thumbnail","hentry","category-blog","category-colombia","category-ecuador","category-global","category-venezuela","tag-migration","tag-partner","tag-world-migrant-day"],"acf":[],"_links":{"self":[{"href":"https:\/\/adra.org\/es\/wp-json\/wp\/v2\/posts\/37240","targetHints":{"allow":["GET"]}}],"collection":[{"href":"https:\/\/adra.org\/es\/wp-json\/wp\/v2\/posts"}],"about":[{"href":"https:\/\/adra.org\/es\/wp-json\/wp\/v2\/types\/post"}],"author":[{"embeddable":true,"href":"https:\/\/adra.org\/es\/wp-json\/wp\/v2\/users\/46"}],"replies":[{"embeddable":true,"href":"https:\/\/adra.org\/es\/wp-json\/wp\/v2\/comments?post=37240"}],"version-history":[{"count":2,"href":"https:\/\/adra.org\/es\/wp-json\/wp\/v2\/posts\/37240\/revisions"}],"predecessor-version":[{"id":45023,"href":"https:\/\/adra.org\/es\/wp-json\/wp\/v2\/posts\/37240\/revisions\/45023"}],"wp:featuredmedia":[{"embeddable":true,"href":"https:\/\/adra.org\/es\/wp-json\/wp\/v2\/media\/37241"}],"wp:attachment":[{"href":"https:\/\/adra.org\/es\/wp-json\/wp\/v2\/media?parent=37240"}],"wp:term":[{"taxonomy":"category","embeddable":true,"href":"https:\/\/adra.org\/es\/wp-json\/wp\/v2\/categories?post=37240"},{"taxonomy":"post_tag","embeddable":true,"href":"https:\/\/adra.org\/es\/wp-json\/wp\/v2\/tags?post=37240"}],"curies":[{"name":"wp","href":"https:\/\/api.w.org\/{rel}","templated":true}]}}