{"id":36074,"date":"2024-09-24T13:26:43","date_gmt":"2024-09-24T13:26:43","guid":{"rendered":"https:\/\/adra.org\/?p=36074"},"modified":"2026-03-18T19:12:36","modified_gmt":"2026-03-18T19:12:36","slug":"spreading-awareness-breaking-the-stigma","status":"publish","type":"post","link":"https:\/\/adra.org\/es\/spreading-awareness-breaking-the-stigma","title":{"rendered":"Sensibilizar y romper el estigma"},"content":{"rendered":"<p>En todo el mundo, 1 de cada 20.000 personas nace con albinismo.&nbsp;<\/p>\n\n\n\n<p>En Tanzania, la cifra se acerca m\u00e1s a 1 de cada 14.000.&nbsp;<\/p>\n\n\n\n<p>Con una poblaci\u00f3n de 66,46 millones de habitantes, esto significa que en Tanzania hay m\u00e1s de 40.000 personas con albinismo, una de las tasas m\u00e1s altas del mundo.<\/p>\n\n\n\n<p>Las personas con albinismo, o PWA, se enfrentan a estereotipos negativos, Independientemente de donde vivan, las PWA se enfrentan a menudo a la estigmatizaci\u00f3n y la discriminaci\u00f3n debido a ideas err\u00f3neas y estereotipos negativos sobre su condici\u00f3n.<\/p>\n\n\n\n<p>En Tanzania, ese estigma puede tener consecuencias mortales.<\/p>\n\n\n\n<p>La ignorancia de la sociedad sobre el albinismo en el pa\u00eds alimenta estereotipos nocivos y provoca injusticias sociales y abusos de los derechos humanos por parte de sus conciudadanos. Y las PWA denuncian la indiferencia de algunos organismos e instituciones estatales que deber\u00edan prestarles apoyo.<\/p>\n\n\n\n<p>Cuando ADRA y sus socios crearon el proyecto Acci\u00f3n por los Derechos y la Inclusi\u00f3n de los Ni\u00f1os con Albinismo (AFRICA) en las regiones tanzanas de Morogoro y Dodoma, el objetivo era contribuir a aliviar el sufrimiento de 400 ni\u00f1os y de sus madres y tutores. Sab\u00edan que la sensibilizaci\u00f3n era un paso crucial para alcanzar ese objetivo.<\/p>\n\n\n\n<p>A trav\u00e9s del proyecto \u00c1FRICA, ADRA aboga por los derechos y la inclusi\u00f3n de las personas con albinismo mediante actividades de sensibilizaci\u00f3n en comunidades y escuelas. El proyecto tambi\u00e9n incluye el fortalecimiento de la Sociedad de Albinismo de Tanzania (TAS) con la esperanza de que se convierta en un actor activo de la sociedad civil, as\u00ed como el establecimiento de un fondo de educaci\u00f3n para ni\u00f1os con albinismo con socios.<\/p>\n\n\n\n<p>Es importante que el proyecto se centre en los ni\u00f1os, ya que se enfrentan a riesgos y obst\u00e1culos \u00fanicos. El acceso a la escuela, la experiencia en el aula e incluso la interacci\u00f3n con otros ni\u00f1os suelen ser limitados para los ni\u00f1os con albinismo debido a su visi\u00f3n reducida, su extrema sensibilidad al sol, con un elevado riesgo de c\u00e1ncer de piel, y otros problemas asociados a esta enfermedad.<\/p>\n\n\n\n<p>Con menos educaci\u00f3n y mayor discriminaci\u00f3n, los adultos con albinismo se encuentran con que no pueden competir en el mercado laboral y las opciones de trabajo son limitadas.<\/p>\n\n\n\n<p>Con estos retos en mente, la formaci\u00f3n de sensibilizaci\u00f3n de ADRA se extendi\u00f3 a los profesores que no ten\u00edan experiencia con ni\u00f1os con albinismo y no sab\u00edan c\u00f3mo apoyar sus necesidades \u00fanicas. Tras la formaci\u00f3n, los profesores trabajan ahora con los clubes de salud escolares utilizando m\u00fasica, danza y teatro, o enfoques de \u201cedu-entretenimiento\u201d, para crear un entorno escolar seguro y protegido.<\/p>\n\n\n\n<p>Las personas con albinismo est\u00e1n consideradas uno de los grupos m\u00e1s vulnerables y marginados de \u00c1frica, y una de las razones es la amenaza de violencia ritual a la que se enfrentan.&nbsp;<\/p>\n\n\n\n<p>Esta macabra pr\u00e1ctica est\u00e1 alimentada por la superstici\u00f3n generalizada que asocia propiedades m\u00e1gicas a las partes del cuerpo de las personas con albinismo y suele tener como v\u00edctimas a mujeres y ni\u00f1os. M\u00e1s de 80 personas con albinismo han perdido la vida en asesinatos rituales en los \u00faltimos 24 a\u00f1os, y muchas m\u00e1s han resultado heridas en los violentos ataques.<\/p>\n\n\n\n<p>El proyecto AFRICA de ADRA proporciona seguro m\u00e9dico a las m\u00e1s de 400 familias a las que ayuda, permiti\u00e9ndoles acceder a los servicios m\u00e9dicos de sus comunidades en el marco del Plan Nacional de Seguro M\u00e9dico.&nbsp;<\/p>\n\n\n\n<p><strong>La historia de Edward<\/strong><\/p>\n\n\n\n<p>Edward va a la escuela en lo alto de las monta\u00f1as de Nyandira, en la regi\u00f3n de Morogoro (Tanzania).&nbsp;<\/p>\n\n\n\n<figure class=\"wp-block-image size-large is-resized\"><img fetchpriority=\"high\" decoding=\"async\" width=\"806\" height=\"1024\" src=\"https:\/\/adra.org\/wp-content\/uploads\/2024\/09\/Edward-wtih-his-Headmaster-806x1024.png\" alt=\"A man from Tanzania, in a striped yellow and green shirt, stands with a young boy with albinism wearing a cowboy hat and plaid shirt, outside the school\" class=\"wp-image-36077\" style=\"width:405px;height:auto\" srcset=\"https:\/\/adra.org\/wp-content\/uploads\/2024\/09\/Edward-wtih-his-Headmaster-806x1024.png 806w, https:\/\/adra.org\/wp-content\/uploads\/2024\/09\/Edward-wtih-his-Headmaster-236x300.png 236w, https:\/\/adra.org\/wp-content\/uploads\/2024\/09\/Edward-wtih-his-Headmaster-768x976.png 768w, https:\/\/adra.org\/wp-content\/uploads\/2024\/09\/Edward-wtih-his-Headmaster.png 821w\" sizes=\"(max-width: 806px) 100vw, 806px\" \/><figcaption class=\"wp-element-caption\">Edward con su director, el Sr. Peter Alex, delante de la Escuela Primaria de Nyandira.\n<\/figcaption><\/figure>\n\n\n\n<p>Gracias al programa AFRICA de ADRA, los 5<sup>th<\/sup>\u00a0ha aprendido a protegerse del sol y agradece la formaci\u00f3n que han recibido su escuela y sus profesores sobre el albinismo.<\/p>\n\n\n\n<p>\u201cAntes de la formaci\u00f3n, ten\u00eda algunos problemas\u201d, dice Edward. \u201cNo pod\u00eda ver con claridad en el aula porque no ten\u00eda un asiento delantero, pero despu\u00e9s de la formaci\u00f3n sobre albinismo, ahora me siento en la parte delantera del aula\u201d.\u201d&nbsp;<\/p>\n\n\n\n<p>Tambi\u00e9n est\u00e1 contento porque ahora sus compa\u00f1eros entienden mejor su enfermedad y le ayudan con los apuntes de clase cuando lo necesita.<\/p>\n\n\n\n<p><strong>La historia de Naomi<\/strong><\/p>\n\n\n\n<p>Dos de los tres hijos de Naomi y David padecen albinismo.&nbsp;<\/p>\n\n\n\n<p>Naomi se queda en casa para cuidar de los ni\u00f1os, y ha visto el impacto del proyecto \u00c1FRICA de ADRA en las vidas de Reshimy, de 9 a\u00f1os, y Daarnish, de uno.<\/p>\n\n\n\n<figure class=\"wp-block-image size-full\"><img decoding=\"async\" width=\"395\" height=\"296\" src=\"https:\/\/adra.org\/wp-content\/uploads\/2024\/09\/Naomi-with-Two-Children.jpg\" alt=\"Young girl with albinism sits with her both, who does not have albinism. The mother is holding a baby who also albinism. \" class=\"wp-image-36078\" srcset=\"https:\/\/adra.org\/wp-content\/uploads\/2024\/09\/Naomi-with-Two-Children.jpg 395w, https:\/\/adra.org\/wp-content\/uploads\/2024\/09\/Naomi-with-Two-Children-300x225.jpg 300w\" sizes=\"(max-width: 395px) 100vw, 395px\" \/><figcaption class=\"wp-element-caption\">Naomi se sienta con sus dos hijos que viven con albinismo.<\/figcaption><\/figure>\n\n\n\n<p>Estaba especialmente agradecida por recibir una tarjeta de seguro para su familia.<\/p>\n\n\n\n<p>\u201cMi primer hijo tiene asma\u201d, dice. \u201cAs\u00ed que la tarjeta sanitaria me ha ayudado cuando voy al hospital porque recibo servicio y medicinas m\u00e1s r\u00e1pido que antes\u201d.\u201d<\/p>\n\n\n\n<p>Naomi tambi\u00e9n est\u00e1 agradecida a los grupos de madres que ADRA ha formado para madres de ni\u00f1os con albinismo. Dice que esos grupos \u2019aportan esperanza y unidad\u201c a las mujeres que cuidan de sus hijos.<\/p>\n\n\n\n<p>ADRA ayuda a las madres y tutores de ni\u00f1os con albinismo en Tanzania form\u00e1ndoles y apoy\u00e1ndoles para que pongan en marcha y desarrollen peque\u00f1os negocios. Este apoyo fomenta la autosuficiencia y promueve la dignidad de las personas con albinismo en la comunidad.<\/p>","protected":false},"excerpt":{"rendered":"<p>En todo el mundo, 1 de cada 20.000 personas nace con albinismo.\u00a0<\/p>","protected":false},"author":46,"featured_media":36076,"comment_status":"closed","ping_status":"closed","sticky":false,"template":"","format":"standard","meta":{"_acf_changed":false,"_eb_attr":"","footnotes":""},"categories":[785,615,284,982],"tags":[1149,873,690],"class_list":["post-36074","post","type-post","status-publish","format-standard","has-post-thumbnail","hentry","category-africa","category-blog","category-health","category-tanzania","tag-health-systems-strengthening","tag-justice-compassion-love","tag-protection"],"acf":[],"_links":{"self":[{"href":"https:\/\/adra.org\/es\/wp-json\/wp\/v2\/posts\/36074","targetHints":{"allow":["GET"]}}],"collection":[{"href":"https:\/\/adra.org\/es\/wp-json\/wp\/v2\/posts"}],"about":[{"href":"https:\/\/adra.org\/es\/wp-json\/wp\/v2\/types\/post"}],"author":[{"embeddable":true,"href":"https:\/\/adra.org\/es\/wp-json\/wp\/v2\/users\/46"}],"replies":[{"embeddable":true,"href":"https:\/\/adra.org\/es\/wp-json\/wp\/v2\/comments?post=36074"}],"version-history":[{"count":5,"href":"https:\/\/adra.org\/es\/wp-json\/wp\/v2\/posts\/36074\/revisions"}],"predecessor-version":[{"id":45526,"href":"https:\/\/adra.org\/es\/wp-json\/wp\/v2\/posts\/36074\/revisions\/45526"}],"wp:featuredmedia":[{"embeddable":true,"href":"https:\/\/adra.org\/es\/wp-json\/wp\/v2\/media\/36076"}],"wp:attachment":[{"href":"https:\/\/adra.org\/es\/wp-json\/wp\/v2\/media?parent=36074"}],"wp:term":[{"taxonomy":"category","embeddable":true,"href":"https:\/\/adra.org\/es\/wp-json\/wp\/v2\/categories?post=36074"},{"taxonomy":"post_tag","embeddable":true,"href":"https:\/\/adra.org\/es\/wp-json\/wp\/v2\/tags?post=36074"}],"curies":[{"name":"wp","href":"https:\/\/api.w.org\/{rel}","templated":true}]}}