{"id":3483,"date":"2015-09-11T05:40:48","date_gmt":"2015-09-11T05:40:48","guid":{"rendered":"https:\/\/adra.org\/?p=3483"},"modified":"2026-04-07T19:13:11","modified_gmt":"2026-04-07T19:13:11","slug":"crisis-refugees-in-europe","status":"publish","type":"post","link":"https:\/\/adra.org\/es\/crisis-refugees-in-europe","title":{"rendered":"Crisis: Refugiados en Europa"},"content":{"rendered":"<p>La escalada de la crisis de refugiados en Europa est\u00e1 provocando que cientos de miles de personas huyan de la violencia en Siria y otros pa\u00edses devastados por la guerra. Los viajes de estos refugiados son traicioneros, las condiciones son desesperadas y el fr\u00edo se acerca r\u00e1pidamente.<\/p>\n<h3><a title=\"Donaci\u00f3n de emergencia\" href=\"https:\/\/donations.adra.org\/disasters-ws\">Los refugiados necesitan ayuda urgente. Ayuda a ADRA a responder a trav\u00e9s de nuestro fondo de emergencia.<\/a><\/h3>\n<p>En toda Europa, puedes ayudarnos a llegar a los refugiados en cada etapa: en sus pa\u00edses de origen, a lo largo de las rutas de viaje y en las ciudades por las que pasan o se establecen.<br \/>\nAlgunos puntos destacados:<br \/>\n<strong>Serbia<\/strong><\/p>\n<ul>\n<li>Seguimiento de los refugiados para centrarse en los m\u00e1s vulnerables<\/li>\n<li>Apertura de un centro de informaci\u00f3n en el centro de Belgrado<\/li>\n<li>Center offers support with transport info, translations, information on refugee rights and avoiding traffickers<\/li>\n<li>Conectar a los refugiados con servicios locales, asistencia m\u00e9dica y apoyo psicosocial cr\u00edtico.<\/li>\n<li>Wi-Fi gratuito para que las familias puedan mantenerse en contacto con los que se quedaron o con amigos y familiares en su destino.<\/li>\n<li>Distribuci\u00f3n de ropa, calzado y art\u00edculos de primera necesidad para el fr\u00edo<\/li>\n<\/ul>\n<p><strong>Eslovenia<\/strong><\/p>\n<ul>\n<li>Llenamos un avi\u00f3n con donaciones de material recogidas y las entregamos a los refugiados de Lesbos (Grecia).<\/li>\n<li>Costes de los vuelos donados por la aerol\u00ednea eslovena Adria<\/li>\n<li>Los aeropuertos renuncian a las tasas en Eslovenia y Grecia<\/li>\n<li>12,5 toneladas de materiales donados por la poblaci\u00f3n local en cuesti\u00f3n de horas<\/li>\n<li>Env\u00edo del material sobrante al centro de Serbia por tren (exenci\u00f3n de todos los gastos)<\/li>\n<\/ul>\n<p><strong>Austria\u00a0<\/strong><\/p>\n<ul>\n<li>Aumento de la participaci\u00f3n de los refugiados en programas sociales para desfavorecidos<\/li>\n<li>Cursos de idiomas para refugiados<\/li>\n<li>Programas con iglesias locales para ayudar a la integraci\u00f3n de los refugiados<\/li>\n<\/ul>","protected":false},"excerpt":{"rendered":"<p>The escalating refugee crisis in Europe is seeing hundreds of thousands of people\u00a0fleeing violence in war-torn Syria and other countries.<\/p>","protected":false},"author":1,"featured_media":3493,"comment_status":"open","ping_status":"open","sticky":false,"template":"","format":"standard","meta":{"_acf_changed":false,"_eb_attr":"","footnotes":""},"categories":[885,590,799,968,972],"tags":[1079,363,355,1137],"class_list":["post-3483","post","type-post","status-publish","format-standard","has-post-thumbnail","hentry","category-austria","category-emergency","category-europe","category-serbia","category-slovenia","tag-crisis","tag-eu-refugee-crisis","tag-refugees","tag-ways-to-give"],"acf":[],"_links":{"self":[{"href":"https:\/\/adra.org\/es\/wp-json\/wp\/v2\/posts\/3483","targetHints":{"allow":["GET"]}}],"collection":[{"href":"https:\/\/adra.org\/es\/wp-json\/wp\/v2\/posts"}],"about":[{"href":"https:\/\/adra.org\/es\/wp-json\/wp\/v2\/types\/post"}],"author":[{"embeddable":true,"href":"https:\/\/adra.org\/es\/wp-json\/wp\/v2\/users\/1"}],"replies":[{"embeddable":true,"href":"https:\/\/adra.org\/es\/wp-json\/wp\/v2\/comments?post=3483"}],"version-history":[{"count":3,"href":"https:\/\/adra.org\/es\/wp-json\/wp\/v2\/posts\/3483\/revisions"}],"predecessor-version":[{"id":47266,"href":"https:\/\/adra.org\/es\/wp-json\/wp\/v2\/posts\/3483\/revisions\/47266"}],"wp:featuredmedia":[{"embeddable":true,"href":"https:\/\/adra.org\/es\/wp-json\/"}],"wp:attachment":[{"href":"https:\/\/adra.org\/es\/wp-json\/wp\/v2\/media?parent=3483"}],"wp:term":[{"taxonomy":"category","embeddable":true,"href":"https:\/\/adra.org\/es\/wp-json\/wp\/v2\/categories?post=3483"},{"taxonomy":"post_tag","embeddable":true,"href":"https:\/\/adra.org\/es\/wp-json\/wp\/v2\/tags?post=3483"}],"curies":[{"name":"wp","href":"https:\/\/api.w.org\/{rel}","templated":true}]}}