{"id":34823,"date":"2024-07-25T23:26:36","date_gmt":"2024-07-25T23:26:36","guid":{"rendered":"https:\/\/adra.org\/?p=34823"},"modified":"2026-03-18T19:08:56","modified_gmt":"2026-03-18T19:08:56","slug":"world-day-against-trafficking-in-persons-adra-reaffirms-global-prevention-efforts","status":"publish","type":"post","link":"https:\/\/adra.org\/es\/world-day-against-trafficking-in-persons-adra-reaffirms-global-prevention-efforts","title":{"rendered":"D\u00eda Mundial contra la Trata de Personas: ADRA reafirma sus esfuerzos mundiales de prevenci\u00f3n"},"content":{"rendered":"<h2 class=\"wp-block-post-title\">D\u00eda Mundial contra la Trata de Personas: ADRA reafirma sus esfuerzos mundiales de prevenci\u00f3n<\/h2>\n\n\n<figure class=\"wp-block-image size-large\"><img fetchpriority=\"high\" decoding=\"async\" width=\"1024\" height=\"599\" src=\"https:\/\/adra.org\/wp-content\/uploads\/2024\/07\/B88BC493-1167-4362-9DF2-4609D28F4923_1_201_a-1024x599.jpeg\" alt=\"\" class=\"wp-image-34824\" srcset=\"https:\/\/adra.org\/wp-content\/uploads\/2024\/07\/B88BC493-1167-4362-9DF2-4609D28F4923_1_201_a-1024x599.jpeg 1024w, https:\/\/adra.org\/wp-content\/uploads\/2024\/07\/B88BC493-1167-4362-9DF2-4609D28F4923_1_201_a-300x176.jpeg 300w, https:\/\/adra.org\/wp-content\/uploads\/2024\/07\/B88BC493-1167-4362-9DF2-4609D28F4923_1_201_a-768x450.jpeg 768w, https:\/\/adra.org\/wp-content\/uploads\/2024\/07\/B88BC493-1167-4362-9DF2-4609D28F4923_1_201_a-1536x899.jpeg 1536w, https:\/\/adra.org\/wp-content\/uploads\/2024\/07\/B88BC493-1167-4362-9DF2-4609D28F4923_1_201_a-2048x1199.jpeg 2048w\" sizes=\"(max-width: 1024px) 100vw, 1024px\" \/><\/figure>\n\n\n\n<p><strong>SILVER SPRING, MD (26 de julio de 2024)&nbsp;<\/strong>- La Agencia Adventista de Desarrollo y Recursos Asistenciales (ADRA) se une a las comunidades mundiales en <strong>30 de julio <\/strong>para conmemorar <strong><em>D\u00eda Mundial contra la Trata de Personas<\/em><\/strong> y reforzar la erradicaci\u00f3n de la trata de menores. El lema de este a\u00f1o, \u201cQue ning\u00fan ni\u00f1o se quede atr\u00e1s en la lucha contra la trata de seres humanos\u201d, pone de relieve la importante proporci\u00f3n de mujeres v\u00edctimas de la trata en todo el mundo.<\/p>\n\n\n\n<figure class=\"wp-block-image size-large is-resized\"><img decoding=\"async\" width=\"1024\" height=\"745\" src=\"https:\/\/adra.org\/wp-content\/uploads\/2024\/07\/01AA3237-2ECF-4A50-B125-F4CDC2BB1E96_1_201_a-1024x745.jpeg\" alt=\"\" class=\"wp-image-34825\" style=\"width:840px;height:auto\" srcset=\"https:\/\/adra.org\/wp-content\/uploads\/2024\/07\/01AA3237-2ECF-4A50-B125-F4CDC2BB1E96_1_201_a-1024x745.jpeg 1024w, https:\/\/adra.org\/wp-content\/uploads\/2024\/07\/01AA3237-2ECF-4A50-B125-F4CDC2BB1E96_1_201_a-300x218.jpeg 300w, https:\/\/adra.org\/wp-content\/uploads\/2024\/07\/01AA3237-2ECF-4A50-B125-F4CDC2BB1E96_1_201_a-768x559.jpeg 768w, https:\/\/adra.org\/wp-content\/uploads\/2024\/07\/01AA3237-2ECF-4A50-B125-F4CDC2BB1E96_1_201_a-1536x1118.jpeg 1536w, https:\/\/adra.org\/wp-content\/uploads\/2024\/07\/01AA3237-2ECF-4A50-B125-F4CDC2BB1E96_1_201_a.jpeg 1894w\" sizes=\"(max-width: 1024px) 100vw, 1024px\" \/><\/figure>\n\n\n\n<p>Seg\u00fan las Naciones Unidas, m\u00e1s de 1,2 millones de ni\u00f1os son v\u00edctimas de la trata cada a\u00f1o, y los menores tienen el doble de probabilidades que los adultos de sufrir violencia durante la trata. En regiones como el \u00c1frica subsahariana, el norte de \u00c1frica, Am\u00e9rica Latina y el Caribe, la incidencia de la trata de ni\u00f1os es desproporcionadamente alta: los menores constituyen el 60% de las v\u00edctimas detectadas.<\/p>\n\n\n\n<div class=\"wp-block-columns is-layout-flex wp-container-core-columns-is-layout-28f84493 wp-block-columns-is-layout-flex\">\n<div class=\"wp-block-column is-layout-flow wp-block-column-is-layout-flow\">\n<figure class=\"wp-block-image size-large\"><img decoding=\"async\" width=\"591\" height=\"1024\" src=\"https:\/\/adra.org\/wp-content\/uploads\/2024\/07\/17602E7B-E4F6-4646-98BB-859525ACC061_1_201_a-591x1024.jpeg\" alt=\"\" class=\"wp-image-34826\" srcset=\"https:\/\/adra.org\/wp-content\/uploads\/2024\/07\/17602E7B-E4F6-4646-98BB-859525ACC061_1_201_a-591x1024.jpeg 591w, https:\/\/adra.org\/wp-content\/uploads\/2024\/07\/17602E7B-E4F6-4646-98BB-859525ACC061_1_201_a-173x300.jpeg 173w, https:\/\/adra.org\/wp-content\/uploads\/2024\/07\/17602E7B-E4F6-4646-98BB-859525ACC061_1_201_a-768x1330.jpeg 768w, https:\/\/adra.org\/wp-content\/uploads\/2024\/07\/17602E7B-E4F6-4646-98BB-859525ACC061_1_201_a.jpeg 826w\" sizes=\"(max-width: 591px) 100vw, 591px\" \/><\/figure>\n<\/div>\n\n\n\n<div class=\"wp-block-column is-layout-flow wp-block-column-is-layout-flow\">\n<figure class=\"wp-block-image size-large is-resized\"><img loading=\"lazy\" decoding=\"async\" width=\"1024\" height=\"648\" src=\"https:\/\/adra.org\/wp-content\/uploads\/2024\/07\/813BE31B-553E-489F-9092-F7685DF1DF92_1_201_a-1024x648.jpeg\" alt=\"\" class=\"wp-image-34827\" style=\"width:419px;height:auto\" srcset=\"https:\/\/adra.org\/wp-content\/uploads\/2024\/07\/813BE31B-553E-489F-9092-F7685DF1DF92_1_201_a-1024x648.jpeg 1024w, https:\/\/adra.org\/wp-content\/uploads\/2024\/07\/813BE31B-553E-489F-9092-F7685DF1DF92_1_201_a-300x190.jpeg 300w, https:\/\/adra.org\/wp-content\/uploads\/2024\/07\/813BE31B-553E-489F-9092-F7685DF1DF92_1_201_a-768x486.jpeg 768w, https:\/\/adra.org\/wp-content\/uploads\/2024\/07\/813BE31B-553E-489F-9092-F7685DF1DF92_1_201_a-1536x972.jpeg 1536w, https:\/\/adra.org\/wp-content\/uploads\/2024\/07\/813BE31B-553E-489F-9092-F7685DF1DF92_1_201_a-2048x1296.jpeg 2048w\" sizes=\"(max-width: 1024px) 100vw, 1024px\" \/><\/figure>\n\n\n\n<blockquote class=\"wp-block-quote is-layout-flow wp-block-quote-is-layout-flow\">\n<p><\/p>\n<cite>\u201cLa trata de seres humanos es un delito grave y generalizado que afecta a millones de hombres, mujeres y ni\u00f1os en todo el mundo. ADRA es muy consciente de la naturaleza crucial de esta crisis, en particular de la trata de ni\u00f1os, ya que los menores representan una proporci\u00f3n considerable de las v\u00edctimas mundiales. ADRA est\u00e1 a la vanguardia de la prestaci\u00f3n de servicios y programas de apoyo a las v\u00edctimas, muchas de las cuales han sido sometidas a violencia, trabajos forzados, explotaci\u00f3n sexual y reclutadas como ni\u00f1os soldados en conflictos armados. ADRA seguir\u00e1 concienciando, defendiendo y promoviendo acciones en todo el mundo para educar y comprometer a las comunidades a proteger a ni\u00f1os y adultos de ser v\u00edctimas de la trata\u201d, declara Imad Madanat, vicepresidente de Asuntos Humanitarios de ADRA Internacional.<\/cite><\/blockquote>\n<\/div>\n<\/div>\n\n\n\n<p class=\"has-large-font-size\"><strong>Programas de protecci\u00f3n de la infancia de ADRA<\/strong><\/p>\n\n\n\n<figure class=\"wp-block-image size-full\"><img loading=\"lazy\" decoding=\"async\" width=\"818\" height=\"540\" src=\"https:\/\/adra.org\/wp-content\/uploads\/2024\/07\/524CC3F3-D388-422B-8849-1E6132629B9F_1_201_a.jpeg\" alt=\"\" class=\"wp-image-34828\" srcset=\"https:\/\/adra.org\/wp-content\/uploads\/2024\/07\/524CC3F3-D388-422B-8849-1E6132629B9F_1_201_a.jpeg 818w, https:\/\/adra.org\/wp-content\/uploads\/2024\/07\/524CC3F3-D388-422B-8849-1E6132629B9F_1_201_a-300x198.jpeg 300w, https:\/\/adra.org\/wp-content\/uploads\/2024\/07\/524CC3F3-D388-422B-8849-1E6132629B9F_1_201_a-768x507.jpeg 768w\" sizes=\"(max-width: 818px) 100vw, 818px\" \/><\/figure>\n\n\n\n<p>ADRA dirige programas en distintas regiones del mundo para ayudar a los ni\u00f1os en peligro de ser v\u00edctimas de la trata de seres humanos, abordando sus causas profundas, como la pobreza y la desigualdad, para reducir su vulnerabilidad.<\/p>\n\n\n\n<p class=\"has-medium-font-size\"><strong>ADRA Bangladesh<\/strong><\/p>\n\n\n\n<div class=\"wp-block-columns is-layout-flex wp-container-core-columns-is-layout-28f84493 wp-block-columns-is-layout-flex\">\n<div class=\"wp-block-column is-layout-flow wp-block-column-is-layout-flow\">\n<div class=\"wp-block-columns is-layout-flex wp-container-core-columns-is-layout-28f84493 wp-block-columns-is-layout-flex\">\n<div class=\"wp-block-column is-layout-flow wp-block-column-is-layout-flow\">\n<figure class=\"wp-block-image size-full\"><img loading=\"lazy\" decoding=\"async\" width=\"924\" height=\"858\" src=\"https:\/\/adra.org\/wp-content\/uploads\/2024\/07\/54266D13-5C68-431D-9535-1985A635CE91_1_201_a-4.jpeg\" alt=\"\" class=\"wp-image-34834\" srcset=\"https:\/\/adra.org\/wp-content\/uploads\/2024\/07\/54266D13-5C68-431D-9535-1985A635CE91_1_201_a-4.jpeg 924w, https:\/\/adra.org\/wp-content\/uploads\/2024\/07\/54266D13-5C68-431D-9535-1985A635CE91_1_201_a-4-300x279.jpeg 300w, https:\/\/adra.org\/wp-content\/uploads\/2024\/07\/54266D13-5C68-431D-9535-1985A635CE91_1_201_a-4-768x713.jpeg 768w\" sizes=\"(max-width: 924px) 100vw, 924px\" \/><figcaption class=\"wp-element-caption\"><em>Cr\u00e9dito de la foto: ADRA Bangladesh<\/em><\/figcaption><\/figure>\n<\/div>\n<\/div>\n<\/div>\n\n\n\n<div class=\"wp-block-column is-layout-flow wp-block-column-is-layout-flow\">\n<p>ADRA ejecuta un proyecto en Bangladesh para prevenir el trabajo infantil forzado. Seg\u00fan UNICEF, tres millones de ni\u00f1os del pa\u00eds se ven obligados a trabajar, y muchos de ellos se convierten en v\u00edctimas de la trata de seres humanos. Los j\u00f3venes que viven en los barrios marginales urbanos de Bangladesh son los m\u00e1s vulnerables. Para hacer frente a este problema, ADRA estableci\u00f3 una escuela en un barrio de bajos ingresos, y el Proyecto de Desarrollo de Ni\u00f1os de Barriadas de Chalantika (CSCDP), que ofrece desde 1972 educaci\u00f3n de alta calidad y servicios sociales para prevenir la desnutrici\u00f3n.<\/p>\n\n\n\n<p><\/p>\n<\/div>\n<\/div>\n\n\n\n<p class=\"has-medium-font-size\"><strong>Mantener a salvo a las ni\u00f1as en Tailandia<\/strong><\/p>\n\n\n\n<figure class=\"wp-block-image size-large\"><img loading=\"lazy\" decoding=\"async\" width=\"1024\" height=\"585\" src=\"https:\/\/adra.org\/wp-content\/uploads\/2024\/07\/BCA3D1C1-4116-4704-9B99-FB0D9836BBEA_1_201_a-1024x585.jpeg\" alt=\"\" class=\"wp-image-34836\" srcset=\"https:\/\/adra.org\/wp-content\/uploads\/2024\/07\/BCA3D1C1-4116-4704-9B99-FB0D9836BBEA_1_201_a-1024x585.jpeg 1024w, https:\/\/adra.org\/wp-content\/uploads\/2024\/07\/BCA3D1C1-4116-4704-9B99-FB0D9836BBEA_1_201_a-300x171.jpeg 300w, https:\/\/adra.org\/wp-content\/uploads\/2024\/07\/BCA3D1C1-4116-4704-9B99-FB0D9836BBEA_1_201_a-768x439.jpeg 768w, https:\/\/adra.org\/wp-content\/uploads\/2024\/07\/BCA3D1C1-4116-4704-9B99-FB0D9836BBEA_1_201_a-1536x877.jpeg 1536w, https:\/\/adra.org\/wp-content\/uploads\/2024\/07\/BCA3D1C1-4116-4704-9B99-FB0D9836BBEA_1_201_a-2048x1170.jpeg 2048w\" sizes=\"(max-width: 1024px) 100vw, 1024px\" \/><\/figure>\n\n\n\n<p>El proyecto Keep Girls Safe (KGS) de ADRA en Tailandia, colabora con organismos gubernamentales, organizaciones locales y grupos comunitarios para mejorar la concienciaci\u00f3n y reducir la vulnerabilidad de mujeres y ni\u00f1as a la explotaci\u00f3n sexual y la trata de seres humanos. Keep Girls Safe (KGS), que cuenta con un centro de acogida para ni\u00f1as de alto riesgo y ofrece becas de educaci\u00f3n a 100 j\u00f3venes, cumple 20 a\u00f1os de \u00e9xitos.  El proyecto tambi\u00e9n colabora con el Departamento de Educaci\u00f3n Secundaria de Chiang Rai para formar a estudiantes, profesores de secundaria y orientadores sobre c\u00f3mo concienciar y animar a denunciar la explotaci\u00f3n, el abuso y la trata de seres humanos en Internet.<\/p>\n\n\n\n<p class=\"has-medium-font-size\"><strong>Programa de ADRA para ni\u00f1os y familias refugiados<\/strong><\/p>\n\n\n\n<div class=\"wp-block-columns is-layout-flex wp-container-core-columns-is-layout-28f84493 wp-block-columns-is-layout-flex\">\n<div class=\"wp-block-column is-layout-flow wp-block-column-is-layout-flow\">\n<figure class=\"wp-block-image size-large\"><img loading=\"lazy\" decoding=\"async\" width=\"1024\" height=\"683\" src=\"https:\/\/adra.org\/wp-content\/uploads\/2024\/07\/248D567F-4066-4F00-B4A0-2EE00B591B30_1_201_a-1024x683.jpeg\" alt=\"\" class=\"wp-image-34837\" srcset=\"https:\/\/adra.org\/wp-content\/uploads\/2024\/07\/248D567F-4066-4F00-B4A0-2EE00B591B30_1_201_a-1024x683.jpeg 1024w, https:\/\/adra.org\/wp-content\/uploads\/2024\/07\/248D567F-4066-4F00-B4A0-2EE00B591B30_1_201_a-300x200.jpeg 300w, https:\/\/adra.org\/wp-content\/uploads\/2024\/07\/248D567F-4066-4F00-B4A0-2EE00B591B30_1_201_a-768x512.jpeg 768w, https:\/\/adra.org\/wp-content\/uploads\/2024\/07\/248D567F-4066-4F00-B4A0-2EE00B591B30_1_201_a-1536x1024.jpeg 1536w, https:\/\/adra.org\/wp-content\/uploads\/2024\/07\/248D567F-4066-4F00-B4A0-2EE00B591B30_1_201_a-2048x1365.jpeg 2048w\" sizes=\"(max-width: 1024px) 100vw, 1024px\" \/><\/figure>\n<\/div>\n<\/div>\n\n\n\n<p>ADRA trabaja con ni\u00f1os refugiados y desplazados en diversos entornos para garantizar su seguridad y protecci\u00f3n, ya que son objetivo de los traficantes de personas. Seg\u00fan informes de la ONU, un n\u00famero cada vez mayor de ni\u00f1os refugiados y migrantes toman rutas extremadamente peligrosas, a menudo a instancias de contrabandistas y traficantes, y son vendidos como esclavos o para la prostituci\u00f3n.<\/p>\n\n\n\n<p><strong>ADRA L\u00edbano<\/strong><\/p>\n\n\n\n<div class=\"wp-block-media-text is-stacked-on-mobile\"><figure class=\"wp-block-media-text__media\"><img loading=\"lazy\" decoding=\"async\" width=\"1024\" height=\"683\" src=\"https:\/\/adra.org\/wp-content\/uploads\/2024\/07\/C88406A0-4A62-41B4-BFA0-E1E656BEB885_1_201_a-1024x683.jpeg\" alt=\"\" class=\"wp-image-34838 size-full\" srcset=\"https:\/\/adra.org\/wp-content\/uploads\/2024\/07\/C88406A0-4A62-41B4-BFA0-E1E656BEB885_1_201_a-1024x683.jpeg 1024w, https:\/\/adra.org\/wp-content\/uploads\/2024\/07\/C88406A0-4A62-41B4-BFA0-E1E656BEB885_1_201_a-300x200.jpeg 300w, https:\/\/adra.org\/wp-content\/uploads\/2024\/07\/C88406A0-4A62-41B4-BFA0-E1E656BEB885_1_201_a-768x512.jpeg 768w, https:\/\/adra.org\/wp-content\/uploads\/2024\/07\/C88406A0-4A62-41B4-BFA0-E1E656BEB885_1_201_a-1536x1024.jpeg 1536w, https:\/\/adra.org\/wp-content\/uploads\/2024\/07\/C88406A0-4A62-41B4-BFA0-E1E656BEB885_1_201_a-2048x1365.jpeg 2048w\" sizes=\"(max-width: 1024px) 100vw, 1024px\" \/><\/figure><div class=\"wp-block-media-text__content\">\n<p>Para proteger a los ni\u00f1os, ADRA lleva a cabo iniciativas educativas en muchos campos de refugiados de todo el mundo. El Centro de Aprendizaje de ADRA en Baalbek (L\u00edbano) ofrece educaci\u00f3n a los ni\u00f1os que huyeron del conflicto sirio y los conecta a ellos y a sus familias con servicios cruciales.<\/p>\n<\/div><\/div>\n\n\n\n<p><strong>ADRA M\u00e9xico<\/strong><\/p>\n\n\n\n<div class=\"wp-block-columns is-layout-flex wp-container-core-columns-is-layout-28f84493 wp-block-columns-is-layout-flex\">\n<div class=\"wp-block-column is-layout-flow wp-block-column-is-layout-flow\">\n<figure class=\"wp-block-image size-full is-resized\"><img loading=\"lazy\" decoding=\"async\" width=\"784\" height=\"669\" src=\"https:\/\/adra.org\/wp-content\/uploads\/2024\/07\/F6E71739-F552-4850-8904-4CC4900B154B_1_201_a-1.jpeg\" alt=\"\" class=\"wp-image-34841\" style=\"width:416px;height:auto\" srcset=\"https:\/\/adra.org\/wp-content\/uploads\/2024\/07\/F6E71739-F552-4850-8904-4CC4900B154B_1_201_a-1.jpeg 784w, https:\/\/adra.org\/wp-content\/uploads\/2024\/07\/F6E71739-F552-4850-8904-4CC4900B154B_1_201_a-1-300x256.jpeg 300w, https:\/\/adra.org\/wp-content\/uploads\/2024\/07\/F6E71739-F552-4850-8904-4CC4900B154B_1_201_a-1-768x655.jpeg 768w\" sizes=\"(max-width: 784px) 100vw, 784px\" \/><figcaption class=\"wp-element-caption\"><em>ADRA lleva a cabo actividades de apoyo psicosocial para ni\u00f1os y j\u00f3venes refugiados en M\u00e9xico.  Cr\u00e9dito de la foto: ADRA M\u00e9xico<\/em><\/figcaption><\/figure>\n\n\n\n<p>En M\u00e9xico, ADRA ayuda a familias y ni\u00f1os refugiados que huyen de la violencia y las zonas de conflicto proporcion\u00e1ndoles alimentos, refugio, servicios sanitarios y asesoramiento.<\/p>\n<\/div>\n\n\n\n<div class=\"wp-block-column is-layout-flow wp-block-column-is-layout-flow\">\n<figure class=\"wp-block-image size-large is-resized\"><img loading=\"lazy\" decoding=\"async\" width=\"819\" height=\"1024\" src=\"https:\/\/adra.org\/wp-content\/uploads\/2024\/07\/1D2286D9-84A8-478D-B036-2DCBFF95A739_1_201_a-1-819x1024.jpeg\" alt=\"\" class=\"wp-image-34842\" style=\"width:416px;height:auto\" srcset=\"https:\/\/adra.org\/wp-content\/uploads\/2024\/07\/1D2286D9-84A8-478D-B036-2DCBFF95A739_1_201_a-1-819x1024.jpeg 819w, https:\/\/adra.org\/wp-content\/uploads\/2024\/07\/1D2286D9-84A8-478D-B036-2DCBFF95A739_1_201_a-1-240x300.jpeg 240w, https:\/\/adra.org\/wp-content\/uploads\/2024\/07\/1D2286D9-84A8-478D-B036-2DCBFF95A739_1_201_a-1-768x960.jpeg 768w, https:\/\/adra.org\/wp-content\/uploads\/2024\/07\/1D2286D9-84A8-478D-B036-2DCBFF95A739_1_201_a-1-1229x1536.jpeg 1229w, https:\/\/adra.org\/wp-content\/uploads\/2024\/07\/1D2286D9-84A8-478D-B036-2DCBFF95A739_1_201_a-1.jpeg 1440w\" sizes=\"(max-width: 819px) 100vw, 819px\" \/><\/figure>\n<\/div>\n<\/div>\n\n\n\n<p><strong>ADRA Europa<\/strong><\/p>\n\n\n\n<div class=\"wp-block-columns is-layout-flex wp-container-core-columns-is-layout-28f84493 wp-block-columns-is-layout-flex\">\n<div class=\"wp-block-column is-layout-flow wp-block-column-is-layout-flow\">\n<figure class=\"wp-block-image size-full is-resized\"><img loading=\"lazy\" decoding=\"async\" width=\"768\" height=\"1024\" src=\"https:\/\/adra.org\/wp-content\/uploads\/2024\/07\/7D480BDA-D96E-4144-8189-B548C83EF450_1_201_a-2.jpeg\" alt=\"\" class=\"wp-image-34850\" style=\"width:413px;height:auto\" srcset=\"https:\/\/adra.org\/wp-content\/uploads\/2024\/07\/7D480BDA-D96E-4144-8189-B548C83EF450_1_201_a-2.jpeg 768w, https:\/\/adra.org\/wp-content\/uploads\/2024\/07\/7D480BDA-D96E-4144-8189-B548C83EF450_1_201_a-2-225x300.jpeg 225w\" sizes=\"(max-width: 768px) 100vw, 768px\" \/><\/figure>\n\n\n\n<p><em>ADRA recibe a ni\u00f1os refugiados con mantas, bebidas calientes y comida en la frontera con Ucrania. Cr\u00e9dito de la foto: ADRA Ruman\u00eda<\/em><\/p>\n<\/div>\n\n\n\n<div class=\"wp-block-column is-layout-flow wp-block-column-is-layout-flow\">\n<p>ADRA tambi\u00e9n ha puesto en marcha amplias operaciones de respuesta para proteger a los ni\u00f1os y familias refugiados que huyen de los combates en Ucrania.  Varias oficinas nacionales de ADRA, entre ellas las de Austria, B\u00e9lgica, Ruman\u00eda y Eslovaquia, ofrecen numerosos servicios sociales, como alimentos, ayuda en efectivo, acceso a la educaci\u00f3n, refugio, apoyo psicosocial y protecci\u00f3n en los pasos fronterizos.<\/p>\n\n\n\n<p>Ayuda a ADRA a crear un mundo m\u00e1s seguro uni\u00e9ndote a la lucha contra la trata de seres humanos. Visite <a href=\"https:\/\/adra.org\/es\/child-protection\/\">https:\/\/adra.org\/child-protection<\/a> para descubrir m\u00e1s sobre los esfuerzos globales de ADRA en la prevenci\u00f3n de la trata, as\u00ed como las formas de ayudar a los supervivientes y proteger a las personas vulnerables de este crimen atroz.<\/p>\n<\/div>\n<\/div>\n\n\n\n<p><\/p>","protected":false},"excerpt":{"rendered":"<p>La Agencia Adventista de Desarrollo y Recursos Asistenciales (ADRA) se une a las comunidades mundiales el 30 de julio para conmemorar el D\u00eda Mundial contra la Trata de Personas y reforzar la erradicaci\u00f3n del tr\u00e1fico de ni\u00f1os.<\/p>","protected":false},"author":46,"featured_media":34852,"comment_status":"closed","ping_status":"closed","sticky":false,"template":"","format":"standard","meta":{"_acf_changed":false,"_eb_attr":"","footnotes":"[]"},"categories":[785,780,799,793,820,784,614,783,11,812,797,791,1],"tags":[668,690,355,754,547,383],"class_list":["post-34823","post","type-post","status-publish","format-standard","has-post-thumbnail","hentry","category-africa","category-asia","category-europe","category-lebanon","category-mexico","category-middle-east-north-africa","category-news","category-north-america","category-press-release","category-syria","category-thailand","category-ukraine","category-uncategorized","tag-human-trafficking","tag-protection","tag-refugees","tag-safeguarding","tag-unicef","tag-united-nations-un"],"acf":[],"_links":{"self":[{"href":"https:\/\/adra.org\/es\/wp-json\/wp\/v2\/posts\/34823","targetHints":{"allow":["GET"]}}],"collection":[{"href":"https:\/\/adra.org\/es\/wp-json\/wp\/v2\/posts"}],"about":[{"href":"https:\/\/adra.org\/es\/wp-json\/wp\/v2\/types\/post"}],"author":[{"embeddable":true,"href":"https:\/\/adra.org\/es\/wp-json\/wp\/v2\/users\/46"}],"replies":[{"embeddable":true,"href":"https:\/\/adra.org\/es\/wp-json\/wp\/v2\/comments?post=34823"}],"version-history":[{"count":16,"href":"https:\/\/adra.org\/es\/wp-json\/wp\/v2\/posts\/34823\/revisions"}],"predecessor-version":[{"id":45521,"href":"https:\/\/adra.org\/es\/wp-json\/wp\/v2\/posts\/34823\/revisions\/45521"}],"wp:featuredmedia":[{"embeddable":true,"href":"https:\/\/adra.org\/es\/wp-json\/wp\/v2\/media\/34852"}],"wp:attachment":[{"href":"https:\/\/adra.org\/es\/wp-json\/wp\/v2\/media?parent=34823"}],"wp:term":[{"taxonomy":"category","embeddable":true,"href":"https:\/\/adra.org\/es\/wp-json\/wp\/v2\/categories?post=34823"},{"taxonomy":"post_tag","embeddable":true,"href":"https:\/\/adra.org\/es\/wp-json\/wp\/v2\/tags?post=34823"}],"curies":[{"name":"wp","href":"https:\/\/api.w.org\/{rel}","templated":true}]}}