{"id":34081,"date":"2024-06-03T18:44:20","date_gmt":"2024-06-03T18:44:20","guid":{"rendered":"https:\/\/adra.org\/?p=34081"},"modified":"2026-03-18T19:18:52","modified_gmt":"2026-03-18T19:18:52","slug":"ahmeds-journey-of-learning","status":"publish","type":"post","link":"https:\/\/adra.org\/es\/ahmeds-journey-of-learning","title":{"rendered":"Empoderar a los refugiados: El viaje de aprendizaje de Ahmed contra todo pron\u00f3stico"},"content":{"rendered":"<figure class=\"wp-block-image size-large\"><img fetchpriority=\"high\" decoding=\"async\" width=\"1024\" height=\"576\" src=\"https:\/\/adra.org\/wp-content\/uploads\/2024\/06\/24-006-Web-Image-1-1024x576.jpg\" alt=\"\" class=\"wp-image-34082\" srcset=\"https:\/\/adra.org\/wp-content\/uploads\/2024\/06\/24-006-Web-Image-1-1024x576.jpg 1024w, https:\/\/adra.org\/wp-content\/uploads\/2024\/06\/24-006-Web-Image-1-300x169.jpg 300w, https:\/\/adra.org\/wp-content\/uploads\/2024\/06\/24-006-Web-Image-1-768x432.jpg 768w, https:\/\/adra.org\/wp-content\/uploads\/2024\/06\/24-006-Web-Image-1-1536x864.jpg 1536w, https:\/\/adra.org\/wp-content\/uploads\/2024\/06\/24-006-Web-Image-1.jpg 1920w\" sizes=\"(max-width: 1024px) 100vw, 1024px\" \/><\/figure>\n\n\n\n<p>Conozca a Ahmed, un refugiado de 11 a\u00f1os que huy\u00f3 de la guerra en Siria con su familia hace una d\u00e9cada, buscando seguridad en el L\u00edbano. Ahmed y su familia viven ahora en una tienda de campa\u00f1a improvisada hecha de lonas y desechos varios, cerca de una granja de anacardos propiedad de su casero. Durante las vacaciones escolares, Ahmed y sus hermanos trabajan en la granja a cambio del alquiler mensual, ya que su padre ya no puede trabajar debido a un dolor cr\u00f3nico en la pierna.<\/p>\n\n\n\n<p>La madre de Ahmed es la principal proveedora de la familia, al tiempo que se ocupa de las responsabilidades dom\u00e9sticas. La familia recoge agua de una casa vecina y depende de sus vecinos para obtener agua potable. El invierno es especialmente duro para ellos; su casa no es adecuada para el fr\u00edo y luchan por mantenerse calientes y c\u00f3modos. Sin electricidad, dependen \u00fanicamente de una peque\u00f1a c\u00e9lula solar para alimentar sus tel\u00e9fonos m\u00f3viles.<\/p>\n\n\n\n<figure class=\"wp-block-image size-large\"><img decoding=\"async\" width=\"1024\" height=\"683\" src=\"https:\/\/adra.org\/wp-content\/uploads\/2024\/06\/Ahmed-Lebanon-House-1-1024x683.jpg\" alt=\"\" class=\"wp-image-34083\" srcset=\"https:\/\/adra.org\/wp-content\/uploads\/2024\/06\/Ahmed-Lebanon-House-1-1024x683.jpg 1024w, https:\/\/adra.org\/wp-content\/uploads\/2024\/06\/Ahmed-Lebanon-House-1-300x200.jpg 300w, https:\/\/adra.org\/wp-content\/uploads\/2024\/06\/Ahmed-Lebanon-House-1-768x512.jpg 768w, https:\/\/adra.org\/wp-content\/uploads\/2024\/06\/Ahmed-Lebanon-House-1-1536x1024.jpg 1536w, https:\/\/adra.org\/wp-content\/uploads\/2024\/06\/Ahmed-Lebanon-House-1-2048x1365.jpg 2048w\" sizes=\"(max-width: 1024px) 100vw, 1024px\" \/><\/figure>\n\n\n\n<p>A pesar de estas dificultades, Ahmed y sus hermanos esperan con impaciencia ir a la escuela del Centro de Aprendizaje de ADRA. Caminan al menos una hora para llegar al centro de la ciudad donde se encuentra la escuela. <\/p>\n\n\n\n<p>\u201cMe encanta ir al Centro de Aprendizaje de ADRA porque tenemos buenos profesores\u201d, dice Ahmed.<\/p>\n\n\n\n<p>El Centro de Aprendizaje de ADRA en Baalbek atiende este a\u00f1o a 285 alumnos. Atiende a dos grupos principales: estudiantes de apoyo a la retenci\u00f3n de 10 a 14 a\u00f1os, que comprenden 215 estudiantes, y un programa de educaci\u00f3n infantil para ni\u00f1os no escolarizados de 5 a 6 a\u00f1os, que incluye 65 ni\u00f1os. ADRA gestiona el centro de Baalbek desde abril de 2021.<\/p>\n\n\n\n<p>Los dos programas educativos del Centro de Aprendizaje de ADRA finalizar\u00e1n en agosto de 2024, lo que podr\u00eda afectar significativamente a Ahmed y a sus compa\u00f1eros. El centro busca actualmente financiaci\u00f3n de diversas fuentes para continuar con sus servicios esenciales y evitar la p\u00e9rdida de varios programas cr\u00edticos. Estos programas incluyen<\/p>\n\n\n\n<ul class=\"wp-block-list\">\n<li>Se ofrece apoyo a los estudiantes (clases de todas las asignaturas basadas en el plan de estudios liban\u00e9s), incluidos cursos de recuperaci\u00f3n.<\/li>\n\n\n\n<li>Apoyo psicosocial y sesiones de preparaci\u00f3n para la vida activa en ambos programas, en beneficio de padres, alumnos y ni\u00f1os.<\/li>\n\n\n\n<li>Distribuci\u00f3n de kits de dignidad e higiene para ni\u00f1as y familias.<\/li>\n<\/ul>\n\n\n\n<figure class=\"wp-block-image size-large\"><img decoding=\"async\" width=\"1024\" height=\"683\" src=\"https:\/\/adra.org\/wp-content\/uploads\/2024\/06\/Ahmed-Lebanon-Sign-1024x683.jpg\" alt=\"\" class=\"wp-image-34084\" srcset=\"https:\/\/adra.org\/wp-content\/uploads\/2024\/06\/Ahmed-Lebanon-Sign-1024x683.jpg 1024w, https:\/\/adra.org\/wp-content\/uploads\/2024\/06\/Ahmed-Lebanon-Sign-300x200.jpg 300w, https:\/\/adra.org\/wp-content\/uploads\/2024\/06\/Ahmed-Lebanon-Sign-768x512.jpg 768w, https:\/\/adra.org\/wp-content\/uploads\/2024\/06\/Ahmed-Lebanon-Sign-1536x1024.jpg 1536w, https:\/\/adra.org\/wp-content\/uploads\/2024\/06\/Ahmed-Lebanon-Sign-2048x1365.jpg 2048w\" sizes=\"(max-width: 1024px) 100vw, 1024px\" \/><\/figure>\n\n\n\n<p>Desde la \u00faltima actualizaci\u00f3n, Ahmed sigue asistiendo al centro a diario y sigue entusiasmado y deseoso de participar en todas las actividades que ofrece el centro de ADRA Baalbek.<\/p>\n\n\n\n<p>Para m\u00e1s informaci\u00f3n sobre la labor de ADRA con los refugiados en todo el mundo, visite: <a href=\"https:\/\/adra.org\/es\/world-refugee-day-adra-calls-on-nations-to-bring-hope-to-all-people-fleeing-from-conflict-and-persecution\/\">https:\/\/adra.org\/world-refugee-day-adra-calls-on-nations-to-bring-hope-to-all-people-fleeing-from-conflict-and-persecution<\/a>&nbsp;<\/p>","protected":false},"excerpt":{"rendered":"<p>Conozca a Ahmed, un refugiado de 11 a\u00f1os que huy\u00f3 de la guerra en Siria con su familia hace una d\u00e9cada, buscando seguridad en el L\u00edbano. Ahmed y su familia viven ahora en una tienda de campa\u00f1a improvisada hecha de lonas y desechos varios, cerca de una granja de anacardos propiedad de su casero. Durante las vacaciones escolares, Ahmed y sus hermanos trabajan en la granja a cambio del alquiler mensual, ya que su padre ya no puede trabajar debido a un dolor cr\u00f3nico en la pierna.<\/p>","protected":false},"author":1,"featured_media":34082,"comment_status":"closed","ping_status":"closed","sticky":false,"template":"","format":"standard","meta":{"_acf_changed":false,"_eb_attr":"","footnotes":""},"categories":[615,594,784,812],"tags":[690,355,754],"class_list":["post-34081","post","type-post","status-publish","format-standard","has-post-thumbnail","hentry","category-blog","category-education","category-middle-east-north-africa","category-syria","tag-protection","tag-refugees","tag-safeguarding"],"acf":[],"_links":{"self":[{"href":"https:\/\/adra.org\/es\/wp-json\/wp\/v2\/posts\/34081","targetHints":{"allow":["GET"]}}],"collection":[{"href":"https:\/\/adra.org\/es\/wp-json\/wp\/v2\/posts"}],"about":[{"href":"https:\/\/adra.org\/es\/wp-json\/wp\/v2\/types\/post"}],"author":[{"embeddable":true,"href":"https:\/\/adra.org\/es\/wp-json\/wp\/v2\/users\/1"}],"replies":[{"embeddable":true,"href":"https:\/\/adra.org\/es\/wp-json\/wp\/v2\/comments?post=34081"}],"version-history":[{"count":4,"href":"https:\/\/adra.org\/es\/wp-json\/wp\/v2\/posts\/34081\/revisions"}],"predecessor-version":[{"id":45533,"href":"https:\/\/adra.org\/es\/wp-json\/wp\/v2\/posts\/34081\/revisions\/45533"}],"wp:featuredmedia":[{"embeddable":true,"href":"https:\/\/adra.org\/es\/wp-json\/wp\/v2\/media\/34082"}],"wp:attachment":[{"href":"https:\/\/adra.org\/es\/wp-json\/wp\/v2\/media?parent=34081"}],"wp:term":[{"taxonomy":"category","embeddable":true,"href":"https:\/\/adra.org\/es\/wp-json\/wp\/v2\/categories?post=34081"},{"taxonomy":"post_tag","embeddable":true,"href":"https:\/\/adra.org\/es\/wp-json\/wp\/v2\/tags?post=34081"}],"curies":[{"name":"wp","href":"https:\/\/api.w.org\/{rel}","templated":true}]}}