{"id":33564,"date":"2024-05-03T21:35:41","date_gmt":"2024-05-03T21:35:41","guid":{"rendered":"https:\/\/adra.org\/?p=33564"},"modified":"2026-04-16T14:30:07","modified_gmt":"2026-04-16T14:30:07","slug":"statement-by-adra-president-michael-kruger-on-the-crisis-in-gaza","status":"publish","type":"post","link":"https:\/\/adra.org\/es\/statement-by-adra-president-michael-kruger-on-the-crisis-in-gaza","title":{"rendered":"Declaraci\u00f3n del Presidente de ADRA, Michael Kruger, sobre la crisis en Gaza"},"content":{"rendered":"<figure class=\"wp-block-image size-large\"><img fetchpriority=\"high\" decoding=\"async\" width=\"1024\" height=\"1024\" src=\"https:\/\/adra.org\/wp-content\/uploads\/2014\/12\/General_Background-for-stories-1024x1024.png\" alt=\"\" class=\"wp-image-27874\" srcset=\"https:\/\/adra.org\/wp-content\/uploads\/2014\/12\/General_Background-for-stories-1024x1024.png 1024w, https:\/\/adra.org\/wp-content\/uploads\/2014\/12\/General_Background-for-stories-300x300.png 300w, https:\/\/adra.org\/wp-content\/uploads\/2014\/12\/General_Background-for-stories-150x150.png 150w, https:\/\/adra.org\/wp-content\/uploads\/2014\/12\/General_Background-for-stories-768x768.png 768w, https:\/\/adra.org\/wp-content\/uploads\/2014\/12\/General_Background-for-stories.png 1080w\" sizes=\"(max-width: 1024px) 100vw, 1024px\" \/><\/figure>\n\n\n\n<p><strong>SILVER SPRING, MD (3 de mayo de 2024)<\/strong><\/p>\n\n\n\n<blockquote class=\"wp-block-quote is-layout-flow wp-block-quote-is-layout-flow\">\n<p>La Agencia Adventista de Desarrollo y Recursos Asistenciales (ADRA) sigue orando por la paz y la protecci\u00f3n de los millones de personas afectadas por la actual crisis en Gaza. Nuestros corazones est\u00e1n con los que han perdido a sus seres queridos y est\u00e1n soportando un sufrimiento inimaginable.<\/p>\n\n\n\n<p>Frente a la inmensa complejidad, la urgencia de la ayuda humanitaria permanece inalterable. ADRA colabora activamente con sus socios para suministrar recursos vitales y sustento a los necesitados, independientemente de su edad, sexo, etnia o afiliaci\u00f3n religiosa y pol\u00edtica. Nuestra misi\u00f3n est\u00e1 profundamente arraigada en los principios de justicia, compasi\u00f3n y amor, que nos obligan a ayudar a quienes se enfrentan a circunstancias extremas.<\/p>\n\n\n\n<p>Hoy, en este dif\u00edcil momento, se nos presenta la oportunidad de aportar un cambio significativo a miles de personas, tanto j\u00f3venes como mayores, en Gaza y regiones cercanas.  Por favor, \u00fanase a ADRA apoyando esta misi\u00f3n que salva vidas. Juntos, tenemos la capacidad de aliviar el sufrimiento en Gaza y en otras regiones del mundo que se enfrentan a emergencias devastadoras.&nbsp;<\/p>\n\n\n\n<p>Sus contribuciones marcar\u00e1n la diferencia. Gracias por su inquebrantable compasi\u00f3n y r\u00e1pida respuesta a los necesitados.<\/p>\n<\/blockquote>","protected":false},"excerpt":{"rendered":"<p>La Agencia Adventista de Desarrollo y Recursos Asistenciales (ADRA) sigue orando por la paz y la protecci\u00f3n de los millones de personas afectadas por la actual crisis en Gaza. Nuestros corazones est\u00e1n con los que han perdido a sus seres queridos y est\u00e1n soportando un sufrimiento inimaginable.<\/p>","protected":false},"author":1,"featured_media":21998,"comment_status":"closed","ping_status":"closed","sticky":false,"template":"","format":"standard","meta":{"_acf_changed":false,"_eb_attr":"","footnotes":""},"categories":[784,614,617],"tags":[1079,688,873],"class_list":["post-33564","post","type-post","status-publish","format-standard","has-post-thumbnail","hentry","category-middle-east-north-africa","category-news","category-statement","tag-crisis","tag-gaza","tag-justice-compassion-love"],"acf":[],"_links":{"self":[{"href":"https:\/\/adra.org\/es\/wp-json\/wp\/v2\/posts\/33564","targetHints":{"allow":["GET"]}}],"collection":[{"href":"https:\/\/adra.org\/es\/wp-json\/wp\/v2\/posts"}],"about":[{"href":"https:\/\/adra.org\/es\/wp-json\/wp\/v2\/types\/post"}],"author":[{"embeddable":true,"href":"https:\/\/adra.org\/es\/wp-json\/wp\/v2\/users\/1"}],"replies":[{"embeddable":true,"href":"https:\/\/adra.org\/es\/wp-json\/wp\/v2\/comments?post=33564"}],"version-history":[{"count":4,"href":"https:\/\/adra.org\/es\/wp-json\/wp\/v2\/posts\/33564\/revisions"}],"predecessor-version":[{"id":48588,"href":"https:\/\/adra.org\/es\/wp-json\/wp\/v2\/posts\/33564\/revisions\/48588"}],"wp:featuredmedia":[{"embeddable":true,"href":"https:\/\/adra.org\/es\/wp-json\/wp\/v2\/media\/21998"}],"wp:attachment":[{"href":"https:\/\/adra.org\/es\/wp-json\/wp\/v2\/media?parent=33564"}],"wp:term":[{"taxonomy":"category","embeddable":true,"href":"https:\/\/adra.org\/es\/wp-json\/wp\/v2\/categories?post=33564"},{"taxonomy":"post_tag","embeddable":true,"href":"https:\/\/adra.org\/es\/wp-json\/wp\/v2\/tags?post=33564"}],"curies":[{"name":"wp","href":"https:\/\/api.w.org\/{rel}","templated":true}]}}