{"id":29505,"date":"2023-10-02T18:19:14","date_gmt":"2023-10-02T18:19:14","guid":{"rendered":"https:\/\/adra.org\/?p=29505"},"modified":"2026-04-16T13:54:47","modified_gmt":"2026-04-16T13:54:47","slug":"adra-appoints-three-new-vice-presidents","status":"publish","type":"post","link":"https:\/\/adra.org\/es\/adra-appoints-three-new-vice-presidents","title":{"rendered":"ADRA nombra a tres nuevos vicepresidentes"},"content":{"rendered":"<p>SILVER SPRING, MD (2 de octubre de 2023) - La Agencia Adventista de Desarrollo y Recursos Asistenciales (ADRA) ha anunciado el nombramiento de tres nuevos vicepresidentes.<\/p>\n\n\n\n<p>Charn\u00e9 Renou ha sido nombrado nuevo Vicepresidente de Finanzas de la agencia. <\/p>\n\n\n\n<p>Sonya Funna Evelyn ha sido nombrada vicepresidenta de la agencia para el \u00e1rea program\u00e1tica y humanitaria.<\/p>\n\n\n\n<p>Derris Krause ha sido nombrada nueva Vicepresidenta de Marketing y Desarrollo de la agencia.<\/p>\n\n\n\n<p><\/p>\n\n\n\n<h2 class=\"wp-block-heading\"><strong>Charn<\/strong><strong>\u00e9<\/strong><strong> Renou<\/strong><\/h2>\n\n\n\n<p>El nombramiento de la Sra. Renou se har\u00e1 efectivo lo antes posible y la fecha de inicio se comunicar\u00e1 en breve. Renou ocupar\u00e1 el puesto que hasta ahora ocupaba Olivier Guth, que se jubilar\u00e1 en un futuro pr\u00f3ximo tras trabajar para ADRA Internacional desde 1999 y 18 a\u00f1os en \u00c1frica.<\/p>\n\n\n\n<p>\u201cEstamos encantados de que Charn\u00e9 se una a nuestro equipo de liderazgo y esperamos con inter\u00e9s la experiencia que aporta a ADRA\u201d, dice Michael Kruger, presidente de ADRA Internacional. \u201cM\u00e1s all\u00e1 de sus conocimientos y experiencia en finanzas, es una pensadora estrat\u00e9gica y una l\u00edder segura de s\u00ed misma, que es exactamente lo que necesitamos de cara al futuro de ADRA.\u201d<\/p>\n\n\n\n<p><strong>Acerca de Charn<\/strong><strong>\u00e9 Renou<\/strong><\/p>\n\n\n\n<figure class=\"wp-block-image alignleft size-medium is-resized\"><img fetchpriority=\"high\" decoding=\"async\" src=\"https:\/\/adra.org\/wp-content\/uploads\/2023\/10\/Charne-300x184.png\" alt=\"\" class=\"wp-image-29506\" width=\"337\" height=\"207\" srcset=\"https:\/\/adra.org\/wp-content\/uploads\/2023\/10\/Charne-300x184.png 300w, https:\/\/adra.org\/wp-content\/uploads\/2023\/10\/Charne-768x472.png 768w, https:\/\/adra.org\/wp-content\/uploads\/2023\/10\/Charne.png 931w\" sizes=\"(max-width: 337px) 100vw, 337px\" \/><figcaption class=\"wp-element-caption\"><em>Charn\u00e9 Renou<\/em><\/figcaption><\/figure>\n\n\n\n<p>La Sra. Renou se unir\u00e1 a ADRA con una importante experiencia en finanzas y liderazgo. Antes de incorporarse a ADRA, ocup\u00f3 recientemente el cargo de Directora de Personas del Departamento de Auditor\u00eda de KPMG, una red mundial de firmas profesionales que ofrece servicios de auditor\u00eda, fiscales y de asesoramiento con sede en el Reino Unido.<\/p>\n\n\n\n<p>Durante sus a\u00f1os en la empresa, la Sra. Renou gestion\u00f3 y dirigi\u00f3 equipos de auditor\u00eda para varios de los 25 principales clientes de KPMG. Adem\u00e1s de su cartera de clientes, el papel de la Sra. Renou evolucion\u00f3 para incluir la asistencia al socio director de la empresa en la direcci\u00f3n de los aspectos \u201chumanos\u201d del departamento de auditor\u00eda. Ese apoyo estrat\u00e9gico inclu\u00eda la gesti\u00f3n del rendimiento y la formaci\u00f3n, as\u00ed como la contrataci\u00f3n, la retenci\u00f3n y la planificaci\u00f3n de recursos.<\/p>\n\n\n\n<p>Antes de incorporarse a KPMG, Renou trabaj\u00f3 para PwC en Stellenbosch y Ciudad del Cabo (Sud\u00e1frica) en funciones de contabilidad y auditor\u00eda. Entre sus clientes se encontraban empresas de los sectores de la sanidad, el comercio minorista y la agricultura, entre otros.<\/p>\n\n\n\n<p>La Sra. Renou es miembro profesional del Instituto Sudafricano de Contables Colegiados.<\/p>\n\n\n\n<h2 class=\"wp-block-heading\"><strong>Sonya Funna Evelyn<\/strong><\/h2>\n\n\n\n<p>La nueva funci\u00f3n de Funna Evelyn se sumar\u00e1 a la del vicepresidente de programas de la agencia, Imad Madanat, y permitir\u00e1 un enfoque intencionado y dedicado en las dos \u00e1reas de desarrollo y respuesta humanitaria, adem\u00e1s de proporcionar liderazgo estrat\u00e9gico para el crecimiento futuro a medida que ADRA implanta un nuevo marco estrat\u00e9gico global.<\/p>\n\n\n\n<p>\u201cSonya es un miembro especial de la familia ADRA, y estoy incre\u00edblemente feliz de verla en este nuevo papel\u201d, dice Michael Kruger, presidente de ADRA Internacional. \u201cSus a\u00f1os de liderazgo han ayudado a llevar a ADRA a donde est\u00e1 ahora, y no tengo ninguna duda de que su liderazgo en este papel continuar\u00e1 ayud\u00e1ndonos a crecer y a desafiarnos a nosotros mismos en los a\u00f1os venideros.\u201d<\/p>\n\n\n\n<p><strong>Acerca de Sonya Funna Evelyn<\/strong><\/p>\n\n\n\n<figure class=\"wp-block-image alignleft size-medium\"><img decoding=\"async\" width=\"241\" height=\"300\" src=\"https:\/\/adra.org\/wp-content\/uploads\/2023\/10\/Sonya-Funna-241x300.png\" alt=\"\" class=\"wp-image-29509\" srcset=\"https:\/\/adra.org\/wp-content\/uploads\/2023\/10\/Sonya-Funna-241x300.png 241w, https:\/\/adra.org\/wp-content\/uploads\/2023\/10\/Sonya-Funna.png 455w\" sizes=\"(max-width: 241px) 100vw, 241px\" \/><figcaption class=\"wp-element-caption\"><em>Sonya Funna Evelyn<\/em><\/figcaption><\/figure>\n\n\n\n<p>Funna Evelyn es directora s\u00e9nior de programas e innovaci\u00f3n de ADRA desde 2016.<\/p>\n\n\n\n<p>En su puesto, ha ayudado a definir la visi\u00f3n y la direcci\u00f3n de ADRA Internacional y ha gestionado y orientado a un equipo diverso de m\u00e1s de 30 expertos t\u00e9cnicos, de desarrollo empresarial y de aprendizaje de programas. Adem\u00e1s, Funna Evelyn ha ayudado a desarrollar asociaciones con corporaciones, agencias gubernamentales, instituciones acad\u00e9micas y fundaciones, y es una representante clave de ADRA ante donantes, socios y otras partes interesadas.<\/p>\n\n\n\n<p>Tambi\u00e9n fue la primera presidenta del trabajo de ADRA en materia de diversidad, equidad e inclusi\u00f3n para garantizar que las pol\u00edticas se ajustan a la realidad.<\/p>\n\n\n\n<p>Antes de su cargo actual, Funna Evelyn desempe\u00f1\u00f3 otras funciones de directora y asesora en ADRA y ha sido profesora adjunta en la Universidad Adventista de Washington.<\/p>\n\n\n\n<p>Funna Evelyn obtuvo un m\u00e1ster en estudios de desarrollo internacional en la Escuela Elliott de Asuntos Internacionales de la Universidad George Washington y un m\u00e1ster en psicolog\u00eda cl\u00ednica en la Universidad Pepperdine. Se licenci\u00f3 en psicolog\u00eda en la Universidad George Mason.<\/p>\n\n\n\n<h2 class=\"wp-block-heading\"><strong>Derris Krause<\/strong><\/h2>\n\n\n\n<p>El nombramiento de Krause es efectivo de forma inmediata y ocupa el puesto que anteriormente ocupaba Matthew Siliga, que ahora es vicepresidente de operaciones estrat\u00e9gicas y crecimiento de ADRA.<\/p>\n\n\n\n<p>\u201cDerris forma parte de la familia ADRA desde hace mucho tiempo y ya es un l\u00edder probado para nuestro equipo de marketing y desarrollo\u201d, afirma Michael Kruger, presidente de ADRA International. \u201cCon su amplia experiencia en esta \u00e1rea y su compromiso con la construcci\u00f3n de otros como l\u00edderes tambi\u00e9n, estoy seguro de que ser\u00e1 una adici\u00f3n excelente y eficaz a nuestro equipo ejecutivo.\u201d<\/p>\n\n\n\n<p><strong>Acerca de Derris Krause<\/strong><\/p>\n\n\n\n<figure class=\"wp-block-image alignleft size-medium\"><img decoding=\"async\" width=\"200\" height=\"300\" src=\"https:\/\/adra.org\/wp-content\/uploads\/2023\/10\/Derris-200x300.png\" alt=\"\" class=\"wp-image-29508\" srcset=\"https:\/\/adra.org\/wp-content\/uploads\/2023\/10\/Derris-200x300.png 200w, https:\/\/adra.org\/wp-content\/uploads\/2023\/10\/Derris-683x1024.png 683w, https:\/\/adra.org\/wp-content\/uploads\/2023\/10\/Derris.png 698w\" sizes=\"(max-width: 200px) 100vw, 200px\" \/><figcaption class=\"wp-element-caption\"><em>Derris Krause<\/em><\/figcaption><\/figure>\n\n\n\n<p>Krause es director senior de desarrollo de ADRA Internacional desde 2022, pero su carrera en ADRA comenz\u00f3 en 1987.<\/p>\n\n\n\n<p>Ocup\u00f3 varios cargos en la agencia, empezando como director adjunto de voluntariado y recaudaci\u00f3n de fondos y terminando como director de grandes donaciones y donaciones planificadas, antes de dejarlo en 2011 para trabajar como director de marketing y grandes donaciones, y luego vicepresidente de marketing y recaudaci\u00f3n de fondos, en Hope Channel.<\/p>\n\n\n\n<p>Despu\u00e9s de Hope Channel, el Sr. Kraus se uni\u00f3 a WGTS 91.9, una estaci\u00f3n de radio de m\u00fasica cristiana del \u00e1rea metropolitana de Washington, D.C., en 2016, donde se desempe\u00f1\u00f3 como oficial de donaciones mayores y planificadas hasta que regres\u00f3 a ADRA en 2022.<\/p>\n\n\n\n<p>El Sr. Kraus posee un m\u00e1ster en administraci\u00f3n con especializaci\u00f3n en desarrollo internacional por la Andrew's University, as\u00ed como una licenciatura en teolog\u00eda por el Pacific Union College. Tambi\u00e9n posee certificados en gesti\u00f3n de recaudaci\u00f3n de fondos, servicios fiduciarios, planificaci\u00f3n patrimonial, recursos humanos y mantenimiento de aviaci\u00f3n. Tambi\u00e9n tiene licencia de piloto comercial y mec\u00e1nico de aviaci\u00f3n y es ministro ordenado de la Iglesia Adventista del S\u00e9ptimo D\u00eda.<\/p>","protected":false},"excerpt":{"rendered":"<p>The Adventist Development &#038; Relief Agency (ADRA) has announced the appointment of three new vice presidents.<\/p>","protected":false},"author":1,"featured_media":21998,"comment_status":"closed","ping_status":"closed","sticky":false,"template":"","format":"standard","meta":{"_acf_changed":false,"_eb_attr":"","footnotes":""},"categories":[614,11],"tags":[1035],"class_list":["post-29505","post","type-post","status-publish","format-standard","has-post-thumbnail","hentry","category-news","category-press-release","tag-adra-vice-president"],"acf":[],"_links":{"self":[{"href":"https:\/\/adra.org\/es\/wp-json\/wp\/v2\/posts\/29505","targetHints":{"allow":["GET"]}}],"collection":[{"href":"https:\/\/adra.org\/es\/wp-json\/wp\/v2\/posts"}],"about":[{"href":"https:\/\/adra.org\/es\/wp-json\/wp\/v2\/types\/post"}],"author":[{"embeddable":true,"href":"https:\/\/adra.org\/es\/wp-json\/wp\/v2\/users\/1"}],"replies":[{"embeddable":true,"href":"https:\/\/adra.org\/es\/wp-json\/wp\/v2\/comments?post=29505"}],"version-history":[{"count":10,"href":"https:\/\/adra.org\/es\/wp-json\/wp\/v2\/posts\/29505\/revisions"}],"predecessor-version":[{"id":48581,"href":"https:\/\/adra.org\/es\/wp-json\/wp\/v2\/posts\/29505\/revisions\/48581"}],"wp:featuredmedia":[{"embeddable":true,"href":"https:\/\/adra.org\/es\/wp-json\/wp\/v2\/media\/21998"}],"wp:attachment":[{"href":"https:\/\/adra.org\/es\/wp-json\/wp\/v2\/media?parent=29505"}],"wp:term":[{"taxonomy":"category","embeddable":true,"href":"https:\/\/adra.org\/es\/wp-json\/wp\/v2\/categories?post=29505"},{"taxonomy":"post_tag","embeddable":true,"href":"https:\/\/adra.org\/es\/wp-json\/wp\/v2\/tags?post=29505"}],"curies":[{"name":"wp","href":"https:\/\/api.w.org\/{rel}","templated":true}]}}