{"id":25536,"date":"2023-01-17T19:34:42","date_gmt":"2023-01-17T19:34:42","guid":{"rendered":"https:\/\/adra.org\/?p=25536"},"modified":"2026-04-22T13:33:43","modified_gmt":"2026-04-22T13:33:43","slug":"inspired-by-dr-martin-luther-king-jr","status":"publish","type":"post","link":"https:\/\/adra.org\/es\/inspired-by-dr-martin-luther-king-jr","title":{"rendered":"Inspirado por el Dr. Martin Luther King Jr."},"content":{"rendered":"<p>Mientras Estados Unidos celebra una fiesta nacional en honor de un hombre que vivi\u00f3 una vida de servicio, el Dr. Martin Luther King Jr., los miembros del personal de ADRA reflexionan sobre c\u00f3mo sus palabras y acciones influyeron en sus vidas.<\/p>\n\n\n\n<div style=\"height:25px\" aria-hidden=\"true\" class=\"wp-block-spacer\"><\/div>\n\n\n\n<p><strong>Billy Andre: Nunca indiferente<\/strong><\/p>\n\n\n\n<p>El joven Billy volv\u00eda un d\u00eda a casa cuando se fij\u00f3 en un vagabundo que sangraba abundantemente delante de un McDonald's. La gente le pasaba a derecha e izquierda, pero nadie se paraba a ayudarle. La gente se cruzaba con \u00e9l a derecha e izquierda, pero nadie se paraba a ayudarle. Gritando a alguien que llamara al 911, Billy corri\u00f3 a quedarse con el hombre y atenderlo hasta que llegara la ambulancia.<\/p>\n\n\n\n<figure class=\"wp-block-image alignleft size-large is-resized\"><img fetchpriority=\"high\" decoding=\"async\" src=\"https:\/\/adra.org\/wp-content\/uploads\/2023\/01\/IMG_2160-718x1024.jpg\" alt=\"\" class=\"wp-image-25590\" width=\"359\" height=\"512\" srcset=\"https:\/\/adra.org\/wp-content\/uploads\/2023\/01\/IMG_2160-718x1024.jpg 718w, https:\/\/adra.org\/wp-content\/uploads\/2023\/01\/IMG_2160-210x300.jpg 210w, https:\/\/adra.org\/wp-content\/uploads\/2023\/01\/IMG_2160-768x1096.jpg 768w, https:\/\/adra.org\/wp-content\/uploads\/2023\/01\/IMG_2160-1076x1536.jpg 1076w, https:\/\/adra.org\/wp-content\/uploads\/2023\/01\/IMG_2160-1435x2048.jpg 1435w, https:\/\/adra.org\/wp-content\/uploads\/2023\/01\/IMG_2160-scaled.jpg 1794w\" sizes=\"(max-width: 359px) 100vw, 359px\" \/><\/figure>\n\n\n\n<p><em>\u201cOh, s\u00ed, ha estado all\u00ed durante 15 o 20 minutos,\u201d <\/em>dijo una mujer al pasar. Billy no pod\u00eda creer lo que o\u00eda. Aqu\u00ed hab\u00eda un hombre que estaba literalmente desangr\u00e1ndose. Cientos o quiz\u00e1s miles de personas hab\u00edan pasado a su lado. Y ni una sola persona hab\u00eda hecho siquiera lo m\u00ednimo para ayudar.<\/p>\n\n\n\n<p><em>\u201cA partir de esa experiencia, vi que Dios siempre puede utilizarnos\u201d.\u201d <\/em>afirma Billy Andre, director del programa de respuesta de emergencia de ADRA para \u00c1frica y Europa.<em> \u201cS\u00f3lo tenemos que estar dispuestos\u201d.\u201d<\/em><\/p>\n\n\n\n<p>Andre se inspira en el Dr. King para vivir una vida de servicio. \u201c<em>MLK anim\u00f3 a la gente a no ser indiferente a nadie, en ning\u00fan momento y en ning\u00fan lugar\u201d.\u201d <\/em>dice Andr\u00e9.<\/p>\n\n\n\n<p>Cuando Andr\u00e9 se enter\u00f3 de que el Dr. King llevaba consigo un libro de su mentor, Howard Thurman, titulado <em>Jes\u00fas y los desheredados<\/em>, Andre decidi\u00f3 leerlo por s\u00ed mismo. En este libro, ley\u00f3 acerca de Jes\u00fas como una fuerza poderosa. <em>\u201cEra muy cercano porque no ten\u00eda miedo de ayudar a los m\u00e1s vulnerables. Era un refugiado, un sin techo y un pobre como ellos\u201d.\u201d<\/em> dice Andr\u00e9. <em>\u201cEl libro ha sido mi llamada a la acci\u00f3n\u201d.\u201d<\/em><\/p>\n\n\n\n<p>Mientras coordina proyectos de emergencia en \u00c1frica, Europa y el resto del mundo, Andre se inspira en el Dr. King para vivir su vida. \u201c<em>Estudiando lo que hac\u00eda, descubr\u00ed lo que le motivaba, e intent\u00e9 aprender de ello para poder tener un impacto poderoso\u201d.\u201d <\/em>dice Andr\u00e9. <em>\u201cSigui\u00f3 los pasos de Jes\u00fas. Si hago lo mismo tambi\u00e9n tendr\u00e9 un impacto similar\u201d.\u201d<\/em> Y eso es exactamente lo que Andre adora de su trabajo. Trabajando para ADRA, Andre puede influir en la vida de cientos, si no miles, de personas.<\/p>\n\n\n\n<div style=\"height:25px\" aria-hidden=\"true\" class=\"wp-block-spacer\"><\/div>\n\n\n\n<p><strong>Mayra del Villar-Malcolm: Comunidad querida<\/strong><\/p>\n\n\n\n<p>Cuando un hurac\u00e1n azot\u00f3 la Rep\u00fablica Dominicana, la joven Mayra ayud\u00f3 a su madre a organizar un env\u00edo de art\u00edculos donados que la comunidad hab\u00eda recibido de ADRA. Era su primera experiencia con la organizaci\u00f3n, pero no su primer contacto con el servicio.<\/p>\n\n\n\n<figure class=\"wp-block-image alignright size-full is-resized\"><img decoding=\"async\" src=\"https:\/\/adra.org\/wp-content\/uploads\/2023\/01\/8D11461F-F5BB-40D0-99C7-E413A0990140-rotated.jpeg\" alt=\"\" class=\"wp-image-25591\" width=\"425\" height=\"638\" srcset=\"https:\/\/adra.org\/wp-content\/uploads\/2023\/01\/8D11461F-F5BB-40D0-99C7-E413A0990140-rotated.jpeg 567w, https:\/\/adra.org\/wp-content\/uploads\/2023\/01\/8D11461F-F5BB-40D0-99C7-E413A0990140-200x300.jpeg 200w\" sizes=\"(max-width: 425px) 100vw, 425px\" \/><\/figure>\n\n\n\n<p>Los padres de Mayra siempre se preocuparon por las necesidades de los dem\u00e1s. Su madre era la directora de una gran escuela adventista. La madre de Mayra estaba decidida a incluir a todo el que quisiera asistir, aunque no pudiera pagar la matr\u00edcula de la forma tradicional. <em>\u201cSi hab\u00eda una silla en esa habitaci\u00f3n, ese chico estaba dentro,\u201d <\/em>dice Mayra del Villar-Malcom, que ahora trabaja como enlace para los empleados de servicios de ADRA Internacional.<\/p>\n\n\n\n<p>Ya de ni\u00f1a, Mayra imitaba las acciones de su madre yendo a las comunidades pobres con tableros de fieltro y fieltros en la mano para contar historias b\u00edblicas a los ni\u00f1os.<\/p>\n\n\n\n<p>Al trasladarse a Estados Unidos, Villar-Malcolm empez\u00f3 a conocer mejor la obra de Martin Luther King, Jr. <em>\u201cMe gust\u00f3 especialmente el concepto de comunidad querida\u201d.\u201d <\/em>dice Villar-Malcolm, <em>\u201cUna comunidad en la que se cuida de todos. Donde no haya pobreza, ni hambre, ni odio. Eso tambi\u00e9n coincide con mis valores cristianos\u201d.\u201d<\/em><\/p>\n\n\n\n<p>Es este valor el que llev\u00f3 a Villar-Malcolm a trabajar para ADRA. <em>\u201cOfrecemos servicios a todo el mundo, independientemente de su raza, nacionalidad, sexo, educaci\u00f3n, recursos econ\u00f3micos o religi\u00f3n\u201d.\u201d <\/em>dice Villar-Malcolm, <em>\u201cIntentamos contribuir y crear comunidades que sean en gran medida la comunidad querida que imagin\u00f3 el Dr. King\u201d.\u201d<\/em><\/p>\n\n\n\n<p>Al ayudar a crear este tipo de comunidad, Villar-Malcom est\u00e1 cumpliendo la misi\u00f3n que Dios le ha encomendado. <em>\u201cLa querida comunidad de la que habl\u00f3 el Dr. King,\u201d<\/em> dice Villar-Malcom, <em>\u201cEse es el tipo de reino que imagino que Jes\u00fas querr\u00eda para nosotros\u201d.\u201d<\/em><\/p>\n\n\n\n<div style=\"height:25px\" aria-hidden=\"true\" class=\"wp-block-spacer\"><\/div>\n\n\n\n<p><strong>JoDee Fairbanks: Justicia, compasi\u00f3n y amor<\/strong>\u00a0\u00a0\u00a0\u00a0\u00a0\u00a0\u00a0\u00a0<\/p>\n\n\n\n<p>La peque\u00f1a JoDee hoje\u00f3 los materiales de ADRA que hab\u00edan recibido sus padres. Se sinti\u00f3 movida a ayudar. A los 8 a\u00f1os, JoDee ya daba dinero a ADRA y estaba segura de que, cuando fuera mayor, se har\u00eda misionera para poder ayudar a la gente que ve\u00eda en las fotos.<\/p>\n\n\n\n<figure class=\"wp-block-image alignleft size-large is-resized\"><img decoding=\"async\" src=\"https:\/\/adra.org\/wp-content\/uploads\/2023\/01\/A755AE7E-1A41-4AD0-B0B4-D3EDA662E38B-1-769x1024.jpeg\" alt=\"\" class=\"wp-image-25592\" width=\"385\" height=\"512\" srcset=\"https:\/\/adra.org\/wp-content\/uploads\/2023\/01\/A755AE7E-1A41-4AD0-B0B4-D3EDA662E38B-1-769x1024.jpeg 769w, https:\/\/adra.org\/wp-content\/uploads\/2023\/01\/A755AE7E-1A41-4AD0-B0B4-D3EDA662E38B-1-225x300.jpeg 225w, https:\/\/adra.org\/wp-content\/uploads\/2023\/01\/A755AE7E-1A41-4AD0-B0B4-D3EDA662E38B-1-768x1022.jpeg 768w, https:\/\/adra.org\/wp-content\/uploads\/2023\/01\/A755AE7E-1A41-4AD0-B0B4-D3EDA662E38B-1-1154x1536.jpeg 1154w, https:\/\/adra.org\/wp-content\/uploads\/2023\/01\/A755AE7E-1A41-4AD0-B0B4-D3EDA662E38B-1-1539x2048.jpeg 1539w, https:\/\/adra.org\/wp-content\/uploads\/2023\/01\/A755AE7E-1A41-4AD0-B0B4-D3EDA662E38B-1-scaled.jpeg 1923w\" sizes=\"(max-width: 385px) 100vw, 385px\" \/><\/figure>\n\n\n\n<p>A medida que crec\u00eda, JoDee tuvo la oportunidad de ir a varios viajes misioneros de corta duraci\u00f3n y particip\u00f3 en actividades de la iglesia. \u201c<em>El servicio siempre ha sido una forma de vida para m\u00ed\u201d, s<\/em>ays JoDee Fairbanks, que ahora trabaja como responsable de programas en ADRA. <em>\u201cMis padres siempre han tenido coraz\u00f3n de servicio\u201d.\u201d<\/em><\/p>\n\n\n\n<p>En el instituto, JoDee tuvo otra experiencia que le cambi\u00f3 la vida al leer las Cartas de Birmingham del Dr. King, que escribi\u00f3 desde la c\u00e1rcel. <em>\u201cLeer las cartas de Birmingham fue para m\u00ed una experiencia muy emotiva y profunda\u201d.\u201d<\/em> dice Fairbanks. <em>\u201c<\/em><em>Su llamamiento a la justicia y la equidad fue, directamente, algo hermoso\u201d.\u201d<\/em><\/p>\n\n\n\n<p>Ve\u00eda en esas cartas los mismos valores con los que la hab\u00edan educado sus padres. \u201c<em>No importa de d\u00f3nde vengas\u201d.\u201d<\/em> dice Fairbanks, <em>\u201cSe te respeta porque eres hijo de Dios\u201d.\u201d<\/em><\/p>\n\n\n\n<p>A una clase de terminar su m\u00e1ster en desarrollo internacional comunitario por la Universidad Andrews de Berrien Springs, Michigan, Fairbanks est\u00e1 lanzando su carrera en una organizaci\u00f3n que comparte los valores del Dr. King. <em>\u201cEl lema de ADRA es servir a la humanidad como Dios manda\u201d.\u201d<\/em> dice Fairbanks, <em>\u201cy nuestro lema es justicia, compasi\u00f3n y amor. Y creo que eso encaja muy bien con lo que era el Dr. King. \u00c9l hablaba de justicia, compasi\u00f3n, amor, igualdad y de servir como Dios manda\u201d.\u201d<\/em><\/p>\n\n\n\n<p>Este D\u00eda de MLK, Fairbanks espera transmitir el legado del Dr. King a su sobrina de 5 a\u00f1os. <em>\u201c\u00daltimamente ha tenido problemas con el color de la piel\u201d.\u201d<\/em> dice Fairbanks, <em>\u201cy me rompe el coraz\u00f3n. Quiero ense\u00f1arle el legado de Martin Luther King, Jr. y la fuerza que ten\u00eda para la gente\u2019.\u201d<\/em><\/p>","protected":false},"excerpt":{"rendered":"<p>Mientras Estados Unidos celebra una fiesta nacional en honor de un hombre que vivi\u00f3 una vida de servicio, el Dr. Martin Luther King Jr., los miembros del personal de ADRA reflexionan sobre c\u00f3mo sus palabras y acciones influyeron en sus vidas.<\/p>","protected":false},"author":46,"featured_media":25470,"comment_status":"closed","ping_status":"closed","sticky":false,"template":"","format":"standard","meta":{"_acf_changed":false,"_eb_attr":"","footnotes":""},"categories":[615,792],"tags":[1099,8,29,873,1159,301],"class_list":["post-25536","post","type-post","status-publish","format-standard","has-post-thumbnail","hentry","category-blog","category-united-states","tag-adventist-education","tag-emergency-response","tag-hurricane","tag-justice-compassion-love","tag-social-behavior-change","tag-social-justice"],"acf":[],"_links":{"self":[{"href":"https:\/\/adra.org\/es\/wp-json\/wp\/v2\/posts\/25536","targetHints":{"allow":["GET"]}}],"collection":[{"href":"https:\/\/adra.org\/es\/wp-json\/wp\/v2\/posts"}],"about":[{"href":"https:\/\/adra.org\/es\/wp-json\/wp\/v2\/types\/post"}],"author":[{"embeddable":true,"href":"https:\/\/adra.org\/es\/wp-json\/wp\/v2\/users\/46"}],"replies":[{"embeddable":true,"href":"https:\/\/adra.org\/es\/wp-json\/wp\/v2\/comments?post=25536"}],"version-history":[{"count":6,"href":"https:\/\/adra.org\/es\/wp-json\/wp\/v2\/posts\/25536\/revisions"}],"predecessor-version":[{"id":48695,"href":"https:\/\/adra.org\/es\/wp-json\/wp\/v2\/posts\/25536\/revisions\/48695"}],"wp:featuredmedia":[{"embeddable":true,"href":"https:\/\/adra.org\/es\/wp-json\/wp\/v2\/media\/25470"}],"wp:attachment":[{"href":"https:\/\/adra.org\/es\/wp-json\/wp\/v2\/media?parent=25536"}],"wp:term":[{"taxonomy":"category","embeddable":true,"href":"https:\/\/adra.org\/es\/wp-json\/wp\/v2\/categories?post=25536"},{"taxonomy":"post_tag","embeddable":true,"href":"https:\/\/adra.org\/es\/wp-json\/wp\/v2\/tags?post=25536"}],"curies":[{"name":"wp","href":"https:\/\/api.w.org\/{rel}","templated":true}]}}