{"id":2248,"date":"2015-04-25T12:33:08","date_gmt":"2015-04-25T12:33:08","guid":{"rendered":"https:\/\/adra.org\/?p=2248"},"modified":"2026-04-07T20:25:03","modified_gmt":"2026-04-07T20:25:03","slug":"pray-for-victims-of-earthquake-in-nepal-2","status":"publish","type":"post","link":"https:\/\/adra.org\/es\/pray-for-victims-of-earthquake-in-nepal-2","title":{"rendered":"Rezar por las v\u00edctimas del terremoto en Nepal"},"content":{"rendered":"<h2>ADRA Emergency Director: \u201cPray for Victims of Earthquake in Nepal\u201d<\/h2>\n<p>Updated on April 25 at 3:44 p.m.<br \/>\nKATHMANDU, NEPAL\u2014 A 7.8 magnitude earthquake shook Nepal about 50 miles from its capital, Kathmandu, on Saturday, leveling buildings and killing hundreds. <a title=\"CNN: 7.8 Magnitude earthquake slams Nepal, some 600 dead, authorities say\" href=\"http:\/\/http:\/\/www.cnn.com\/2015\/04\/25\/asia\/nepal-earthquake-7-5-magnitude\/\" target=\"_blank\" rel=\"noopener noreferrer\">News sources<\/a> are reporting 1,400 deaths so far, with the death toll rising.<\/p>\n<p>The earthquake hit around midday local time, flattening buildings while locals and tourists scrambled to get outside into open spaces. Tremors have been felt as far from the epicenter as New Delhi.<\/p>\n<p>&#8220;First reports suggest that the destruction is widespread and devastating,&#8221; said Thierry Van Bignoot, ADRA\u2019s Director for Emergency Management. &#8220;At this time, we ask for your prayers for the people of Nepal and for our team on the ground. We are in the process of finding out more about what\u2019s happened there.&#8221;<\/p>\n<p>All ADRA staff has been accounted for and are safe.<\/p>\n<p>&#8220;I praise God that the ADRA staff is all safe, however, they need our prayers, as do the people of Nepal at this sad time,&#8221; said Robert Patton, ADRA&#8217;s Emergency Management Advisor in an email communication today. &#8220;At this time we know that up to 80 percent of houses closest to the epicenter of the earthquake are damaged or destroyed.&#8221;<\/p>\n<p>More information to come as the story develops.<\/p>","protected":false},"excerpt":{"rendered":"<p>Un terremoto de magnitud 7,8 sacudi\u00f3 Nepal el s\u00e1bado a unos 80 kil\u00f3metros de su capital, Katmand\u00fa, arrasando edificios y matando a cientos de personas. Las fuentes de noticias informan de 1.400 muertos hasta el momento, y el n\u00famero de v\u00edctimas va en aumento.<\/p>","protected":false},"author":1,"featured_media":2250,"comment_status":"open","ping_status":"open","sticky":false,"template":"","format":"standard","meta":{"_acf_changed":false,"_eb_attr":"","footnotes":""},"categories":[780,590,795,11],"tags":[6,7,8,833,1034],"class_list":["post-2248","post","type-post","status-publish","format-standard","has-post-thumbnail","hentry","category-asia","category-emergency","category-nepal","category-press-release","tag-disaster-relief","tag-earthquake","tag-emergency-response","tag-emergency-response-team-ert","tag-thierry-van-bignoot"],"acf":[],"_links":{"self":[{"href":"https:\/\/adra.org\/es\/wp-json\/wp\/v2\/posts\/2248","targetHints":{"allow":["GET"]}}],"collection":[{"href":"https:\/\/adra.org\/es\/wp-json\/wp\/v2\/posts"}],"about":[{"href":"https:\/\/adra.org\/es\/wp-json\/wp\/v2\/types\/post"}],"author":[{"embeddable":true,"href":"https:\/\/adra.org\/es\/wp-json\/wp\/v2\/users\/1"}],"replies":[{"embeddable":true,"href":"https:\/\/adra.org\/es\/wp-json\/wp\/v2\/comments?post=2248"}],"version-history":[{"count":3,"href":"https:\/\/adra.org\/es\/wp-json\/wp\/v2\/posts\/2248\/revisions"}],"predecessor-version":[{"id":47295,"href":"https:\/\/adra.org\/es\/wp-json\/wp\/v2\/posts\/2248\/revisions\/47295"}],"wp:featuredmedia":[{"embeddable":true,"href":"https:\/\/adra.org\/es\/wp-json\/wp\/v2\/media\/2250"}],"wp:attachment":[{"href":"https:\/\/adra.org\/es\/wp-json\/wp\/v2\/media?parent=2248"}],"wp:term":[{"taxonomy":"category","embeddable":true,"href":"https:\/\/adra.org\/es\/wp-json\/wp\/v2\/categories?post=2248"},{"taxonomy":"post_tag","embeddable":true,"href":"https:\/\/adra.org\/es\/wp-json\/wp\/v2\/tags?post=2248"}],"curies":[{"name":"wp","href":"https:\/\/api.w.org\/{rel}","templated":true}]}}