{"id":21991,"date":"2021-10-07T17:47:04","date_gmt":"2021-10-07T17:47:04","guid":{"rendered":"https:\/\/adra.org\/?p=21991"},"modified":"2026-04-22T13:50:00","modified_gmt":"2026-04-22T13:50:00","slug":"supporter-spotlight-doreens-story","status":"publish","type":"post","link":"https:\/\/adra.org\/es\/supporter-spotlight-doreens-story","title":{"rendered":"Colaborador destacado: La historia de Doreen"},"content":{"rendered":"<p>Doreen, colaboradora de ADRA, creci\u00f3 en Santa Elena, una isla muy peque\u00f1a del Atl\u00e1ntico. La isla, uno de los lugares m\u00e1s aislados del mundo, tiene menos de 5.000 habitantes y es m\u00e1s conocida por ser el lugar donde Napole\u00f3n Bonaparte pas\u00f3 su exilio y finalmente muri\u00f3.<\/p>\n\n\n\n<p>La isla era el tipo de lugar donde no hab\u00eda personas sin hogar ni familias que pasasen hambre, por lo que trasladarse a Estados Unidos fue revelador para Doreen.<\/p>\n\n\n\n<p>\u201cCuando llegu\u00e9 a Estados Unidos, vi muchas cosas. Llor\u00e9\u201d, dice Doreen. \u201cLo primero que vi fue a alguien viviendo en una casa de peri\u00f3dicos en el centro de Cleveland. Eso s\u00ed que me hizo llorar porque nunca hab\u00eda visto nada parecido\u201d.\u201d<\/p>\n\n\n\n<p>Doreen fue educada para ayudar a los dem\u00e1s. Su madre, que acaba de fallecer dos semanas antes de cumplir 98 a\u00f1os, perdi\u00f3 a su marido cuando Doreen ten\u00eda ocho a\u00f1os, pero fue un ejemplo de servicio para sus hijos durante toda su vida.&nbsp;<\/p>\n\n\n\n<p>\u201cSiempre he dado. Nos ense\u00f1aron desde peque\u00f1os a compartir, y eso es lo que he estado haciendo\u201d, dijo Doreen. \u201cCreo que el Se\u00f1or siempre pondr\u00e1 ese deseo en mi coraz\u00f3n hasta que \u00c9l venga o hasta que yo exhale mi \u00faltimo aliento\u201d.\u201d<\/p>\n\n\n\n<p>Poco despu\u00e9s de mudarse a Estados Unidos, Doreen empez\u00f3 a o\u00edr hablar de ADRA a trav\u00e9s de la iglesia y de los materiales que recib\u00eda. Le entusiasm\u00f3 ver c\u00f3mo su iglesia atend\u00eda necesidades reales de la gente.<\/p>\n\n\n\n<p>\u201cEnseguida pens\u00e9 en la casa del peri\u00f3dico.<\/p>\n\n\n\n<p>Una de las historias que m\u00e1s le llam\u00f3 la atenci\u00f3n fue la de una mujer que se qued\u00f3 al cuidado de sus nietos tras la muerte del resto de sus familiares.<\/p>\n\n\n\n<p>\u201cMe lleg\u00f3 al coraz\u00f3n\u201d, nos dijo Doreen. \u201cDijo que ten\u00eda una sola manta y que tapaba a sus hijos con la falda. Pens\u00e9: \u2018Vaya, \u00bfcu\u00e1nto desperdicio veo? Hay gente que tiene dos, tres o cuatro mantas en casa\u2019. Por eso me encanta contribuir a ADRA\u201d.\u201d<\/p>\n\n\n\n<p>Doreen y su marido, Guy, llevan 25 a\u00f1os apoyando a ADRA.<\/p>\n\n\n\n<p>\u201cLo que ocurre con ADRA es que van y se quedan all\u00ed y ayudan a la gente a saber c\u00f3mo sobrevivir. No se limitan a dejar un cami\u00f3n o un avi\u00f3n cargado de cosas y marcharse. Eso es lo que realmente me gusta de ellos\u201d, dijo Doreen. \u201cNo tengo ninguna preocupaci\u00f3n ni inquietud. Incluso si no digo lo que he donado, cuando llamo, me encanta el personal. Siempre son tan amables. Me preguntan si necesito que recen por algo\u201d.\u201d<\/p>\n\n\n\n<p>Doreen y Guy comparten su apoyo como donantes mensuales de ADRA, pero estamos agradecidos por cada simpatizante que comparte una donaci\u00f3n, una oraci\u00f3n o palabras amables para nuestro ministerio. Nuestro trabajo s\u00f3lo es posible gracias a las bendiciones que cada uno de ustedes comparte con nosotros. \u201cCreo que hemos sido bendecidos para bendecir a otros\u201d, nos dice Doreen, y nosotros no podr\u00edamos estar m\u00e1s de acuerdo.<\/p>","protected":false},"excerpt":{"rendered":"<p>Doreen, colaboradora de ADRA, creci\u00f3 en Santa Elena, una isla muy peque\u00f1a del Atl\u00e1ntico.<\/p>","protected":false},"author":1,"featured_media":21992,"comment_status":"closed","ping_status":"closed","sticky":false,"template":"","format":"standard","meta":{"_acf_changed":false,"_eb_attr":"","footnotes":""},"categories":[615],"tags":[743,873,1137],"class_list":["post-21991","post","type-post","status-publish","format-standard","has-post-thumbnail","hentry","category-blog","tag-gift-catalog","tag-justice-compassion-love","tag-ways-to-give"],"acf":[],"_links":{"self":[{"href":"https:\/\/adra.org\/es\/wp-json\/wp\/v2\/posts\/21991","targetHints":{"allow":["GET"]}}],"collection":[{"href":"https:\/\/adra.org\/es\/wp-json\/wp\/v2\/posts"}],"about":[{"href":"https:\/\/adra.org\/es\/wp-json\/wp\/v2\/types\/post"}],"author":[{"embeddable":true,"href":"https:\/\/adra.org\/es\/wp-json\/wp\/v2\/users\/1"}],"replies":[{"embeddable":true,"href":"https:\/\/adra.org\/es\/wp-json\/wp\/v2\/comments?post=21991"}],"version-history":[{"count":5,"href":"https:\/\/adra.org\/es\/wp-json\/wp\/v2\/posts\/21991\/revisions"}],"predecessor-version":[{"id":48705,"href":"https:\/\/adra.org\/es\/wp-json\/wp\/v2\/posts\/21991\/revisions\/48705"}],"wp:featuredmedia":[{"embeddable":true,"href":"https:\/\/adra.org\/es\/wp-json\/wp\/v2\/media\/21992"}],"wp:attachment":[{"href":"https:\/\/adra.org\/es\/wp-json\/wp\/v2\/media?parent=21991"}],"wp:term":[{"taxonomy":"category","embeddable":true,"href":"https:\/\/adra.org\/es\/wp-json\/wp\/v2\/categories?post=21991"},{"taxonomy":"post_tag","embeddable":true,"href":"https:\/\/adra.org\/es\/wp-json\/wp\/v2\/tags?post=21991"}],"curies":[{"name":"wp","href":"https:\/\/api.w.org\/{rel}","templated":true}]}}