{"id":16482,"date":"2020-02-13T17:33:22","date_gmt":"2020-02-13T17:33:22","guid":{"rendered":"https:\/\/adra.org\/?p=16482"},"modified":"2026-03-31T16:47:52","modified_gmt":"2026-03-31T16:47:52","slug":"16482-2","status":"publish","type":"post","link":"https:\/\/adra.org\/es\/16482-2","title":{"rendered":"Comunicado de prensa"},"content":{"rendered":"<h3>El Ministro de Educaci\u00f3n de Liberia apoya la petici\u00f3n \"Todos los ni\u00f1os a la escuela<\/h3>\n\n\n<p><strong>Silver Spring, MD (13 de febrero de 2020)<\/strong> - Para obtener apoyo a la <a href=\"https:\/\/inschool.adra.org\/petition\"><em>Todos los ni\u00f1os en la escuela <\/em><\/a>la Agencia Adventista de Desarrollo y Recursos Asistenciales de la regi\u00f3n de \u00c1frica Occidental ha trabajado en estrecha colaboraci\u00f3n con la Iglesia Adventista y miembros de la comunidad para dar a conocer la petici\u00f3n. Desde el lanzamiento de la campa\u00f1a el a\u00f1o pasado, se han recogido casi 100.000 firmas en Costa de Marfil (\u00c1frica Occidental).<\/p>\n\n\n\n<p>Se corri\u00f3 la voz de la campa\u00f1a entre los funcionarios del gobierno, incluido el Ministro de Educaci\u00f3n de Liberia, Ansu D. Sonii, Sr., que elogi\u00f3 la causa mundial. En un v\u00eddeo testimonial, el ministro de Educaci\u00f3n comparti\u00f3 sus opiniones sobre la educaci\u00f3n, un tema muy arraigado que le apasiona.&nbsp;<\/p>\n\n\n\n<p>\u201cLa educaci\u00f3n es la base de todas las dem\u00e1s capacidades\u201d, dice Sonii, padre, \u201cy es por todas las dem\u00e1s capacidades, por lo que este llamamiento es general\u201d.\u201d&nbsp;<\/p>\n\n\n\n<p>Sonii, padre, un adventista del s\u00e9ptimo d\u00eda que pas\u00f3 cuatro d\u00e9cadas en el servicio como contable p\u00fablico certificado, ejecutivo de finanzas, instructor y decano de universidad, por nombrar algunos, no es ajeno a ver el valor de la educaci\u00f3n. Cuando se enter\u00f3 de la campa\u00f1a conjunta encabezada por la Iglesia Adventista y ADRA, Sonii, Sr., se vio obligado a grabarse en v\u00eddeo reconociendo los esfuerzos de la iglesia y la agencia humanitaria.&nbsp;<\/p>\n\n\n\n<p>\u201cTenemos que firmar la petici\u00f3n pidiendo apoyo sin l\u00edmites, sin fronteras\u201d, afirma Sonii, padre.&nbsp;<\/p>\n\n\n\n<p>Dijo que al firmar la petici\u00f3n, el esfuerzo de las bases ser\u00eda un llamamiento urgente al gobierno para que haga de la educaci\u00f3n una prioridad para los ni\u00f1os de Liberia. Obtendr\u00e1n los recursos necesarios para apoyar sus esfuerzos educativos si la educaci\u00f3n es una prioridad, afirma Sonii, Sr..&nbsp;<\/p>\n\n\n\n<p>La educaci\u00f3n en Liberia se vio gravemente afectada por la guerra civil entre 1989 y 2003. En 2010, la tasa de alfabetizaci\u00f3n de Liberia se estimaba en el 60,8%. La educaci\u00f3n es gratuita para los alumnos de primaria que asisten a una escuela p\u00fablica, pero la mayor\u00eda de las escuelas carecen de instalaciones de aprendizaje adecuadas.<\/p>\n\n\n\n<p>Adem\u00e1s, aproximadamente el 40% de los alumnos de primaria tienen tres a\u00f1os m\u00e1s de la edad apropiada para su curso. Liberia tambi\u00e9n encabeza la lista de pa\u00edses con mayor proporci\u00f3n de ni\u00f1os sin escolarizar, seg\u00fan un informe de UNICEF de 2016.<\/p>\n\n\n\n<p>\u201cProporcionar una educaci\u00f3n de calidad a estos ni\u00f1os ayuda a garantizar el acceso y la igualdad, especialmente para las ni\u00f1as, todas ellas preocupaciones fundamentales, por lo que hago este llamamiento especial a todos los hombres y mujeres para que firmen esta petici\u00f3n\u201d, afirma Sonii, Sor.<\/p>\n\n\n\n<p>Sonii, Sr., que naci\u00f3 en Liberia, conoce las consecuencias que sufrir\u00e1n los ni\u00f1os sin educaci\u00f3n y, como ministro de Educaci\u00f3n, quiere que todos los ni\u00f1os del pa\u00eds se esfuercen por aprender.&nbsp;<\/p>\n\n\n\n<p>\u201cJuntemos nuestras manos y seamos ese pilar de cimientos para la gente del ma\u00f1ana\u201d, apela. &nbsp;<\/p>\n\n\n\n<p><p>M\u00e1s informaci\u00f3n sobre la campa\u00f1a \"Todos los ni\u00f1os a la escuela\" en <a href=\"https:\/\/inschool.adra.org\/petition\">ADRA.org\/InSchool<\/a>.<\/p>\n<p><em>Cr\u00e9dito de la imagen: Ministerio de Educaci\u00f3n de Liberia<\/em><\/p><\/p>\n\n\n\n<p><p>&nbsp;<\/p>\n<p><strong>SOBRE TODOS LOS NI\u00d1OS EN TODAS PARTES EN LA ESCUELA<\/strong><\/p>\n<p>Every Child Everywhere in School es un movimiento global liderado por adventistas para garantizar que todos los ni\u00f1os del mundo asistan a la escuela, tengan acceso a una educaci\u00f3n primaria y secundaria gratuita, equitativa y de calidad, y completen su educaci\u00f3n para que puedan desarrollar el potencial que Dios les ha dado. M\u00e1s informaci\u00f3n en<a href=\"https:\/\/adra.org\/es\/InSchool\/\">ADRA.org\/InSchool<\/a>.<\/p>\n<p><strong><br>SOBRE LA IGLESIA ADVENTISTA DEL S\u00c9PTIMO D\u00cdA<\/strong><\/p>\n<p>La Iglesia Adventista del S\u00e9ptimo D\u00eda es una denominaci\u00f3n cristiana protestante que se distingue por su observancia del s\u00e1bado, s\u00e9ptimo d\u00eda de la semana en los calendarios cristiano y jud\u00edo, como d\u00eda de reposo, y por su \u00e9nfasis en la inminente Segunda Venida (advenimiento) de Jesucristo. La iglesia mundial est\u00e1 gobernada por una Conferencia General con regiones m\u00e1s peque\u00f1as administradas por divisiones, uniones conferencias y conferencias locales. Actualmente cuenta con m\u00e1s de 20 millones de bautizados y 25 millones de fieles en todo el mundo. M\u00e1s informaci\u00f3n en <a href=\"https:\/\/www.adventist.org\/\">https:\/\/www.adventist.org\/<\/a><\/p>\n<p><strong><br>SOBRE ADRA<\/strong><\/p>\n<p>La Agencia Adventista de Desarrollo y Recursos Asistenciales es el brazo humanitario internacional de la Iglesia Adventista del S\u00e9ptimo D\u00eda. Su labor empodera a las comunidades y cambia vidas en todo el mundo proporcionando desarrollo comunitario sostenible y ayuda en cat\u00e1strofes en 118 pa\u00edses. Para m\u00e1s informaci\u00f3n, visite&nbsp;<a href=\"https:\/\/adra.org\/es\/\">ADRA.org<\/a>.&nbsp;<\/p>\n<p>&nbsp;<\/p><\/p>","protected":false},"excerpt":{"rendered":"<p>To gain support for the Every Child Everywhere in School campaign, the Adventist Development and Relief Agency in the West Africa region has worked closely with the Adventist Church and community members to get word out about the petition<\/p>","protected":false},"author":1,"featured_media":16446,"comment_status":"open","ping_status":"open","sticky":false,"template":"","format":"standard","meta":{"_acf_changed":false,"_eb_attr":"","footnotes":""},"categories":[785,594,1],"tags":[741,1136],"class_list":["post-16482","post","type-post","status-publish","format-standard","has-post-thumbnail","hentry","category-africa","category-education","category-uncategorized","tag-adventist-church","tag-every-child-everywhere-in-school"],"acf":[],"_links":{"self":[{"href":"https:\/\/adra.org\/es\/wp-json\/wp\/v2\/posts\/16482","targetHints":{"allow":["GET"]}}],"collection":[{"href":"https:\/\/adra.org\/es\/wp-json\/wp\/v2\/posts"}],"about":[{"href":"https:\/\/adra.org\/es\/wp-json\/wp\/v2\/types\/post"}],"author":[{"embeddable":true,"href":"https:\/\/adra.org\/es\/wp-json\/wp\/v2\/users\/1"}],"replies":[{"embeddable":true,"href":"https:\/\/adra.org\/es\/wp-json\/wp\/v2\/comments?post=16482"}],"version-history":[{"count":27,"href":"https:\/\/adra.org\/es\/wp-json\/wp\/v2\/posts\/16482\/revisions"}],"predecessor-version":[{"id":48078,"href":"https:\/\/adra.org\/es\/wp-json\/wp\/v2\/posts\/16482\/revisions\/48078"}],"wp:featuredmedia":[{"embeddable":true,"href":"https:\/\/adra.org\/es\/wp-json\/wp\/v2\/media\/16446"}],"wp:attachment":[{"href":"https:\/\/adra.org\/es\/wp-json\/wp\/v2\/media?parent=16482"}],"wp:term":[{"taxonomy":"category","embeddable":true,"href":"https:\/\/adra.org\/es\/wp-json\/wp\/v2\/categories?post=16482"},{"taxonomy":"post_tag","embeddable":true,"href":"https:\/\/adra.org\/es\/wp-json\/wp\/v2\/tags?post=16482"}],"curies":[{"name":"wp","href":"https:\/\/api.w.org\/{rel}","templated":true}]}}