{"id":1199,"date":"2012-06-25T20:32:32","date_gmt":"2012-06-25T20:32:32","guid":{"rendered":"http:\/\/sparkexperience.com\/projects\/adra\/?p=1199"},"modified":"2026-04-15T20:39:17","modified_gmt":"2026-04-15T20:39:17","slug":"leadership-change","status":"publish","type":"post","link":"https:\/\/adra.org\/es\/leadership-change","title":{"rendered":"Cambio de liderazgo"},"content":{"rendered":"<h2>La Junta Directiva de ADRA Internacional vota el cambio de liderazgo<\/h2>\n<p>SILVER SPRING, Maryland - La Junta Directiva de la Agencia Adventista de Desarrollo y Recursos Asistenciales (ADRA) Internacional se reuni\u00f3 el 24 de junio y destituy\u00f3 al Dr. Rudi Maier como presidente y director ejecutivo de ADRA Internacional con efecto inmediato, anunciando la formaci\u00f3n de un comit\u00e9 de b\u00fasqueda para encontrar un reemplazo.<\/p>\n<p>\u201cTenemos la m\u00e1xima confianza en nuestros empleados de ADRA, en quienes nos apoyan y en las ONG asociadas, y nos comprometemos a seguir adelante con m\u00e1s fuerza si cabe para continuar prestando nuestros servicios con habilidad, compasi\u00f3n y excelencia a escala internacional\u201d, declar\u00f3 Geoffrey Mbwana, presidente del Consejo de Administraci\u00f3n de ADRA Internacional.<\/p>\n<p>En el \u00ednterin, el consejo ha nombrado a un administrador superior para que act\u00fae en calidad de interino. Est\u00e1 pendiente la confirmaci\u00f3n de su aceptaci\u00f3n. La Junta de ADRA Internacional nombr\u00f3 un comit\u00e9 de b\u00fasqueda de siete personas compuesto por personal actual de ADRA Internacional, empleados de la red de ADRA y miembros de la junta.<\/p>\n<p>Mbwana a\u00f1adi\u00f3: \u201cEs el colectivo al que ADRA sirve -los pobres, los hambrientos, las viudas, los hu\u00e9rfanos- al que debemos prestar atenci\u00f3n en nuestro trabajo. Como afirma nuestra Misi\u00f3n, \u2018el trabajo de la agencia busca mejorar la calidad de vida de los necesitados\u2019. ADRA invierte en el potencial de estas personas a trav\u00e9s de iniciativas de desarrollo comunitario dirigidas a la Seguridad Alimentaria, el Desarrollo Econ\u00f3mico, la Salud Primaria y la Educaci\u00f3n B\u00e1sica\u201d entre otras carteras de actuaci\u00f3n.\"<\/p>\n<p>En la actualidad, ADRA ejecuta sus programas en m\u00e1s de 100 pa\u00edses de todo el mundo a trav\u00e9s de su amplia red de oficinas. ADRA sigue siendo una organizaci\u00f3n humanitaria l\u00edder en todo el mundo, con m\u00e1s de 6.000 empleados en todo el mundo que ejecutan m\u00e1s de $150 millones en proyectos financiados. ADRA cumple sistem\u00e1ticamente las exigentes normas de responsabilidad caritativa establecidas por la Better Business Bureau (BBB) y luce el sello de la BBB Wise Giving Alliance en su sitio web.<\/p>\n<p>La misi\u00f3n de ADRA es trabajar con las personas en situaci\u00f3n de pobreza y desamparo para crear un cambio justo y positivo a trav\u00e9s de asociaciones de empoderamiento y acciones responsables. ADRA sigue siendo una red profesional, eficiente y que aprende, que encarna la integridad y la transparencia, que traspasa fronteras, que empodera y que habla en nombre de las personas en riesgo y olvidadas para lograr cambios mensurables, documentados y duraderos en las vidas y en la sociedad.<\/p>","protected":false},"excerpt":{"rendered":"<p>The Adventist Development and Relief Agency (ADRA) International Board of Directors met June 24 and removed Dr. Rudi Maier as president and executive director of ADRA International with immediate effect, announcing the formation of a search committee to find a replacement.<\/p>","protected":false},"author":1,"featured_media":21998,"comment_status":"open","ping_status":"open","sticky":false,"template":"","format":"standard","meta":{"_acf_changed":false,"_eb_attr":"","footnotes":""},"categories":[11],"tags":[837],"class_list":["post-1199","post","type-post","status-publish","format-standard","has-post-thumbnail","hentry","category-press-release","tag-adra-president"],"acf":[],"_links":{"self":[{"href":"https:\/\/adra.org\/es\/wp-json\/wp\/v2\/posts\/1199","targetHints":{"allow":["GET"]}}],"collection":[{"href":"https:\/\/adra.org\/es\/wp-json\/wp\/v2\/posts"}],"about":[{"href":"https:\/\/adra.org\/es\/wp-json\/wp\/v2\/types\/post"}],"author":[{"embeddable":true,"href":"https:\/\/adra.org\/es\/wp-json\/wp\/v2\/users\/1"}],"replies":[{"embeddable":true,"href":"https:\/\/adra.org\/es\/wp-json\/wp\/v2\/comments?post=1199"}],"version-history":[{"count":4,"href":"https:\/\/adra.org\/es\/wp-json\/wp\/v2\/posts\/1199\/revisions"}],"predecessor-version":[{"id":48418,"href":"https:\/\/adra.org\/es\/wp-json\/wp\/v2\/posts\/1199\/revisions\/48418"}],"wp:featuredmedia":[{"embeddable":true,"href":"https:\/\/adra.org\/es\/wp-json\/wp\/v2\/media\/21998"}],"wp:attachment":[{"href":"https:\/\/adra.org\/es\/wp-json\/wp\/v2\/media?parent=1199"}],"wp:term":[{"taxonomy":"category","embeddable":true,"href":"https:\/\/adra.org\/es\/wp-json\/wp\/v2\/categories?post=1199"},{"taxonomy":"post_tag","embeddable":true,"href":"https:\/\/adra.org\/es\/wp-json\/wp\/v2\/tags?post=1199"}],"curies":[{"name":"wp","href":"https:\/\/api.w.org\/{rel}","templated":true}]}}