{"id":1143,"date":"2011-04-15T18:16:23","date_gmt":"2011-04-15T18:16:23","guid":{"rendered":"http:\/\/sparkexperience.com\/projects\/adra\/?p=1143"},"modified":"2026-04-16T07:45:49","modified_gmt":"2026-04-16T07:45:49","slug":"adra-president-outlines-agencys-future","status":"publish","type":"post","link":"https:\/\/adra.org\/es\/adra-president-outlines-agencys-future","title":{"rendered":"El Presidente de ADRA esboza el futuro de la Agencia"},"content":{"rendered":"<h2>SILVER SPRING, Maryland - \u201cLa Agencia Adventista de Desarrollo y Recursos Asistenciales (ADRA) Internacional debe adaptarse a los cambiantes requisitos del desarrollo para seguir siendo l\u00edder en la comunidad humanitaria y continuar siendo una voz vital de compasi\u00f3n para la Iglesia Adventista del S\u00e9ptimo D\u00eda.<\/h2>\n<p>Tiene que desarrollar y aplicar estrategias conceptualmente s\u00f3lidas e innovadoras para posicionarse como una agencia de ayuda fuerte y \u00e1gil\u201d, dijo el Dr. Rudi Maier, presidente y director ejecutivo de ADRA, al presentar su visi\u00f3n del futuro de la agencia a su junta directiva en una reuni\u00f3n reciente.<\/p>\n<p>En relaci\u00f3n con el reciente reajuste de la sede internacional de la agencia en Silver Spring, MD, Maier prosigui\u00f3: \u201cQue el futuro financiero de muchas agencias de ayuda, incluida ADRA, est\u00e1 estrechamente ligado a la disponibilidad de financiaci\u00f3n p\u00fablica y gubernamental. Creo que con nuestras recientes acciones nos hemos posicionado para ser una agencia de ayuda humanitaria m\u00e1s fuerte y responsable, preparada para una nueva direcci\u00f3n en la financiaci\u00f3n del desarrollo.\u201d<\/p>\n<p>Al abordar la cuesti\u00f3n de la relaci\u00f3n de ADRA con la iglesia, Maier afirm\u00f3 claramente: \u201cFormar parte de la Iglesia Adventista nos ha dado prop\u00f3sito y direcci\u00f3n y ha mejorado nuestra infraestructura global\u201d. Y continu\u00f3: \u201cComo organizaci\u00f3n confesional, ADRA tiene razones profundas y convincentes para servir a los pobres y marginados. El concepto de compasi\u00f3n, servicio y compromiso se basa en nuestra comprensi\u00f3n b\u00edblica del ministerio y constituye nuestro arraigado fundamento que nos capacita, como trabajadores humanitarios, para responder a un mundo dolido.\u201d<\/p>\n<p>Maier expres\u00f3 su deseo de que ADRA abrace su herencia centr\u00e1ndose en la salud y la vida sana, la administraci\u00f3n de la tierra, la educaci\u00f3n, la reforma social y el uso de la tecnolog\u00eda. Maier explic\u00f3 c\u00f3mo estas prioridades mejorar\u00e1n las carteras de ADRA, como la seguridad alimentaria, la salud infantil y familiar, la agricultura, la sociedad civil y el medio ambiente. \u201cDado que se trata de cuestiones fundacionales, no s\u00f3lo para la Iglesia Adventista, sino igualmente importantes para el campo del desarrollo, ADRA debe centrarse en ellas para seguir siendo competitiva en el futuro\u201d.\u201d<\/p>\n<p>Reconociendo una tendencia que contribuir\u00e1 a forjar el \u00e9xito de ADRA en el futuro, Maier habl\u00f3 de la incorporaci\u00f3n decidida de la tecnolog\u00eda a la labor de desarrollo. \u201cLa tecnolog\u00eda en el desarrollo es imprescindible. Al adoptar este aspecto del desarrollo profesional, ADRA alcanzar\u00e1 un nivel mucho m\u00e1s alto de comprensi\u00f3n y competencia en el campo del desarrollo.\u201d<\/p>\n<p>Aportando una visi\u00f3n pr\u00e1ctica de c\u00f3mo lograr su visi\u00f3n de una ADRA moderna, dijo: \u201cEs f\u00e1cil filosofar e incluso teologizar sobre las cuestiones de desarrollo. Pero lo que es mucho m\u00e1s importante es desarrollar una s\u00f3lida aplicaci\u00f3n pr\u00e1ctica\u201d.\u201d<\/p>\n<p>Maier dio pasos concretos para hacer realidad su visi\u00f3n:<\/p>\n<p>- Coordinar y reforzar las relaciones entre los miembros de la red mundial de ADRA, compuesta por m\u00e1s de 120 oficinas, a trav\u00e9s del reci\u00e9n creado cargo de vicepresidente de relaciones con la red.<\/p>\n<p>\u2022\u00a0\u00a0\u00a0\u00a0\u00a0\u00a0 Realign and refocus ADRA\u2019s programs sector to become more competitive in obtaining public funds by searching, strategically, for new areas of engagement.<\/p>\n<p>- Garantizar que ADRA mantenga y consolide su reputaci\u00f3n de buena administradora de los fondos que nos conf\u00edan donantes privados y p\u00fablicos.<\/p>\n<p>Con el fin de preparar un contexto para el futuro de la misi\u00f3n de ADRA, Maier planea convocar conferencias de acad\u00e9micos y profesionales del desarrollo para formular una plataforma filos\u00f3fica para el futuro de ADRA. Las conferencias tendr\u00e1n lugar en diversos lugares del mundo para garantizar una perspectiva global que sea representativa del ministerio global de compasi\u00f3n de ADRA.<\/p>\n<p>El Dr. Maier concluy\u00f3 su discurso ante la junta directiva expresando su compromiso con el futuro de ADRA: \u201cSoy muy optimista en cuanto a que la nueva y decidida direcci\u00f3n que este plan ha trazado para el futuro de la agencia conducir\u00e1 a una agencia de ayuda humanitaria mejor y m\u00e1s fuerte. Estas modificaciones del sistema, reajustes y reorientaci\u00f3n de nuestra filosof\u00eda garantizar\u00e1n que los mejores a\u00f1os de ADRA est\u00e9n a\u00fan por llegar. Os invito a todos a uniros a nosotros y ayudar a poner en pr\u00e1ctica esta visi\u00f3n\u201d.\u201d<\/p>","protected":false},"excerpt":{"rendered":"<p>Tiene que desarrollar y aplicar estrategias conceptualmente s\u00f3lidas e innovadoras para posicionarse como una agencia de ayuda fuerte y \u00e1gil\u201d, dijo el Dr. Rudi Maier, presidente y director ejecutivo de ADRA, al presentar su visi\u00f3n del futuro de la agencia a su junta directiva en una reuni\u00f3n reciente.<\/p>","protected":false},"author":1,"featured_media":27874,"comment_status":"open","ping_status":"open","sticky":false,"template":"","format":"standard","meta":{"_acf_changed":false,"_eb_attr":"","footnotes":""},"categories":[827,786,614,11],"tags":[837,741,1201],"class_list":["post-1143","post","type-post","status-publish","format-standard","has-post-thumbnail","hentry","category-faith-in-action","category-global","category-news","category-press-release","tag-adra-president","tag-adventist-church","tag-rudi-maier"],"acf":[],"_links":{"self":[{"href":"https:\/\/adra.org\/es\/wp-json\/wp\/v2\/posts\/1143","targetHints":{"allow":["GET"]}}],"collection":[{"href":"https:\/\/adra.org\/es\/wp-json\/wp\/v2\/posts"}],"about":[{"href":"https:\/\/adra.org\/es\/wp-json\/wp\/v2\/types\/post"}],"author":[{"embeddable":true,"href":"https:\/\/adra.org\/es\/wp-json\/wp\/v2\/users\/1"}],"replies":[{"embeddable":true,"href":"https:\/\/adra.org\/es\/wp-json\/wp\/v2\/comments?post=1143"}],"version-history":[{"count":4,"href":"https:\/\/adra.org\/es\/wp-json\/wp\/v2\/posts\/1143\/revisions"}],"predecessor-version":[{"id":48541,"href":"https:\/\/adra.org\/es\/wp-json\/wp\/v2\/posts\/1143\/revisions\/48541"}],"wp:featuredmedia":[{"embeddable":true,"href":"https:\/\/adra.org\/es\/wp-json\/wp\/v2\/media\/27874"}],"wp:attachment":[{"href":"https:\/\/adra.org\/es\/wp-json\/wp\/v2\/media?parent=1143"}],"wp:term":[{"taxonomy":"category","embeddable":true,"href":"https:\/\/adra.org\/es\/wp-json\/wp\/v2\/categories?post=1143"},{"taxonomy":"post_tag","embeddable":true,"href":"https:\/\/adra.org\/es\/wp-json\/wp\/v2\/tags?post=1143"}],"curies":[{"name":"wp","href":"https:\/\/api.w.org\/{rel}","templated":true}]}}