{"id":9307,"date":"2021-08-02T07:00:00","date_gmt":"2021-08-02T07:00:00","guid":{"rendered":"https:\/\/adra.org\/?post_type=stories&#038;p=9307"},"modified":"2026-03-24T14:09:14","modified_gmt":"2026-03-24T14:09:14","slug":"madagascar-damys-story-hunger-crisis","status":"publish","type":"post","link":"https:\/\/adra.org\/de\/madagascar-damys-story-hunger-crisis","title":{"rendered":"Madagaskar: Damys Geschichte einer Hungerkrise"},"content":{"rendered":"<figure class=\"wp-block-image size-large\"><img fetchpriority=\"high\" decoding=\"async\" width=\"1024\" height=\"825\" src=\"https:\/\/adra.org\/wp-content\/uploads\/2021\/08\/Malnutrition-16-Deep-Etch-Edited-1-1-1024x825.jpg\" alt=\"\" class=\"wp-image-21431\" srcset=\"https:\/\/adra.org\/wp-content\/uploads\/2021\/08\/Malnutrition-16-Deep-Etch-Edited-1-1-1024x825.jpg 1024w, https:\/\/adra.org\/wp-content\/uploads\/2021\/08\/Malnutrition-16-Deep-Etch-Edited-1-1-300x242.jpg 300w, https:\/\/adra.org\/wp-content\/uploads\/2021\/08\/Malnutrition-16-Deep-Etch-Edited-1-1-768x618.jpg 768w, https:\/\/adra.org\/wp-content\/uploads\/2021\/08\/Malnutrition-16-Deep-Etch-Edited-1-1-1536x1237.jpg 1536w, https:\/\/adra.org\/wp-content\/uploads\/2021\/08\/Malnutrition-16-Deep-Etch-Edited-1-1-2048x1649.jpg 2048w\" sizes=\"(max-width: 1024px) 100vw, 1024px\" \/><\/figure>\n\n\n\n<h2 class=\"wp-block-heading\">3 Dinge, die die Hungerkrise in Madagaskar so einzigartig machen<\/h2>\n\n\n\n<ul class=\"wp-block-list\">\n<li>Experten berichten<strong> Dies ist die erste Hungerkrise in der modernen Geschichte, die auf den Klimawandel zur\u00fcckzuf\u00fchren ist.<\/strong><\/li>\n\n\n\n<li>Nach vier aufeinanderfolgenden D\u00fcrrejahren, <strong>die derzeitigen Bedingungen sind die schlimmsten, die das Land seit 40 Jahren erlebt hat<\/strong>. Tausende von Familien im S\u00fcden Madagaskars haben bereits katastrophale Zust\u00e4nde bzw. eine Hungersnot erreicht und ern\u00e4hren sich von rohen Kaktusfr\u00fcchten, wilden Bl\u00e4ttern und Heuschrecken.<\/li>\n\n\n\n<li><strong>Schwere Unterern\u00e4hrung bei Kindern unter 5 Jahren hat sich in der ersten H\u00e4lfte des Jahres 2021 verdoppelt<\/strong> allein und liegt nun bei schockierenden 16,5%.<\/li>\n<\/ul>\n\n\n\n<div class=\"wp-block-buttons is-horizontal is-content-justification-center is-layout-flex wp-container-core-buttons-is-layout-03627597 wp-block-buttons-is-layout-flex\"><\/div>\n\n\n\n<h2 class=\"wp-block-heading\">Nicht jede Geschichte ist leicht zu schreiben und zu erz\u00e4hlen.<\/h2>\n\n\n\n<p>Wir m\u00f6chten Ihnen die Geschichte des zweij\u00e4hrigen Damy und seiner Familie in Madagaskar erz\u00e4hlen. Wir wissen, dass Geschichten wie diese nicht immer leicht zu lesen sind, und ehrlich gesagt, f\u00e4llt es uns manchmal auch schwer, sie zu schreiben.<\/p>\n\n\n\n<p>ADRA verschwindet nicht einfach aus dem Leben der Menschen, denen wir helfen. Unsere einheimischen Mitarbeiter haben jahrelange Erfahrung in diesen Gemeinschaften und f\u00fcr viele von ihnen ist es ein St\u00fcck Heimat. Wenn wir in Gemeinden und H\u00e4usern willkommen gehei\u00dfen werden, verbringen wir Zeit damit, zuzuh\u00f6ren und die Menschen kennenzulernen. Wenn wir gehen, h\u00f6ren wir nie auf, an sie zu denken und f\u00fcr sie zu beten.<\/p>\n\n\n\n<p>Wir stellen sicher, dass jede Geschichte, die wir schreiben, ein Gef\u00e4\u00df f\u00fcr Menschen ist, die ihre Erfahrungen h\u00f6ren und die Realit\u00e4t unter Umst\u00e4nden, die sie sich nicht selbst ausgesucht haben, genau wiedergeben wollen.&nbsp;<\/p>\n\n\n\n<h2 class=\"wp-block-heading\">Treffen mit Damy<\/h2>\n\n\n\n<figure class=\"wp-block-gallery has-nested-images columns-default is-cropped wp-block-gallery-2 is-layout-flex wp-block-gallery-is-layout-flex\">\n<figure class=\"wp-block-image size-large\"><img decoding=\"async\" width=\"1024\" height=\"646\" data-id=\"21429\" src=\"https:\/\/adra.org\/wp-content\/uploads\/2021\/08\/August-appeal-photo-e1627957306712-1024x646.jpg\" alt=\"\" class=\"wp-image-21429\" srcset=\"https:\/\/adra.org\/wp-content\/uploads\/2021\/08\/August-appeal-photo-e1627957306712-1024x646.jpg 1024w, https:\/\/adra.org\/wp-content\/uploads\/2021\/08\/August-appeal-photo-e1627957306712-300x189.jpg 300w, https:\/\/adra.org\/wp-content\/uploads\/2021\/08\/August-appeal-photo-e1627957306712-768x485.jpg 768w, https:\/\/adra.org\/wp-content\/uploads\/2021\/08\/August-appeal-photo-e1627957306712.jpg 1215w\" sizes=\"(max-width: 1024px) 100vw, 1024px\" \/><\/figure>\n<figcaption class=\"blocks-gallery-caption wp-element-caption\">Der zweij\u00e4hrige Damy und seine Familie leben in Madagaskar, wo eine katastrophale Hungerkrise dazu gef\u00fchrt hat, dass sie und Tausende andere keine Nahrung mehr haben.<\/figcaption><\/figure>\n\n\n\n<p>Wenn Sie an ein zweij\u00e4hriges Kind denken, stellen Sie sich wahrscheinlich ein ungest\u00fcmes Kleinkind vor, das ununterbrochen Energie hat. Aber Damy ist eine ganz andere Art von Zweij\u00e4hrigem.<\/p>\n\n\n\n<p>Der kleine Junge lebt mit seiner Mutter und drei Geschwistern im S\u00fcden Madagaskars. Aufgrund mehrerer D\u00fcrreperioden gibt es in diesem Teil des Landes so gut wie keine frischen Lebensmittel, und selbst wenn es welche g\u00e4be, k\u00f6nnten sie sie sich nicht leisten. W\u00e4hrend wir zu Besuch sind, essen Damys Geschwister Kaktusfr\u00fcchte, kleine gr\u00fcne und rote Bl\u00fcten, die sie im Dickicht um ihr Dorf herum finden, und das ist alles, was sie an den meisten Tagen zu essen haben.<\/p>\n\n\n\n<p>Aufgrund der schlimmen Hungerkrise, in der sie leben, ist Damy in seiner Entwicklung auf dem Stand eines Kindes, das nur halb so alt ist wie er. Anstatt wie andere Kleinkinder zu rennen und zu spielen, hat Damy oft nicht die Kraft zu stehen und leidet unter Schmerzen und M\u00fcdigkeit, wenn er auf den Beinen ist.<\/p>\n\n\n\n<p>\u201cMein Sohn ist krank\u201d, sagt Soamihery. \u201cEr hat immer Dreck gegessen und wurde wegen akuter Unterern\u00e4hrung in ein Gesundheitszentrum geschickt. Durch meine Schwangerschaft und die Entbindung kann ich ihn nicht mehr mitnehmen\u201d.\u201d<\/p>\n\n\n\n<p>Damys Mutter, Soamihery, lehnt an der Lehmwand der Einraumh\u00fctte der Familie, ihre Augen sind von chronischer M\u00fcdigkeit und Hunger gezeichnet. Soamihery st\u00fctzt nicht nur Damy, der neben ihr steht, sondern h\u00e4lt auch ihr Neugeborenes, Herico, in ihren Armen.<\/p>\n\n\n\n<p>Sie ist jetzt eine alleinerziehende Mutter, nachdem ihr Mann in den Norden gegangen ist, um in den Saphirminen Arbeit zu finden, und nicht mehr zur\u00fcckkam. Sie ist sich der Gefahren der Unterern\u00e4hrung und der zunehmenden Schwierigkeiten f\u00fcr ihre kleine Familie bewusst.<\/p>\n\n\n\n<p><strong>\u201cWir haben nichts zu essen\u201d, sagt Soamihery. \u201cWenn wir heute Essen finden, essen wir. An den Tagen, an denen wir keine Nahrung finden, essen wir nicht.\u201d<\/strong><\/p>\n\n\n\n<p>Soamiherys Ersch\u00f6pfung ist offensichtlich. Sie ist ersch\u00f6pft von der Entbindung des kleinen Herico nur zwei Wochen zuvor. Ersch\u00f6pft davon, ein Kind zu stillen, das so viel braucht und so wenig bekommt. Ersch\u00f6pft von dem t\u00e4glichen Kampf, ihre Familie allein gro\u00dfzuziehen.<\/p>\n\n\n\n<p>Soamihery wendet jede Energie auf, die sie aufbringen kann, um das Leben ihrer Kinder zu bereichern.<\/p>\n\n\n\n<p>\u201cIch bin gl\u00fccklich, wenn meine Kinder in meine N\u00e4he kommen und wir alle zusammen sind\u201d, sagt Soamihery. \u201cIch mag es, wenn sie vom Spielen nach Hause kommen und wir alle zusammen lachen. Immer wenn sie nach drau\u00dfen gehen und spielen, sind sie gl\u00fccklich, und sie gl\u00fccklich zu sehen, macht mich gl\u00fccklich.\u201d<\/p>\n\n\n\n<p>Trotz der st\u00e4ndigen Pr\u00e4senz des Hungers in ihrem Leben findet die Familie immer noch M\u00f6glichkeiten zum Spielen. Damys \u00e4ltere Schwester trommelt gerne auf einer alten Dose Pflanzen\u00f6l, w\u00e4hrend ihre Freunde sich an den H\u00e4nden halten und tanzen!<\/p>\n\n\n\n<p>\u201cIch tue, was ich kann, um meine Kinder zu erziehen\u201d, f\u00fcgt sie mit einem schwachen L\u00e4cheln hinzu. \u201cIch kann nicht viel tun, aber ich tue, was ich kann.\u201d <\/p>\n\n\n\n<p><strong>Referenzen und Ressourcen:<\/strong><\/p>\n\n\n\n<ul class=\"wp-block-list\">\n<li><a href=\"https:\/\/news.un.org\/en\/story\/2021\/06\/1094632\">https:\/\/news.un.org\/en\/story\/2021\/06\/1094632<\/a><\/li>\n\n\n\n<li><a href=\"https:\/\/reliefweb.int\/report\/madagascar\/don-t-look-other-way-madagascar-grip-drought-and-famine\">https:\/\/reliefweb.int\/report\/madagascar\/don-t-look-other-way-madagascar-grip-drought-and-famine<\/a><\/li>\n\n\n\n<li><a href=\"https:\/\/time.com\/6081919\/famine-climate-change-madagascar\/\">https:\/\/time.com\/6081919\/famine-climate-change-madagascar\/<\/a><\/li>\n<\/ul>\n\n\n\n<div style=\"height:104px\" aria-hidden=\"true\" class=\"wp-block-spacer\"><\/div>","protected":false},"excerpt":{"rendered":"<p>Experten berichten, dass dies die erste Hungerkrise in der modernen Geschichte ist, die auf den Klimawandel zur\u00fcckzuf\u00fchren ist.<\/p>","protected":false},"author":1,"featured_media":28331,"comment_status":"closed","ping_status":"closed","sticky":false,"template":"","format":"standard","meta":{"_acf_changed":false,"_eb_attr":"","footnotes":""},"categories":[785,615,609,284,819,558],"tags":[1079,873,1137],"class_list":["post-9307","post","type-post","status-publish","format-standard","has-post-thumbnail","hentry","category-africa","category-blog","category-food-assistance","category-health","category-madagascar","category-nutrition","tag-crisis","tag-justice-compassion-love","tag-ways-to-give"],"acf":[],"_links":{"self":[{"href":"https:\/\/adra.org\/de\/wp-json\/wp\/v2\/posts\/9307","targetHints":{"allow":["GET"]}}],"collection":[{"href":"https:\/\/adra.org\/de\/wp-json\/wp\/v2\/posts"}],"about":[{"href":"https:\/\/adra.org\/de\/wp-json\/wp\/v2\/types\/post"}],"author":[{"embeddable":true,"href":"https:\/\/adra.org\/de\/wp-json\/wp\/v2\/users\/1"}],"replies":[{"embeddable":true,"href":"https:\/\/adra.org\/de\/wp-json\/wp\/v2\/comments?post=9307"}],"version-history":[{"count":20,"href":"https:\/\/adra.org\/de\/wp-json\/wp\/v2\/posts\/9307\/revisions"}],"predecessor-version":[{"id":45855,"href":"https:\/\/adra.org\/de\/wp-json\/wp\/v2\/posts\/9307\/revisions\/45855"}],"wp:featuredmedia":[{"embeddable":true,"href":"https:\/\/adra.org\/de\/wp-json\/wp\/v2\/media\/28331"}],"wp:attachment":[{"href":"https:\/\/adra.org\/de\/wp-json\/wp\/v2\/media?parent=9307"}],"wp:term":[{"taxonomy":"category","embeddable":true,"href":"https:\/\/adra.org\/de\/wp-json\/wp\/v2\/categories?post=9307"},{"taxonomy":"post_tag","embeddable":true,"href":"https:\/\/adra.org\/de\/wp-json\/wp\/v2\/tags?post=9307"}],"curies":[{"name":"wp","href":"https:\/\/api.w.org\/{rel}","templated":true}]}}