{"id":6482,"date":"2016-10-03T14:10:20","date_gmt":"2016-10-03T14:10:20","guid":{"rendered":"https:\/\/adra.org\/?p=6482"},"modified":"2026-04-14T20:50:54","modified_gmt":"2026-04-14T20:50:54","slug":"hurricane-matthew-adra-disaster-preparation-underway","status":"publish","type":"post","link":"https:\/\/adra.org\/de\/hurricane-matthew-adra-disaster-preparation-underway","title":{"rendered":"Aktuelles aus Haiti: Hurrikan Matthew: Die Hilfe geht weiter"},"content":{"rendered":"<h2>Spenden f\u00fcr den ADRA-Notfallfonds werden weiterhin ben\u00f6tigt, da die Reaktion auf den Hurrikan Matthew anh\u00e4lt.<\/h2>\n<p>Erstaunliche 2,1 Millionen Menschen sind von den Auswirkungen des Hurrikans Matthew betroffen, darunter fast 900.000 Kinder. Allein in Haiti verloren rund 1 000 Menschen ihr Leben durch den Sturm.<\/p>\n<p>F\u00fcr jedes Land ist das eine gro\u00dfe Sache. F\u00fcr ein Land, das bereits in die Knie gegangen ist, ist es verheerend.<\/p>\n<p>ADRA ist im Einsatz und leistet dringende Katastrophenhilfe f\u00fcr Hunderttausende von Menschen, die am st\u00e4rksten von dem Wirbelsturm betroffen sind. Ihre Unterst\u00fctzung hilft uns, Ressourcen f\u00fcr Folgendes bereitzustellen:<\/p>\n<ul>\n<li>Zugang zu sicheren Wasserquellen<\/li>\n<li>Cholera-Pr\u00e4vention<\/li>\n<li>Hygiene-Kits<\/li>\n<li>Versorgung mit Unterk\u00fcnften<\/li>\n<li>Notfall-Nahrung<\/li>\n<\/ul>\n<p><strong>Bei einer Katastrophe dieses Ausma\u00dfes in einem armen Land werden die Ressourcen schnell ersch\u00f6pft sein.<\/strong> Wir bitten unsere Unterst\u00fctzer und die Mitglieder unserer Kirchenfamilie der Siebenten-Tags-Adventisten, jetzt zu spenden, um den Nothilfefonds von ADRA zu unterst\u00fctzen, damit unsere Ma\u00dfnahmen weiterhin die Bed\u00fcrfnisse der Menschen in Haiti und anderen Krisenl\u00e4ndern erf\u00fcllen k\u00f6nnen.<\/p>\n<p><strong>Was kann Ihre Notfallspende leisten?<\/strong><\/p>\n<ul>\n<li>$20 kann dazu beitragen, die Ausbreitung der Cholera zu verhindern, indem es ein Hygiene-Kit f\u00fcr eine f\u00fcnfk\u00f6pfige Familie bereitstellt<\/li>\n<li>$50 kann eine f\u00fcnfk\u00f6pfige Familie eine Woche lang mit Lebensmitteln und Wasser versorgen<\/li>\n<li>Mit $120 kann eine f\u00fcnfk\u00f6pfige Familie zwei Wochen lang mit Lebensmitteln, Wasser und Hygieneartikeln versorgt werden.<\/li>\n<li>$500 kann helfen, Schutz zu bieten<\/li>\n<\/ul>","protected":false},"excerpt":{"rendered":"<p>Erstaunliche 2,1 Millionen Menschen sind von den Auswirkungen des Hurrikans Matthew betroffen, darunter fast 900.000 Kinder. Allein in Haiti verloren rund 1 000 Menschen ihr Leben durch den Sturm.<\/p>","protected":false},"author":1,"featured_media":34668,"comment_status":"open","ping_status":"open","sticky":false,"template":"","format":"standard","meta":{"_acf_changed":false,"_eb_attr":"","footnotes":""},"categories":[590,930,1052],"tags":[6,8,29,401,1137],"class_list":["post-6482","post","type-post","status-publish","format-standard","has-post-thumbnail","hentry","category-emergency","category-haiti","category-inter-america","tag-disaster-relief","tag-emergency-response","tag-hurricane","tag-hurricane-matthew","tag-ways-to-give"],"acf":[],"_links":{"self":[{"href":"https:\/\/adra.org\/de\/wp-json\/wp\/v2\/posts\/6482","targetHints":{"allow":["GET"]}}],"collection":[{"href":"https:\/\/adra.org\/de\/wp-json\/wp\/v2\/posts"}],"about":[{"href":"https:\/\/adra.org\/de\/wp-json\/wp\/v2\/types\/post"}],"author":[{"embeddable":true,"href":"https:\/\/adra.org\/de\/wp-json\/wp\/v2\/users\/1"}],"replies":[{"embeddable":true,"href":"https:\/\/adra.org\/de\/wp-json\/wp\/v2\/comments?post=6482"}],"version-history":[{"count":5,"href":"https:\/\/adra.org\/de\/wp-json\/wp\/v2\/posts\/6482\/revisions"}],"predecessor-version":[{"id":48123,"href":"https:\/\/adra.org\/de\/wp-json\/wp\/v2\/posts\/6482\/revisions\/48123"}],"wp:featuredmedia":[{"embeddable":true,"href":"https:\/\/adra.org\/de\/wp-json\/wp\/v2\/media\/34668"}],"wp:attachment":[{"href":"https:\/\/adra.org\/de\/wp-json\/wp\/v2\/media?parent=6482"}],"wp:term":[{"taxonomy":"category","embeddable":true,"href":"https:\/\/adra.org\/de\/wp-json\/wp\/v2\/categories?post=6482"},{"taxonomy":"post_tag","embeddable":true,"href":"https:\/\/adra.org\/de\/wp-json\/wp\/v2\/tags?post=6482"}],"curies":[{"name":"wp","href":"https:\/\/api.w.org\/{rel}","templated":true}]}}