{"id":6188,"date":"2016-06-07T15:40:11","date_gmt":"2016-06-07T15:40:11","guid":{"rendered":"https:\/\/adra.org\/?p=6188"},"modified":"2026-04-22T15:29:11","modified_gmt":"2026-04-22T15:29:11","slug":"our-global-work-with-refugees","status":"publish","type":"post","link":"https:\/\/adra.org\/de\/our-global-work-with-refugees","title":{"rendered":"Unsere globale Arbeit mit Fl\u00fcchtlingen"},"content":{"rendered":"<h2>Vielen Dank, dass Sie sich f\u00fcr Fl\u00fcchtlinge in aller Welt einsetzen - ohne Sie k\u00f6nnte diese Arbeit nicht geleistet werden.<\/h2>\n<p><img fetchpriority=\"high\" decoding=\"async\" class=\"alignnone size-large wp-image-8066\" src=\"https:\/\/adra.org\/wp-content\/uploads\/2016\/06\/18-042-World-Refugee-Sabbath-MAP-1024x1024.jpg\" alt=\"\" width=\"640\" height=\"640\" srcset=\"https:\/\/adra.org\/wp-content\/uploads\/2016\/06\/18-042-World-Refugee-Sabbath-MAP-1024x1024.jpg 1024w, https:\/\/adra.org\/wp-content\/uploads\/2016\/06\/18-042-World-Refugee-Sabbath-MAP-300x300.jpg 300w, https:\/\/adra.org\/wp-content\/uploads\/2016\/06\/18-042-World-Refugee-Sabbath-MAP-150x150.jpg 150w, https:\/\/adra.org\/wp-content\/uploads\/2016\/06\/18-042-World-Refugee-Sabbath-MAP-768x768.jpg 768w, https:\/\/adra.org\/wp-content\/uploads\/2016\/06\/18-042-World-Refugee-Sabbath-MAP-1536x1536.jpg 1536w, https:\/\/adra.org\/wp-content\/uploads\/2016\/06\/18-042-World-Refugee-Sabbath-MAP-2048x2048.jpg 2048w, https:\/\/adra.org\/wp-content\/uploads\/2016\/06\/18-042-World-Refugee-Sabbath-MAP-2000x2000.jpg 2000w, https:\/\/adra.org\/wp-content\/uploads\/2016\/06\/18-042-World-Refugee-Sabbath-MAP-100x100.jpg 100w\" sizes=\"(max-width: 640px) 100vw, 640px\" \/><\/p>\n<p>\u00dcberall dort, wo Sie auf dieser Karte rot markiert sind, erm\u00f6glichen Sie es den Mitarbeitern und Freiwilligen von ADRA, Menschen zu helfen, die durch Konflikte und Verfolgung vertrieben wurden.<\/p>\n<p>Die Hilfe f\u00fcr Fl\u00fcchtlinge und Binnenvertriebene reicht von der Deckung des unmittelbaren Grundbedarfs an Lebensmitteln, Hygienesets und Windeln bis hin zur Unterst\u00fctzung der Menschen beim Wiederaufbau ihres Lebens in ihrer neuen Heimat oder wenn sie in die Heimat zur\u00fcckkehren k\u00f6nnen.<\/p>\n\n\n<p><em>Ihre Unterst\u00fctzung ist das, was die<\/em> <em>diese Arbeit m\u00f6glich. Wir danken Ihnen f\u00fcr Ihre Gebete und Ihre Beitr\u00e4ge.<\/em><\/p>","protected":false},"excerpt":{"rendered":"<p>\u00dcberall dort, wo Sie auf dieser Karte rot markiert sind, erm\u00f6glichen Sie es den Mitarbeitern und Freiwilligen von ADRA, Menschen zu helfen, die durch Konflikte und Verfolgung vertrieben wurden.<\/p>","protected":false},"author":1,"featured_media":40096,"comment_status":"open","ping_status":"open","sticky":false,"template":"","format":"standard","meta":{"_acf_changed":false,"_eb_attr":"","footnotes":""},"categories":[786,1],"tags":[1085,873,355,1137],"class_list":["post-6188","post","type-post","status-publish","format-standard","has-post-thumbnail","hentry","category-global","category-uncategorized","tag-internally-displaced-persons-idps","tag-justice-compassion-love","tag-refugees","tag-ways-to-give"],"acf":[],"_links":{"self":[{"href":"https:\/\/adra.org\/de\/wp-json\/wp\/v2\/posts\/6188","targetHints":{"allow":["GET"]}}],"collection":[{"href":"https:\/\/adra.org\/de\/wp-json\/wp\/v2\/posts"}],"about":[{"href":"https:\/\/adra.org\/de\/wp-json\/wp\/v2\/types\/post"}],"author":[{"embeddable":true,"href":"https:\/\/adra.org\/de\/wp-json\/wp\/v2\/users\/1"}],"replies":[{"embeddable":true,"href":"https:\/\/adra.org\/de\/wp-json\/wp\/v2\/comments?post=6188"}],"version-history":[{"count":5,"href":"https:\/\/adra.org\/de\/wp-json\/wp\/v2\/posts\/6188\/revisions"}],"predecessor-version":[{"id":48745,"href":"https:\/\/adra.org\/de\/wp-json\/wp\/v2\/posts\/6188\/revisions\/48745"}],"wp:featuredmedia":[{"embeddable":true,"href":"https:\/\/adra.org\/de\/wp-json\/wp\/v2\/media\/40096"}],"wp:attachment":[{"href":"https:\/\/adra.org\/de\/wp-json\/wp\/v2\/media?parent=6188"}],"wp:term":[{"taxonomy":"category","embeddable":true,"href":"https:\/\/adra.org\/de\/wp-json\/wp\/v2\/categories?post=6188"},{"taxonomy":"post_tag","embeddable":true,"href":"https:\/\/adra.org\/de\/wp-json\/wp\/v2\/tags?post=6188"}],"curies":[{"name":"wp","href":"https:\/\/api.w.org\/{rel}","templated":true}]}}