{"id":36074,"date":"2024-09-24T13:26:43","date_gmt":"2024-09-24T13:26:43","guid":{"rendered":"https:\/\/adra.org\/?p=36074"},"modified":"2026-03-18T19:12:36","modified_gmt":"2026-03-18T19:12:36","slug":"spreading-awareness-breaking-the-stigma","status":"publish","type":"post","link":"https:\/\/adra.org\/de\/spreading-awareness-breaking-the-stigma","title":{"rendered":"Bewusstsein schaffen und das Stigma brechen"},"content":{"rendered":"<p>Weltweit wird 1 von 20.000 Menschen mit Albinismus geboren.&nbsp;<\/p>\n\n\n\n<p>In Tansania liegt die Zahl eher bei 1 zu 14.000.&nbsp;<\/p>\n\n\n\n<p>Bei einer Bev\u00f6lkerung von 66,46 Millionen Menschen bedeutet dies, dass in Tansania mehr als 40.000 Menschen mit Albinismus leben, eine der h\u00f6chsten Raten von Albinismus in der Welt.<\/p>\n\n\n\n<p>Menschen mit Albinismus sind mit negativen Stereotypen konfrontiert. Unabh\u00e4ngig davon, wo sie leben, sind Menschen mit Albinismus h\u00e4ufig mit Stigmatisierung und Diskriminierung aufgrund falscher Vorstellungen und negativer Stereotypen \u00fcber ihre Krankheit konfrontiert.<\/p>\n\n\n\n<p>In Tansania kann diese Stigmatisierung t\u00f6dliche Folgen haben.<\/p>\n\n\n\n<p>Die Unwissenheit der Gesellschaft in Bezug auf Albinismus sch\u00fcrt sch\u00e4dliche Stereotypen und f\u00fchrt zu sozialen Ungerechtigkeiten und Menschenrechtsverletzungen durch Mitb\u00fcrger. Und Menschen mit Albinismus berichten, dass sie von einigen staatlichen Beh\u00f6rden und Institutionen, die sie unterst\u00fctzen sollten, mit Gleichg\u00fcltigkeit behandelt werden.<\/p>\n\n\n\n<p>Als ADRA und seine Partner das Projekt Action for the Rights and Inclusion of Children with Albinism (AFRICA) in den Regionen Morogoro und Dodoma in Tansania ins Leben riefen, war es ihr Ziel, das Leid von 400 Kindern und ihren M\u00fcttern und Betreuern zu lindern. Sie wussten, dass die Bewusstseinsbildung ein entscheidender Schritt auf dem Weg zu diesem Ziel war.<\/p>\n\n\n\n<p>Im Rahmen des AFRIKA-Projekts setzt sich ADRA durch Sensibilisierungsma\u00dfnahmen in Gemeinden und Schulen f\u00fcr die Rechte und die Integration von Menschen mit Albinismus ein. Das Projekt umfasst auch die St\u00e4rkung der tansanischen Albinismus-Gesellschaft (TAS) in der Hoffnung, dass sie zu einem aktiven zivilgesellschaftlichen Akteur wird, sowie die Einrichtung eines Bildungsfonds f\u00fcr Kinder mit Albinismus mit Partnern.<\/p>\n\n\n\n<p>Die Einbeziehung von Kindern in das Projekt ist wichtig, da sie besonderen Risiken und Hindernissen ausgesetzt sind. Der Zugang zur Schule, die Erfahrung im Klassenzimmer und sogar die Interaktion mit anderen Kindern ist f\u00fcr Kinder mit Albinismus aufgrund ihrer Sehschw\u00e4che, ihrer extremen Empfindlichkeit gegen\u00fcber der Sonne mit einem erh\u00f6hten Hautkrebsrisiko und anderen mit der Krankheit verbundenen Herausforderungen oft eingeschr\u00e4nkt.<\/p>\n\n\n\n<p>Aufgrund des geringeren Bildungsniveaus und der zunehmenden Diskriminierung k\u00f6nnen Erwachsene mit Albinismus auf dem Arbeitsmarkt nicht mithalten, und die beruflichen M\u00f6glichkeiten sind begrenzt.<\/p>\n\n\n\n<p>Mit Blick auf diese Herausforderungen hat ADRA die Sensibilisierungsschulung auf Lehrer ausgeweitet, die keine Erfahrung mit Kindern mit Albinismus hatten und nicht wussten, wie sie ihre besonderen Bed\u00fcrfnisse unterst\u00fctzen k\u00f6nnen. Nach der Schulung arbeiten die Lehrer nun mit den Gesundheitsclubs der Schulen zusammen und nutzen Musik, Tanz und Theater oder \u201cEdutainment\u201d-Ans\u00e4tze, um ein sicheres und gesch\u00fctztes Schulumfeld zu schaffen.<\/p>\n\n\n\n<p>Menschen mit Albinismus gelten als eine der am st\u00e4rksten gef\u00e4hrdeten und ausgegrenzten Gruppen in Afrika. Ein Grund daf\u00fcr ist die Bedrohung durch rituelle Gewalt, der sie ausgesetzt sind.&nbsp;<\/p>\n\n\n\n<p>Diese grausame Praxis wird durch einen weit verbreiteten Aberglauben gen\u00e4hrt, der den K\u00f6rperteilen von Menschen mit Albinismus magische Eigenschaften zuschreibt und oft Frauen und Kinder zum Ziel hat. Mehr als 80 Menschen mit Albinismus sind in den letzten 24 Jahren durch rituelle Morde ums Leben gekommen, und viele weitere wurden bei den gewaltt\u00e4tigen Angriffen verletzt.<\/p>\n\n\n\n<p>ADRAs AFRIKA-Projekt bietet den mehr als 400 Familien, denen es hilft, eine Krankenversicherung, die ihnen den Zugang zu medizinischer Versorgung in ihren Gemeinden im Rahmen des National Health Insurance Scheme erm\u00f6glicht.&nbsp;<\/p>\n\n\n\n<p><strong>Edward's Geschichte<\/strong><\/p>\n\n\n\n<p>Edward geht hoch oben in den Bergen von Nyandira, in der Region Morogoro in Tansania, zur Schule.&nbsp;<\/p>\n\n\n\n<figure class=\"wp-block-image size-large is-resized\"><img fetchpriority=\"high\" decoding=\"async\" width=\"806\" height=\"1024\" src=\"https:\/\/adra.org\/wp-content\/uploads\/2024\/09\/Edward-wtih-his-Headmaster-806x1024.png\" alt=\"A man from Tanzania, in a striped yellow and green shirt, stands with a young boy with albinism wearing a cowboy hat and plaid shirt, outside the school\" class=\"wp-image-36077\" style=\"width:405px;height:auto\" srcset=\"https:\/\/adra.org\/wp-content\/uploads\/2024\/09\/Edward-wtih-his-Headmaster-806x1024.png 806w, https:\/\/adra.org\/wp-content\/uploads\/2024\/09\/Edward-wtih-his-Headmaster-236x300.png 236w, https:\/\/adra.org\/wp-content\/uploads\/2024\/09\/Edward-wtih-his-Headmaster-768x976.png 768w, https:\/\/adra.org\/wp-content\/uploads\/2024\/09\/Edward-wtih-his-Headmaster.png 821w\" sizes=\"(max-width: 806px) 100vw, 806px\" \/><figcaption class=\"wp-element-caption\">Edward mit seinem Schulleiter, Herrn Peter Alex, vor der Nyandira Primary School\n<\/figcaption><\/figure>\n\n\n\n<p>Aufgrund des AFRICA-Programms von ADRA sind die 5<sup>th<\/sup>\u00a0hat gelernt, wie er sich vor der Sonne sch\u00fctzen kann, und sch\u00e4tzt die Schulungen, die seine Schule und seine Lehrer \u00fcber Albinismus erhalten haben.<\/p>\n\n\n\n<p>\u201cVor der Schulung hatte ich ein paar Probleme\u201d, sagte Edward. \u201cIch konnte im Klassenzimmer nicht gut sehen, weil ich keinen Sitzplatz in der ersten Reihe hatte, aber nach der Albinismus-Schulung sitze ich jetzt in der ersten Reihe des Klassenzimmers.\u201d&nbsp;<\/p>\n\n\n\n<p>Er ist auch froh, dass seine Klassenkameraden jetzt mehr Verst\u00e4ndnis f\u00fcr seinen Zustand haben und ihm bei Bedarf mit seinen Notizen helfen.<\/p>\n\n\n\n<p><strong>Naomis Geschichte<\/strong><\/p>\n\n\n\n<p>Zwei der drei Kinder von Naomi und David haben Albinismus.&nbsp;<\/p>\n\n\n\n<p>Naomi bleibt zu Hause, um sich um die Kinder zu k\u00fcmmern, und sie hat gesehen, welche Auswirkungen das AFRICA-Projekt von ADRA auf das Leben der 9-j\u00e4hrigen Reshimy und des 1-j\u00e4hrigen Daarnish hat.<\/p>\n\n\n\n<figure class=\"wp-block-image size-full\"><img decoding=\"async\" width=\"395\" height=\"296\" src=\"https:\/\/adra.org\/wp-content\/uploads\/2024\/09\/Naomi-with-Two-Children.jpg\" alt=\"Young girl with albinism sits with her both, who does not have albinism. The mother is holding a baby who also albinism. \" class=\"wp-image-36078\" srcset=\"https:\/\/adra.org\/wp-content\/uploads\/2024\/09\/Naomi-with-Two-Children.jpg 395w, https:\/\/adra.org\/wp-content\/uploads\/2024\/09\/Naomi-with-Two-Children-300x225.jpg 300w\" sizes=\"(max-width: 395px) 100vw, 395px\" \/><figcaption class=\"wp-element-caption\">Naomi sitzt mit ihren beiden Kindern zusammen, die mit Albinismus leben.<\/figcaption><\/figure>\n\n\n\n<p>Sie war besonders dankbar, dass sie eine Versicherungskarte f\u00fcr ihre Familie erhielt.<\/p>\n\n\n\n<p>\u201cMein erstes Kind hat Asthma\u201d, sagt sie. \u201cDie Gesundheitskarte hat mir geholfen, wenn ich ins Krankenhaus gehe, denn ich bekomme schneller Hilfe und Medikamente als vorher.\u201d<\/p>\n\n\n\n<p>Naomi ist auch dankbar f\u00fcr die M\u00fcttergruppen, die ADRA f\u00fcr M\u00fctter von Kindern mit Albinismus gegr\u00fcndet hat. Sie sagt, dass diese Gruppen den Frauen, die sich um ihre Kinder k\u00fcmmern, \u2019Hoffnung und Einigkeit\u201c bringen.<\/p>\n\n\n\n<p>ADRA hilft M\u00fcttern und Betreuern von Kindern mit Albinismus in Tansania, indem es sie ausbildet und dabei unterst\u00fctzt, kleine Unternehmen zu gr\u00fcnden und aufzubauen. Diese Unterst\u00fctzung f\u00f6rdert die Eigenst\u00e4ndigkeit und die W\u00fcrde von Menschen mit Albinismus in der Gemeinschaft.<\/p>","protected":false},"excerpt":{"rendered":"<p>Weltweit wird 1 von 20.000 Menschen mit Albinismus geboren.\u00a0<\/p>","protected":false},"author":46,"featured_media":36076,"comment_status":"closed","ping_status":"closed","sticky":false,"template":"","format":"standard","meta":{"_acf_changed":false,"_eb_attr":"","footnotes":""},"categories":[785,615,284,982],"tags":[1149,873,690],"class_list":["post-36074","post","type-post","status-publish","format-standard","has-post-thumbnail","hentry","category-africa","category-blog","category-health","category-tanzania","tag-health-systems-strengthening","tag-justice-compassion-love","tag-protection"],"acf":[],"_links":{"self":[{"href":"https:\/\/adra.org\/de\/wp-json\/wp\/v2\/posts\/36074","targetHints":{"allow":["GET"]}}],"collection":[{"href":"https:\/\/adra.org\/de\/wp-json\/wp\/v2\/posts"}],"about":[{"href":"https:\/\/adra.org\/de\/wp-json\/wp\/v2\/types\/post"}],"author":[{"embeddable":true,"href":"https:\/\/adra.org\/de\/wp-json\/wp\/v2\/users\/46"}],"replies":[{"embeddable":true,"href":"https:\/\/adra.org\/de\/wp-json\/wp\/v2\/comments?post=36074"}],"version-history":[{"count":5,"href":"https:\/\/adra.org\/de\/wp-json\/wp\/v2\/posts\/36074\/revisions"}],"predecessor-version":[{"id":45526,"href":"https:\/\/adra.org\/de\/wp-json\/wp\/v2\/posts\/36074\/revisions\/45526"}],"wp:featuredmedia":[{"embeddable":true,"href":"https:\/\/adra.org\/de\/wp-json\/wp\/v2\/media\/36076"}],"wp:attachment":[{"href":"https:\/\/adra.org\/de\/wp-json\/wp\/v2\/media?parent=36074"}],"wp:term":[{"taxonomy":"category","embeddable":true,"href":"https:\/\/adra.org\/de\/wp-json\/wp\/v2\/categories?post=36074"},{"taxonomy":"post_tag","embeddable":true,"href":"https:\/\/adra.org\/de\/wp-json\/wp\/v2\/tags?post=36074"}],"curies":[{"name":"wp","href":"https:\/\/api.w.org\/{rel}","templated":true}]}}