{"id":3483,"date":"2015-09-11T05:40:48","date_gmt":"2015-09-11T05:40:48","guid":{"rendered":"https:\/\/adra.org\/?p=3483"},"modified":"2026-04-07T19:13:11","modified_gmt":"2026-04-07T19:13:11","slug":"crisis-refugees-in-europe","status":"publish","type":"post","link":"https:\/\/adra.org\/de\/crisis-refugees-in-europe","title":{"rendered":"Die Krise: Fl\u00fcchtlinge in Europa"},"content":{"rendered":"<p>Die eskalierende Fl\u00fcchtlingskrise in Europa f\u00fchrt dazu, dass Hunderttausende von Menschen vor der Gewalt im kriegsgebeutelten Syrien und anderen L\u00e4ndern fliehen. Die Reise f\u00fcr diese Fl\u00fcchtlinge ist t\u00fcckisch, die Bedingungen sind verzweifelt, und die K\u00e4lte naht schnell.<\/p>\n<h3><a title=\"Notfallspende\" href=\"https:\/\/donations.adra.org\/disasters-ws\">Fl\u00fcchtlinge brauchen dringend Hilfe. Helfen Sie ADRA mit unserem Nothilfefonds zu reagieren.<\/a><\/h3>\n<p>In ganz Europa k\u00f6nnen Sie uns helfen, Fl\u00fcchtlinge auf Schritt und Tritt zu erreichen - in ihren Heimatl\u00e4ndern, entlang der Reiserouten und in den St\u00e4dten, in denen sie durchreisen oder sich niederlassen.<br \/>\nEinige Highlights:<br \/>\n<strong>Serbien<\/strong><\/p>\n<ul>\n<li>\u00dcberwachung von Fl\u00fcchtlingen, um sich auf die am meisten gef\u00e4hrdeten Personen zu konzentrieren<\/li>\n<li>Informationszentrum im Belgrader Stadtzentrum er\u00f6ffnet<\/li>\n<li>Center offers support with transport info, translations, information on refugee rights and avoiding traffickers<\/li>\n<li>Verbindung von Fl\u00fcchtlingen mit lokalen Diensten, medizinischer Hilfe und wichtiger psychosozialer Unterst\u00fctzung<\/li>\n<li>Kostenloses Wi-Fi, damit die Familien mit den Zur\u00fcckgebliebenen oder mit Freunden und Familie am Zielort in Kontakt bleiben k\u00f6nnen<\/li>\n<li>Verteilung von Kleidung, Schuhen und Bedarfsartikeln f\u00fcr die kalte Jahreszeit<\/li>\n<\/ul>\n<p><strong>Slowenien<\/strong><\/p>\n<ul>\n<li>F\u00fcllte ein Flugzeug mit gesammelten Sachspenden, die an Fl\u00fcchtlinge in Lesbos, Griechenland, geliefert wurden<\/li>\n<li>Flugkosten gespendet von der slowenischen Fluggesellschaft Adria<\/li>\n<li>Flugh\u00e4fen verzichten auf Geb\u00fchren in Slowenien und Griechenland<\/li>\n<li>12,5 Tonnen Material von Einheimischen innerhalb weniger Stunden gespendet<\/li>\n<li>\u00dcbersch\u00fcssige Materialien werden per Zug an das serbische Zentrum geliefert (alle Geb\u00fchren werden erneut erlassen)<\/li>\n<\/ul>\n<p><strong>\u00d6sterreich\u00a0<\/strong><\/p>\n<ul>\n<li>Zunehmende Beteiligung von Fl\u00fcchtlingen an Sozialprogrammen f\u00fcr Benachteiligte<\/li>\n<li>Zus\u00e4tzliche Sprachkurse f\u00fcr Fl\u00fcchtlinge<\/li>\n<li>Programme mit lokalen Kirchen, die bei der Integration von Fl\u00fcchtlingen helfen<\/li>\n<\/ul>","protected":false},"excerpt":{"rendered":"<p>Die eskalierende Fl\u00fcchtlingskrise in Europa f\u00fchrt dazu, dass Hunderttausende von Menschen vor der Gewalt im kriegsgebeutelten Syrien und anderen L\u00e4ndern fliehen.<\/p>","protected":false},"author":1,"featured_media":3493,"comment_status":"open","ping_status":"open","sticky":false,"template":"","format":"standard","meta":{"_acf_changed":false,"_eb_attr":"","footnotes":""},"categories":[885,590,799,968,972],"tags":[1079,363,355,1137],"class_list":["post-3483","post","type-post","status-publish","format-standard","has-post-thumbnail","hentry","category-austria","category-emergency","category-europe","category-serbia","category-slovenia","tag-crisis","tag-eu-refugee-crisis","tag-refugees","tag-ways-to-give"],"acf":[],"_links":{"self":[{"href":"https:\/\/adra.org\/de\/wp-json\/wp\/v2\/posts\/3483","targetHints":{"allow":["GET"]}}],"collection":[{"href":"https:\/\/adra.org\/de\/wp-json\/wp\/v2\/posts"}],"about":[{"href":"https:\/\/adra.org\/de\/wp-json\/wp\/v2\/types\/post"}],"author":[{"embeddable":true,"href":"https:\/\/adra.org\/de\/wp-json\/wp\/v2\/users\/1"}],"replies":[{"embeddable":true,"href":"https:\/\/adra.org\/de\/wp-json\/wp\/v2\/comments?post=3483"}],"version-history":[{"count":3,"href":"https:\/\/adra.org\/de\/wp-json\/wp\/v2\/posts\/3483\/revisions"}],"predecessor-version":[{"id":47266,"href":"https:\/\/adra.org\/de\/wp-json\/wp\/v2\/posts\/3483\/revisions\/47266"}],"wp:featuredmedia":[{"embeddable":true,"href":"https:\/\/adra.org\/de\/wp-json\/"}],"wp:attachment":[{"href":"https:\/\/adra.org\/de\/wp-json\/wp\/v2\/media?parent=3483"}],"wp:term":[{"taxonomy":"category","embeddable":true,"href":"https:\/\/adra.org\/de\/wp-json\/wp\/v2\/categories?post=3483"},{"taxonomy":"post_tag","embeddable":true,"href":"https:\/\/adra.org\/de\/wp-json\/wp\/v2\/tags?post=3483"}],"curies":[{"name":"wp","href":"https:\/\/api.w.org\/{rel}","templated":true}]}}