{"id":34823,"date":"2024-07-25T23:26:36","date_gmt":"2024-07-25T23:26:36","guid":{"rendered":"https:\/\/adra.org\/?p=34823"},"modified":"2026-03-18T19:08:56","modified_gmt":"2026-03-18T19:08:56","slug":"world-day-against-trafficking-in-persons-adra-reaffirms-global-prevention-efforts","status":"publish","type":"post","link":"https:\/\/adra.org\/de\/world-day-against-trafficking-in-persons-adra-reaffirms-global-prevention-efforts","title":{"rendered":"Welttag gegen Menschenhandel: ADRA bekr\u00e4ftigt globale Pr\u00e4ventionsbem\u00fchungen"},"content":{"rendered":"<h2 class=\"wp-block-post-title\">Welttag gegen Menschenhandel: ADRA bekr\u00e4ftigt globale Pr\u00e4ventionsbem\u00fchungen<\/h2>\n\n\n<figure class=\"wp-block-image size-large\"><img fetchpriority=\"high\" decoding=\"async\" width=\"1024\" height=\"599\" src=\"https:\/\/adra.org\/wp-content\/uploads\/2024\/07\/B88BC493-1167-4362-9DF2-4609D28F4923_1_201_a-1024x599.jpeg\" alt=\"\" class=\"wp-image-34824\" srcset=\"https:\/\/adra.org\/wp-content\/uploads\/2024\/07\/B88BC493-1167-4362-9DF2-4609D28F4923_1_201_a-1024x599.jpeg 1024w, https:\/\/adra.org\/wp-content\/uploads\/2024\/07\/B88BC493-1167-4362-9DF2-4609D28F4923_1_201_a-300x176.jpeg 300w, https:\/\/adra.org\/wp-content\/uploads\/2024\/07\/B88BC493-1167-4362-9DF2-4609D28F4923_1_201_a-768x450.jpeg 768w, https:\/\/adra.org\/wp-content\/uploads\/2024\/07\/B88BC493-1167-4362-9DF2-4609D28F4923_1_201_a-1536x899.jpeg 1536w, https:\/\/adra.org\/wp-content\/uploads\/2024\/07\/B88BC493-1167-4362-9DF2-4609D28F4923_1_201_a-2048x1199.jpeg 2048w\" sizes=\"(max-width: 1024px) 100vw, 1024px\" \/><\/figure>\n\n\n\n<p><strong>SILVER SPRING, MD (26. Juli 2024)&nbsp;<\/strong>- Das Adventistische Entwicklungs- und Hilfswerk (ADRA) schlie\u00dft sich den weltweiten Gemeinschaften auf <strong>30. Juli <\/strong>zum Gedenken an <strong><em>Welttag gegen Menschenhandel<\/em><\/strong> und die Ausmerzung des Kinderhandels zu verst\u00e4rken. Das diesj\u00e4hrige Thema \u201cKein Kind zur\u00fccklassen im Kampf gegen den Menschenhandel\u201d unterstreicht den hohen Anteil der weiblichen Opfer des Menschenhandels weltweit.<\/p>\n\n\n\n<figure class=\"wp-block-image size-large is-resized\"><img decoding=\"async\" width=\"1024\" height=\"745\" src=\"https:\/\/adra.org\/wp-content\/uploads\/2024\/07\/01AA3237-2ECF-4A50-B125-F4CDC2BB1E96_1_201_a-1024x745.jpeg\" alt=\"\" class=\"wp-image-34825\" style=\"width:840px;height:auto\" srcset=\"https:\/\/adra.org\/wp-content\/uploads\/2024\/07\/01AA3237-2ECF-4A50-B125-F4CDC2BB1E96_1_201_a-1024x745.jpeg 1024w, https:\/\/adra.org\/wp-content\/uploads\/2024\/07\/01AA3237-2ECF-4A50-B125-F4CDC2BB1E96_1_201_a-300x218.jpeg 300w, https:\/\/adra.org\/wp-content\/uploads\/2024\/07\/01AA3237-2ECF-4A50-B125-F4CDC2BB1E96_1_201_a-768x559.jpeg 768w, https:\/\/adra.org\/wp-content\/uploads\/2024\/07\/01AA3237-2ECF-4A50-B125-F4CDC2BB1E96_1_201_a-1536x1118.jpeg 1536w, https:\/\/adra.org\/wp-content\/uploads\/2024\/07\/01AA3237-2ECF-4A50-B125-F4CDC2BB1E96_1_201_a.jpeg 1894w\" sizes=\"(max-width: 1024px) 100vw, 1024px\" \/><\/figure>\n\n\n\n<p>Nach Angaben der Vereinten Nationen werden jedes Jahr mehr als 1,2 Millionen Kinder gehandelt, und die Wahrscheinlichkeit, dass Minderj\u00e4hrige im Zuge des Menschenhandels Gewalt erleiden, ist doppelt so hoch wie bei Erwachsenen. In Regionen wie Afrika s\u00fcdlich der Sahara, Nordafrika, Lateinamerika und der Karibik ist die H\u00e4ufigkeit des Kinderhandels unverh\u00e4ltnism\u00e4\u00dfig hoch, wobei Minderj\u00e4hrige 60 Prozent der entdeckten Opfer ausmachen.<\/p>\n\n\n\n<div class=\"wp-block-columns is-layout-flex wp-container-core-columns-is-layout-28f84493 wp-block-columns-is-layout-flex\">\n<div class=\"wp-block-column is-layout-flow wp-block-column-is-layout-flow\">\n<figure class=\"wp-block-image size-large\"><img decoding=\"async\" width=\"591\" height=\"1024\" src=\"https:\/\/adra.org\/wp-content\/uploads\/2024\/07\/17602E7B-E4F6-4646-98BB-859525ACC061_1_201_a-591x1024.jpeg\" alt=\"\" class=\"wp-image-34826\" srcset=\"https:\/\/adra.org\/wp-content\/uploads\/2024\/07\/17602E7B-E4F6-4646-98BB-859525ACC061_1_201_a-591x1024.jpeg 591w, https:\/\/adra.org\/wp-content\/uploads\/2024\/07\/17602E7B-E4F6-4646-98BB-859525ACC061_1_201_a-173x300.jpeg 173w, https:\/\/adra.org\/wp-content\/uploads\/2024\/07\/17602E7B-E4F6-4646-98BB-859525ACC061_1_201_a-768x1330.jpeg 768w, https:\/\/adra.org\/wp-content\/uploads\/2024\/07\/17602E7B-E4F6-4646-98BB-859525ACC061_1_201_a.jpeg 826w\" sizes=\"(max-width: 591px) 100vw, 591px\" \/><\/figure>\n<\/div>\n\n\n\n<div class=\"wp-block-column is-layout-flow wp-block-column-is-layout-flow\">\n<figure class=\"wp-block-image size-large is-resized\"><img loading=\"lazy\" decoding=\"async\" width=\"1024\" height=\"648\" src=\"https:\/\/adra.org\/wp-content\/uploads\/2024\/07\/813BE31B-553E-489F-9092-F7685DF1DF92_1_201_a-1024x648.jpeg\" alt=\"\" class=\"wp-image-34827\" style=\"width:419px;height:auto\" srcset=\"https:\/\/adra.org\/wp-content\/uploads\/2024\/07\/813BE31B-553E-489F-9092-F7685DF1DF92_1_201_a-1024x648.jpeg 1024w, https:\/\/adra.org\/wp-content\/uploads\/2024\/07\/813BE31B-553E-489F-9092-F7685DF1DF92_1_201_a-300x190.jpeg 300w, https:\/\/adra.org\/wp-content\/uploads\/2024\/07\/813BE31B-553E-489F-9092-F7685DF1DF92_1_201_a-768x486.jpeg 768w, https:\/\/adra.org\/wp-content\/uploads\/2024\/07\/813BE31B-553E-489F-9092-F7685DF1DF92_1_201_a-1536x972.jpeg 1536w, https:\/\/adra.org\/wp-content\/uploads\/2024\/07\/813BE31B-553E-489F-9092-F7685DF1DF92_1_201_a-2048x1296.jpeg 2048w\" sizes=\"(max-width: 1024px) 100vw, 1024px\" \/><\/figure>\n\n\n\n<blockquote class=\"wp-block-quote is-layout-flow wp-block-quote-is-layout-flow\">\n<p><\/p>\n<cite>\u201cMenschenhandel ist ein schwerwiegendes und weit verbreitetes Verbrechen, von dem weltweit Millionen von M\u00e4nnern, Frauen und Kindern betroffen sind. ADRA ist sich der Tragweite dieser Krise sehr bewusst, insbesondere des Kinderhandels, da Minderj\u00e4hrige einen betr\u00e4chtlichen Anteil der weltweiten Opfer ausmachen. ADRA steht an vorderster Front bei der Bereitstellung von Hilfsdiensten und -programmen f\u00fcr die Opfer, von denen viele Gewalt, Zwangsarbeit und sexueller Ausbeutung ausgesetzt waren und in bewaffneten Konflikten als Kindersoldaten rekrutiert wurden. ADRA wird auch weiterhin das Bewusstsein sch\u00e4rfen, sich f\u00fcr die Belange der Menschen einsetzen und weltweit Ma\u00dfnahmen f\u00f6rdern, um Kinder und Erwachsene davor zu sch\u00fctzen, Opfer von Menschenhandel zu werden\u201d, erkl\u00e4rt Imad Madanat, Vizepr\u00e4sident f\u00fcr humanit\u00e4re Angelegenheiten bei ADRA International.<\/cite><\/blockquote>\n<\/div>\n<\/div>\n\n\n\n<p class=\"has-large-font-size\"><strong>ADRA Kinderschutz-Programme<\/strong><\/p>\n\n\n\n<figure class=\"wp-block-image size-full\"><img loading=\"lazy\" decoding=\"async\" width=\"818\" height=\"540\" src=\"https:\/\/adra.org\/wp-content\/uploads\/2024\/07\/524CC3F3-D388-422B-8849-1E6132629B9F_1_201_a.jpeg\" alt=\"\" class=\"wp-image-34828\" srcset=\"https:\/\/adra.org\/wp-content\/uploads\/2024\/07\/524CC3F3-D388-422B-8849-1E6132629B9F_1_201_a.jpeg 818w, https:\/\/adra.org\/wp-content\/uploads\/2024\/07\/524CC3F3-D388-422B-8849-1E6132629B9F_1_201_a-300x198.jpeg 300w, https:\/\/adra.org\/wp-content\/uploads\/2024\/07\/524CC3F3-D388-422B-8849-1E6132629B9F_1_201_a-768x507.jpeg 768w\" sizes=\"(max-width: 818px) 100vw, 818px\" \/><\/figure>\n\n\n\n<p>ADRA f\u00fchrt in verschiedenen Regionen der Welt Programme durch, die speziell auf die Unterst\u00fctzung von Kindern ausgerichtet sind, die von Menschenhandel bedroht sind, indem sie die Ursachen wie Armut und Ungleichheit bek\u00e4mpfen, um die Gef\u00e4hrdung der Kinder zu verringern.<\/p>\n\n\n\n<p class=\"has-medium-font-size\"><strong>ADRA Bangladesch<\/strong><\/p>\n\n\n\n<div class=\"wp-block-columns is-layout-flex wp-container-core-columns-is-layout-28f84493 wp-block-columns-is-layout-flex\">\n<div class=\"wp-block-column is-layout-flow wp-block-column-is-layout-flow\">\n<div class=\"wp-block-columns is-layout-flex wp-container-core-columns-is-layout-28f84493 wp-block-columns-is-layout-flex\">\n<div class=\"wp-block-column is-layout-flow wp-block-column-is-layout-flow\">\n<figure class=\"wp-block-image size-full\"><img loading=\"lazy\" decoding=\"async\" width=\"924\" height=\"858\" src=\"https:\/\/adra.org\/wp-content\/uploads\/2024\/07\/54266D13-5C68-431D-9535-1985A635CE91_1_201_a-4.jpeg\" alt=\"\" class=\"wp-image-34834\" srcset=\"https:\/\/adra.org\/wp-content\/uploads\/2024\/07\/54266D13-5C68-431D-9535-1985A635CE91_1_201_a-4.jpeg 924w, https:\/\/adra.org\/wp-content\/uploads\/2024\/07\/54266D13-5C68-431D-9535-1985A635CE91_1_201_a-4-300x279.jpeg 300w, https:\/\/adra.org\/wp-content\/uploads\/2024\/07\/54266D13-5C68-431D-9535-1985A635CE91_1_201_a-4-768x713.jpeg 768w\" sizes=\"(max-width: 924px) 100vw, 924px\" \/><figcaption class=\"wp-element-caption\"><em>Bildnachweis: ADRA Bangladesch<\/em><\/figcaption><\/figure>\n<\/div>\n<\/div>\n<\/div>\n\n\n\n<div class=\"wp-block-column is-layout-flow wp-block-column-is-layout-flow\">\n<p>ADRA f\u00fchrt in Bangladesch ein Projekt zur Verhinderung von Kinderzwangsarbeit durch. Nach Angaben von UNICEF sind drei Millionen Kinder in dem Land zur Arbeit gezwungen, und viele von ihnen werden Opfer von Menschenh\u00e4ndlern. Die jungen Menschen, die in den st\u00e4dtischen Slums von Bangladesch leben, sind am meisten gef\u00e4hrdet. Um das Problem anzugehen, gr\u00fcndete ADRA eine Schule in einem einkommensschwachen Viertel und das Chalantika Slum Children Development Project (CSCDP), das seit 1972 hochwertige Bildung und soziale Dienste zur Verhinderung von Unterern\u00e4hrung anbietet.<\/p>\n\n\n\n<p><\/p>\n<\/div>\n<\/div>\n\n\n\n<p class=\"has-medium-font-size\"><strong>Sicherheit f\u00fcr M\u00e4dchen in Thailand<\/strong><\/p>\n\n\n\n<figure class=\"wp-block-image size-large\"><img loading=\"lazy\" decoding=\"async\" width=\"1024\" height=\"585\" src=\"https:\/\/adra.org\/wp-content\/uploads\/2024\/07\/BCA3D1C1-4116-4704-9B99-FB0D9836BBEA_1_201_a-1024x585.jpeg\" alt=\"\" class=\"wp-image-34836\" srcset=\"https:\/\/adra.org\/wp-content\/uploads\/2024\/07\/BCA3D1C1-4116-4704-9B99-FB0D9836BBEA_1_201_a-1024x585.jpeg 1024w, https:\/\/adra.org\/wp-content\/uploads\/2024\/07\/BCA3D1C1-4116-4704-9B99-FB0D9836BBEA_1_201_a-300x171.jpeg 300w, https:\/\/adra.org\/wp-content\/uploads\/2024\/07\/BCA3D1C1-4116-4704-9B99-FB0D9836BBEA_1_201_a-768x439.jpeg 768w, https:\/\/adra.org\/wp-content\/uploads\/2024\/07\/BCA3D1C1-4116-4704-9B99-FB0D9836BBEA_1_201_a-1536x877.jpeg 1536w, https:\/\/adra.org\/wp-content\/uploads\/2024\/07\/BCA3D1C1-4116-4704-9B99-FB0D9836BBEA_1_201_a-2048x1170.jpeg 2048w\" sizes=\"(max-width: 1024px) 100vw, 1024px\" \/><\/figure>\n\n\n\n<p>Das Projekt Keep Girls Safe (KGS) von ADRA in Thailand arbeitet mit Regierungsbeh\u00f6rden, lokalen Organisationen und Gemeindegruppen zusammen, um das Bewusstsein zu sch\u00e4rfen und die Gef\u00e4hrdung von Frauen und M\u00e4dchen durch sexuelle Ausbeutung und Menschenhandel zu verringern. Keep Girls Safe (KGS), das eine Zufluchtsst\u00e4tte f\u00fcr gef\u00e4hrdete M\u00e4dchen unterh\u00e4lt und 100 jungen Frauen Ausbildungsstipendien anbietet, feiert in diesem Jahr sein 20-j\u00e4hriges Bestehen.  Das Projekt arbeitet auch mit dem Chiang Rai Secondary Education Department zusammen, um Sch\u00fcler, Gymnasiallehrer und Berater darin zu schulen, wie man das Bewusstsein f\u00fcr Online-Ausbeutung, Missbrauch und Menschenhandel sch\u00e4rft und zur Anzeige ermutigt.<\/p>\n\n\n\n<p class=\"has-medium-font-size\"><strong>ADRA-Programm f\u00fcr Fl\u00fcchtlingskinder und -familien<\/strong><\/p>\n\n\n\n<div class=\"wp-block-columns is-layout-flex wp-container-core-columns-is-layout-28f84493 wp-block-columns-is-layout-flex\">\n<div class=\"wp-block-column is-layout-flow wp-block-column-is-layout-flow\">\n<figure class=\"wp-block-image size-large\"><img loading=\"lazy\" decoding=\"async\" width=\"1024\" height=\"683\" src=\"https:\/\/adra.org\/wp-content\/uploads\/2024\/07\/248D567F-4066-4F00-B4A0-2EE00B591B30_1_201_a-1024x683.jpeg\" alt=\"\" class=\"wp-image-34837\" srcset=\"https:\/\/adra.org\/wp-content\/uploads\/2024\/07\/248D567F-4066-4F00-B4A0-2EE00B591B30_1_201_a-1024x683.jpeg 1024w, https:\/\/adra.org\/wp-content\/uploads\/2024\/07\/248D567F-4066-4F00-B4A0-2EE00B591B30_1_201_a-300x200.jpeg 300w, https:\/\/adra.org\/wp-content\/uploads\/2024\/07\/248D567F-4066-4F00-B4A0-2EE00B591B30_1_201_a-768x512.jpeg 768w, https:\/\/adra.org\/wp-content\/uploads\/2024\/07\/248D567F-4066-4F00-B4A0-2EE00B591B30_1_201_a-1536x1024.jpeg 1536w, https:\/\/adra.org\/wp-content\/uploads\/2024\/07\/248D567F-4066-4F00-B4A0-2EE00B591B30_1_201_a-2048x1365.jpeg 2048w\" sizes=\"(max-width: 1024px) 100vw, 1024px\" \/><\/figure>\n<\/div>\n<\/div>\n\n\n\n<p>ADRA arbeitet mit Fl\u00fcchtlings- und Vertriebenenkindern in einer Vielzahl von Situationen, um ihre Sicherheit und ihren Schutz zu gew\u00e4hrleisten, da sie das Ziel von Menschenh\u00e4ndlern sind. Nach Berichten der Vereinten Nationen nimmt eine wachsende Zahl von Fl\u00fcchtlings- und Migrantenkindern \u00e4u\u00dferst gef\u00e4hrliche Routen, h\u00e4ufig auf Gehei\u00df von Schmugglern und Menschenh\u00e4ndlern, und wird in die Sklaverei oder Prostitution verkauft.<\/p>\n\n\n\n<p><strong>ADRA Libanon<\/strong><\/p>\n\n\n\n<div class=\"wp-block-media-text is-stacked-on-mobile\"><figure class=\"wp-block-media-text__media\"><img loading=\"lazy\" decoding=\"async\" width=\"1024\" height=\"683\" src=\"https:\/\/adra.org\/wp-content\/uploads\/2024\/07\/C88406A0-4A62-41B4-BFA0-E1E656BEB885_1_201_a-1024x683.jpeg\" alt=\"\" class=\"wp-image-34838 size-full\" srcset=\"https:\/\/adra.org\/wp-content\/uploads\/2024\/07\/C88406A0-4A62-41B4-BFA0-E1E656BEB885_1_201_a-1024x683.jpeg 1024w, https:\/\/adra.org\/wp-content\/uploads\/2024\/07\/C88406A0-4A62-41B4-BFA0-E1E656BEB885_1_201_a-300x200.jpeg 300w, https:\/\/adra.org\/wp-content\/uploads\/2024\/07\/C88406A0-4A62-41B4-BFA0-E1E656BEB885_1_201_a-768x512.jpeg 768w, https:\/\/adra.org\/wp-content\/uploads\/2024\/07\/C88406A0-4A62-41B4-BFA0-E1E656BEB885_1_201_a-1536x1024.jpeg 1536w, https:\/\/adra.org\/wp-content\/uploads\/2024\/07\/C88406A0-4A62-41B4-BFA0-E1E656BEB885_1_201_a-2048x1365.jpeg 2048w\" sizes=\"(max-width: 1024px) 100vw, 1024px\" \/><\/figure><div class=\"wp-block-media-text__content\">\n<p>Um Kinder zu sch\u00fctzen, f\u00fchrt ADRA in vielen Fl\u00fcchtlingslagern auf der ganzen Welt Bildungsinitiativen durch. Das Learning Center von ADRA in Baalbek, Libanon, bietet Kindern, die vor dem Syrienkonflikt geflohen sind, Bildung und stellt f\u00fcr sie und ihre Familien wichtige Kontakte her.<\/p>\n<\/div><\/div>\n\n\n\n<p><strong>ADRA Mexiko<\/strong><\/p>\n\n\n\n<div class=\"wp-block-columns is-layout-flex wp-container-core-columns-is-layout-28f84493 wp-block-columns-is-layout-flex\">\n<div class=\"wp-block-column is-layout-flow wp-block-column-is-layout-flow\">\n<figure class=\"wp-block-image size-full is-resized\"><img loading=\"lazy\" decoding=\"async\" width=\"784\" height=\"669\" src=\"https:\/\/adra.org\/wp-content\/uploads\/2024\/07\/F6E71739-F552-4850-8904-4CC4900B154B_1_201_a-1.jpeg\" alt=\"\" class=\"wp-image-34841\" style=\"width:416px;height:auto\" srcset=\"https:\/\/adra.org\/wp-content\/uploads\/2024\/07\/F6E71739-F552-4850-8904-4CC4900B154B_1_201_a-1.jpeg 784w, https:\/\/adra.org\/wp-content\/uploads\/2024\/07\/F6E71739-F552-4850-8904-4CC4900B154B_1_201_a-1-300x256.jpeg 300w, https:\/\/adra.org\/wp-content\/uploads\/2024\/07\/F6E71739-F552-4850-8904-4CC4900B154B_1_201_a-1-768x655.jpeg 768w\" sizes=\"(max-width: 784px) 100vw, 784px\" \/><figcaption class=\"wp-element-caption\"><em>ADRA f\u00fchrt psychosoziale Unterst\u00fctzungsma\u00dfnahmen f\u00fcr Fl\u00fcchtlingskinder und -jugendliche in Mexiko durch.  Bildnachweis: ADRA Mexiko<\/em><\/figcaption><\/figure>\n\n\n\n<p>In Mexiko unterst\u00fctzt ADRA Fl\u00fcchtlingsfamilien und -kinder, die aus Gewalt- und Konfliktgebieten fliehen, mit Nahrungsmitteln, Unterk\u00fcnften, Gesundheitsdiensten und Beratung.<\/p>\n<\/div>\n\n\n\n<div class=\"wp-block-column is-layout-flow wp-block-column-is-layout-flow\">\n<figure class=\"wp-block-image size-large is-resized\"><img loading=\"lazy\" decoding=\"async\" width=\"819\" height=\"1024\" src=\"https:\/\/adra.org\/wp-content\/uploads\/2024\/07\/1D2286D9-84A8-478D-B036-2DCBFF95A739_1_201_a-1-819x1024.jpeg\" alt=\"\" class=\"wp-image-34842\" style=\"width:416px;height:auto\" srcset=\"https:\/\/adra.org\/wp-content\/uploads\/2024\/07\/1D2286D9-84A8-478D-B036-2DCBFF95A739_1_201_a-1-819x1024.jpeg 819w, https:\/\/adra.org\/wp-content\/uploads\/2024\/07\/1D2286D9-84A8-478D-B036-2DCBFF95A739_1_201_a-1-240x300.jpeg 240w, https:\/\/adra.org\/wp-content\/uploads\/2024\/07\/1D2286D9-84A8-478D-B036-2DCBFF95A739_1_201_a-1-768x960.jpeg 768w, https:\/\/adra.org\/wp-content\/uploads\/2024\/07\/1D2286D9-84A8-478D-B036-2DCBFF95A739_1_201_a-1-1229x1536.jpeg 1229w, https:\/\/adra.org\/wp-content\/uploads\/2024\/07\/1D2286D9-84A8-478D-B036-2DCBFF95A739_1_201_a-1.jpeg 1440w\" sizes=\"(max-width: 819px) 100vw, 819px\" \/><\/figure>\n<\/div>\n<\/div>\n\n\n\n<p><strong>ADRA Europa<\/strong><\/p>\n\n\n\n<div class=\"wp-block-columns is-layout-flex wp-container-core-columns-is-layout-28f84493 wp-block-columns-is-layout-flex\">\n<div class=\"wp-block-column is-layout-flow wp-block-column-is-layout-flow\">\n<figure class=\"wp-block-image size-full is-resized\"><img loading=\"lazy\" decoding=\"async\" width=\"768\" height=\"1024\" src=\"https:\/\/adra.org\/wp-content\/uploads\/2024\/07\/7D480BDA-D96E-4144-8189-B548C83EF450_1_201_a-2.jpeg\" alt=\"\" class=\"wp-image-34850\" style=\"width:413px;height:auto\" srcset=\"https:\/\/adra.org\/wp-content\/uploads\/2024\/07\/7D480BDA-D96E-4144-8189-B548C83EF450_1_201_a-2.jpeg 768w, https:\/\/adra.org\/wp-content\/uploads\/2024\/07\/7D480BDA-D96E-4144-8189-B548C83EF450_1_201_a-2-225x300.jpeg 225w\" sizes=\"(max-width: 768px) 100vw, 768px\" \/><\/figure>\n\n\n\n<p><em>ADRA empf\u00e4ngt Fl\u00fcchtlingskinder an der ukrainischen Grenze mit Decken, hei\u00dfen Getr\u00e4nken und Essen. Bildnachweis: ADRA Rum\u00e4nien<\/em><\/p>\n<\/div>\n\n\n\n<div class=\"wp-block-column is-layout-flow wp-block-column-is-layout-flow\">\n<p>ADRA hat auch umfangreiche Hilfsma\u00dfnahmen zum Schutz von Fl\u00fcchtlingskindern und Familien eingeleitet, die vor den K\u00e4mpfen in der Ukraine fliehen.  Mehrere ADRA-L\u00e4nderb\u00fcros, darunter in \u00d6sterreich, Belgien, Rum\u00e4nien und der Slowakei, bieten zahlreiche soziale Dienste an, wie z. B. Nahrungsmittel, Bargeld, Zugang zu Bildung, Unterkunft, psychosoziale Unterst\u00fctzung und Schutz an Grenz\u00fcberg\u00e4ngen.<\/p>\n\n\n\n<p>Helfen Sie ADRA, eine sicherere Welt zu schaffen, indem Sie sich dem Kampf gegen den Menschenhandel anschlie\u00dfen. Besuchen Sie <a href=\"https:\/\/adra.org\/de\/child-protection\/\">https:\/\/adra.org\/child-protection<\/a> erfahren Sie mehr \u00fcber die weltweiten Bem\u00fchungen von ADRA zur Verhinderung des Menschenhandels sowie \u00fcber M\u00f6glichkeiten, \u00dcberlebenden zu helfen und gef\u00e4hrdete Menschen vor diesem abscheulichen Verbrechen zu sch\u00fctzen.<\/p>\n<\/div>\n<\/div>\n\n\n\n<p><\/p>","protected":false},"excerpt":{"rendered":"<p>Das Adventistische Entwicklungs- und Hilfswerk (ADRA) schlie\u00dft sich am 30. Juli den weltweiten Gemeinschaften an, um den Welttag gegen Menschenhandel zu begehen und sich f\u00fcr die Ausrottung des Kinderhandels einzusetzen<\/p>","protected":false},"author":46,"featured_media":34852,"comment_status":"closed","ping_status":"closed","sticky":false,"template":"","format":"standard","meta":{"_acf_changed":false,"_eb_attr":"","footnotes":"[]"},"categories":[785,780,799,793,820,784,614,783,11,812,797,791,1],"tags":[668,690,355,754,547,383],"class_list":["post-34823","post","type-post","status-publish","format-standard","has-post-thumbnail","hentry","category-africa","category-asia","category-europe","category-lebanon","category-mexico","category-middle-east-north-africa","category-news","category-north-america","category-press-release","category-syria","category-thailand","category-ukraine","category-uncategorized","tag-human-trafficking","tag-protection","tag-refugees","tag-safeguarding","tag-unicef","tag-united-nations-un"],"acf":[],"_links":{"self":[{"href":"https:\/\/adra.org\/de\/wp-json\/wp\/v2\/posts\/34823","targetHints":{"allow":["GET"]}}],"collection":[{"href":"https:\/\/adra.org\/de\/wp-json\/wp\/v2\/posts"}],"about":[{"href":"https:\/\/adra.org\/de\/wp-json\/wp\/v2\/types\/post"}],"author":[{"embeddable":true,"href":"https:\/\/adra.org\/de\/wp-json\/wp\/v2\/users\/46"}],"replies":[{"embeddable":true,"href":"https:\/\/adra.org\/de\/wp-json\/wp\/v2\/comments?post=34823"}],"version-history":[{"count":16,"href":"https:\/\/adra.org\/de\/wp-json\/wp\/v2\/posts\/34823\/revisions"}],"predecessor-version":[{"id":45521,"href":"https:\/\/adra.org\/de\/wp-json\/wp\/v2\/posts\/34823\/revisions\/45521"}],"wp:featuredmedia":[{"embeddable":true,"href":"https:\/\/adra.org\/de\/wp-json\/wp\/v2\/media\/34852"}],"wp:attachment":[{"href":"https:\/\/adra.org\/de\/wp-json\/wp\/v2\/media?parent=34823"}],"wp:term":[{"taxonomy":"category","embeddable":true,"href":"https:\/\/adra.org\/de\/wp-json\/wp\/v2\/categories?post=34823"},{"taxonomy":"post_tag","embeddable":true,"href":"https:\/\/adra.org\/de\/wp-json\/wp\/v2\/tags?post=34823"}],"curies":[{"name":"wp","href":"https:\/\/api.w.org\/{rel}","templated":true}]}}