{"id":2642,"date":"2015-05-13T02:08:05","date_gmt":"2015-05-13T02:08:05","guid":{"rendered":"https:\/\/adra.org\/?p=2642"},"modified":"2026-04-07T19:39:54","modified_gmt":"2026-04-07T19:39:54","slug":"second-earthquake-strikes-nepal","status":"publish","type":"post","link":"https:\/\/adra.org\/de\/second-earthquake-strikes-nepal","title":{"rendered":"Zweites Erdbeben in Nepal"},"content":{"rendered":"<h2>ADRA setzt Hilfsbem\u00fchungen nach zweitem Erdbeben in Nepal fort<\/h2>\n<p>WASHINGTON, DC - Nepal wurde innerhalb weniger Wochen von einem zweiten Erdbeben heimgesucht, das die bereits angespannten Hilfsbem\u00fchungen erschwert und eine neue Welle von Sch\u00e4den im ganzen Land verursacht hat.<\/p>\n<p>Das Erdbeben der St\u00e4rke 7,3 ereignete sich 42 Meilen (68 km) westlich der Stadt Namche Bazaar in der N\u00e4he des Mount Everest. Zum Zeitpunkt dieses Berichts gibt es 13 best\u00e4tigte Todesopfer. Die Schockwellen waren bis in die indische Hauptstadt Dehli und Dhaka, die Hauptstadt von Bangladesch, zu sp\u00fcren.<\/p>\n<p>Einer k\u00fcrzlich durchgef\u00fchrten Untersuchung zufolge sind mehr als drei Viertel der Geb\u00e4ude in Kathmandu unbewohnbar oder unsicher, und Zehntausende von Menschen leben im Freien unter Planen, von denen viele vom ADRA-Netzwerk zur Verf\u00fcgung gestellt wurden.<\/p>\n<p>Unsere Mitarbeiter vor Ort haben Kathmandu und Lalitpur untersucht und festgestellt, dass viele der Geb\u00e4ude, die am 25. April eingest\u00fcrzt oder besch\u00e4digt worden waren, bei diesem Erdbeben gl\u00fccklicherweise unbewohnt waren, so dass sich die Zahl der Verletzten und Opfer bisher in Grenzen h\u00e4lt. Es wird jedoch erwartet, dass die Zahl der Opfer mit Beginn der Such- und Rettungsma\u00dfnahmen steigen wird.<\/p>\n<p>Am 25. April trafen ADRA-Nothilfe-Mitarbeiter in Nepal ein, um die vom Erdbeben verw\u00fcsteten Gemeinden zu unterst\u00fctzen und Hilfe zu leisten. Auch wenn nach dem j\u00fcngsten Erdbeben weitere Hilfsma\u00dfnahmen eingeleitet werden, werden wir unsere laufenden Hilfsaktionen fortsetzen.<\/p>\n<h3>Wie Sie helfen k\u00f6nnen<\/h3>\n<p>Die Hilfsorganisationen bitten alle, die den Menschen in Nepal helfen wollen, um Bargeldspenden. \u201cBargeldspenden erm\u00f6glichen es den Organisationen, auf dringende Bed\u00fcrfnisse zu reagieren, sobald sie sich \u00e4ndern, was in der Anfangsphase der Hilfe h\u00e4ufig der Fall ist\u201d, sagte Thierry Van Bignoot, Direktor f\u00fcr Notfallmanagement bei ADRA. \u201cSie sind am effizientesten und erm\u00f6glichen es uns, Waren vor Ort zu kaufen und sicherzustellen, dass alles, was wir bekommen, kulturell und \u00f6kologisch angemessen ist.\u201d<\/p>","protected":false},"excerpt":{"rendered":"<p>A second earthquake has struck Nepal in almost as many weeks, hampering already strained relief efforts and inflicting a new wave of damage across the country<\/p>","protected":false},"author":1,"featured_media":2643,"comment_status":"open","ping_status":"open","sticky":false,"template":"","format":"standard","meta":{"_acf_changed":false,"_eb_attr":"","footnotes":""},"categories":[780,795,11],"tags":[6,8,833,1137],"class_list":["post-2642","post","type-post","status-publish","format-standard","has-post-thumbnail","hentry","category-asia","category-nepal","category-press-release","tag-disaster-relief","tag-emergency-response","tag-emergency-response-team-ert","tag-ways-to-give"],"acf":[],"_links":{"self":[{"href":"https:\/\/adra.org\/de\/wp-json\/wp\/v2\/posts\/2642","targetHints":{"allow":["GET"]}}],"collection":[{"href":"https:\/\/adra.org\/de\/wp-json\/wp\/v2\/posts"}],"about":[{"href":"https:\/\/adra.org\/de\/wp-json\/wp\/v2\/types\/post"}],"author":[{"embeddable":true,"href":"https:\/\/adra.org\/de\/wp-json\/wp\/v2\/users\/1"}],"replies":[{"embeddable":true,"href":"https:\/\/adra.org\/de\/wp-json\/wp\/v2\/comments?post=2642"}],"version-history":[{"count":3,"href":"https:\/\/adra.org\/de\/wp-json\/wp\/v2\/posts\/2642\/revisions"}],"predecessor-version":[{"id":47279,"href":"https:\/\/adra.org\/de\/wp-json\/wp\/v2\/posts\/2642\/revisions\/47279"}],"wp:featuredmedia":[{"embeddable":true,"href":"https:\/\/adra.org\/de\/wp-json\/wp\/v2\/media\/2643"}],"wp:attachment":[{"href":"https:\/\/adra.org\/de\/wp-json\/wp\/v2\/media?parent=2642"}],"wp:term":[{"taxonomy":"category","embeddable":true,"href":"https:\/\/adra.org\/de\/wp-json\/wp\/v2\/categories?post=2642"},{"taxonomy":"post_tag","embeddable":true,"href":"https:\/\/adra.org\/de\/wp-json\/wp\/v2\/tags?post=2642"}],"curies":[{"name":"wp","href":"https:\/\/api.w.org\/{rel}","templated":true}]}}