{"id":25536,"date":"2023-01-17T19:34:42","date_gmt":"2023-01-17T19:34:42","guid":{"rendered":"https:\/\/adra.org\/?p=25536"},"modified":"2026-04-22T13:33:43","modified_gmt":"2026-04-22T13:33:43","slug":"inspired-by-dr-martin-luther-king-jr","status":"publish","type":"post","link":"https:\/\/adra.org\/de\/inspired-by-dr-martin-luther-king-jr","title":{"rendered":"Inspiriert von Dr. Martin Luther King Jr."},"content":{"rendered":"<p>Anl\u00e4sslich des Nationalfeiertags in den Vereinigten Staaten zu Ehren von Dr. Martin Luther King Jr. reflektieren ADRA-Mitarbeiter dar\u00fcber, wie seine Worte und Taten ihr Leben beeinflusst haben.<\/p>\n\n\n\n<div style=\"height:25px\" aria-hidden=\"true\" class=\"wp-block-spacer\"><\/div>\n\n\n\n<p><strong>Billy Andre: Niemals gleichg\u00fcltig<\/strong><\/p>\n\n\n\n<p>Der junge Billy ging eines Tages nach Hause, als er vor einem McDonald's einen Obdachlosen bemerkte, der stark blutete. Links und rechts gingen Leute an ihm vorbei, aber niemand hielt an, um ihm zu helfen. Billy rief, jemand solle den Notruf w\u00e4hlen, und rannte zu dem Mann, um ihn zu versorgen, bis der Krankenwagen eintraf.<\/p>\n\n\n\n<figure class=\"wp-block-image alignleft size-large is-resized\"><img fetchpriority=\"high\" decoding=\"async\" src=\"https:\/\/adra.org\/wp-content\/uploads\/2023\/01\/IMG_2160-718x1024.jpg\" alt=\"\" class=\"wp-image-25590\" width=\"359\" height=\"512\" srcset=\"https:\/\/adra.org\/wp-content\/uploads\/2023\/01\/IMG_2160-718x1024.jpg 718w, https:\/\/adra.org\/wp-content\/uploads\/2023\/01\/IMG_2160-210x300.jpg 210w, https:\/\/adra.org\/wp-content\/uploads\/2023\/01\/IMG_2160-768x1096.jpg 768w, https:\/\/adra.org\/wp-content\/uploads\/2023\/01\/IMG_2160-1076x1536.jpg 1076w, https:\/\/adra.org\/wp-content\/uploads\/2023\/01\/IMG_2160-1435x2048.jpg 1435w, https:\/\/adra.org\/wp-content\/uploads\/2023\/01\/IMG_2160-scaled.jpg 1794w\" sizes=\"(max-width: 359px) 100vw, 359px\" \/><\/figure>\n\n\n\n<p><em>\u201cOh ja, er ist schon seit 15 oder 20 Minuten da.\u201d <\/em>sagte eine Frau, als sie vorbeiging. Billy traute seinen Ohren nicht. Hier war ein Mann, der buchst\u00e4blich am Verbluten war. Hunderte, vielleicht Tausende von Menschen waren an ihm vorbeigegangen. Und nicht einer hatte auch nur das Geringste getan, um ihm zu helfen.<\/p>\n\n\n\n<p><em>\u201cDurch diese Erfahrung habe ich gesehen, dass Gott uns immer gebrauchen kann\u201d.\u201d <\/em>sagt Billy Andre, Leiter des Nothilfeprogramms von ADRA f\u00fcr Afrika und Europa.<em> \u201cWir m\u00fcssen nur bereit sein.\u201d<\/em><\/p>\n\n\n\n<p>Andre l\u00e4sst sich von Dr. King inspirieren, um ein Leben im Dienste der Gemeinschaft zu f\u00fchren. \u201c<em>MLK ermutigte die Menschen, niemandem gegen\u00fcber gleichg\u00fcltig zu sein, zu jeder Zeit und \u00fcberall.\u201d <\/em>sagt Andre.<\/p>\n\n\n\n<p>Als Andre erfuhr, dass Dr. King ein Buch seines Mentors Howard Thurman mit sich herumtrug, das den Titel <em>Jesus und die Enterbten<\/em>, beschloss Andre, es selbst zu lesen. In diesem Buch las er \u00fcber Jesus als eine m\u00e4chtige Kraft. <em>\u201cEr war sympathisch, denn er hatte keine Angst, den Schw\u00e4chsten zu helfen. Er war ein Fl\u00fcchtling, obdachlos und arm, genau wie sie\u201d.\u201d<\/em> sagt Andre. <em>\u201cDas Buch war f\u00fcr mich ein Aufruf zum Handeln\u201d.\u201d<\/em><\/p>\n\n\n\n<p>Andre koordiniert Nothilfeprojekte in Afrika, Europa und auf der ganzen Welt und l\u00e4sst sich von Dr. King zeigen, wie er sein Leben leben will. \u201c<em>Indem ich studierte, was er tat, entdeckte ich, was ihn motivierte, und ich versuchte, davon zu lernen, damit ich einen starken Einfluss aus\u00fcben kann.\u201d <\/em>sagt Andre. <em>\u201cEr ist in die Fu\u00dfstapfen von Jesus getreten. Wenn ich das Gleiche tue. werde ich auch eine \u00e4hnliche Wirkung haben.\u201d<\/em> Und genau das ist es, was Andre an seinem Job liebt. Durch seine Arbeit f\u00fcr ADRA kann Andre das Leben von Hunderten, wenn nicht Tausenden von Menschen beeinflussen.<\/p>\n\n\n\n<div style=\"height:25px\" aria-hidden=\"true\" class=\"wp-block-spacer\"><\/div>\n\n\n\n<p><strong>Mayra del Villar-Malcolm: Geliebte Gemeinschaft<\/strong><\/p>\n\n\n\n<p>Als die Dominikanische Republik von einem Hurrikan heimgesucht wurde, half die junge Mayra ihrer Mutter, eine Lieferung von gespendeten Gegenst\u00e4nden zu organisieren, die die Gemeinde von ADRA erhalten hatte. Es war ihre erste Erfahrung mit der Organisation, aber es war nicht ihre erste Begegnung mit dem Dienst.<\/p>\n\n\n\n<figure class=\"wp-block-image alignright size-full is-resized\"><img decoding=\"async\" src=\"https:\/\/adra.org\/wp-content\/uploads\/2023\/01\/8D11461F-F5BB-40D0-99C7-E413A0990140-rotated.jpeg\" alt=\"\" class=\"wp-image-25591\" width=\"425\" height=\"638\" srcset=\"https:\/\/adra.org\/wp-content\/uploads\/2023\/01\/8D11461F-F5BB-40D0-99C7-E413A0990140-rotated.jpeg 567w, https:\/\/adra.org\/wp-content\/uploads\/2023\/01\/8D11461F-F5BB-40D0-99C7-E413A0990140-200x300.jpeg 200w\" sizes=\"(max-width: 425px) 100vw, 425px\" \/><\/figure>\n\n\n\n<p>Mayras Eltern haben sich immer um die Bed\u00fcrfnisse anderer gek\u00fcmmert. Ihre Mutter war die Direktorin einer gro\u00dfen adventistischen Schule. Mayras Mutter war entschlossen, jeden aufzunehmen, der die Schule besuchen wollte, auch wenn er sich das Schulgeld nicht auf traditionelle Weise leisten konnte. <em>\u201cWenn es in dem Raum einen Stuhl gab, sa\u00df der Junge drin.\u201d <\/em>sagt Mayra del Villar-Malcom, die jetzt als Kontaktperson f\u00fcr die Mitarbeiter von ADRA International t\u00e4tig ist.<\/p>\n\n\n\n<p>Schon als Kind ahmte Mayra das Handeln ihrer Mutter nach, indem sie mit Filztafeln und Filzen in der Hand in arme Gemeinden ging, um Kindern biblische Geschichten zu erz\u00e4hlen.<\/p>\n\n\n\n<p>Nach seinem Umzug in die Vereinigten Staaten begann Villar-Malcolm, mehr \u00fcber die Arbeit von Martin Luther King, Jr. zu erfahren. <em>\u201cDas Konzept einer geliebten Gemeinschaft hat mir besonders gut gefallen\u201d.\u201d <\/em>sagt Villar-Malcolm, <em>\u201ceine Gemeinschaft, in der f\u00fcr jeden gesorgt wird. Wo es keine Armut, keinen Hunger und keinen Hass gibt. Das deckt sich auch mit meinen christlichen Werten.\u201d<\/em><\/p>\n\n\n\n<p>Dieser Wert hat Villar-Malcolm dazu bewogen, f\u00fcr ADRA zu arbeiten. <em>\u201cWir bieten unsere Dienste jedem an, unabh\u00e4ngig von Ethnie, Nationalit\u00e4t, Geschlecht, Bildung, finanziellen Mitteln oder Religion\u201d.\u201d <\/em>sagt Villar-Malcolm, <em>\u201cWir versuchen, einen Beitrag zu leisten und Gemeinschaften zu schaffen, die genau die geliebte Gemeinschaft sind, die sich Dr. King vorgestellt hat.\u201d<\/em><\/p>\n\n\n\n<p>Indem sie dazu beitr\u00e4gt, diese Art von Gemeinschaft zu schaffen, erf\u00fcllt Villar-Malcom ihren von Gott gegebenen Auftrag. <em>\u201cDie geliebte Gemeinschaft, von der Dr. King gesprochen hat,\u201d<\/em> sagt Villar-Malcom, <em>\u201cDas ist die Art von Reich, von der ich mir vorstelle, dass Jesus sie sich f\u00fcr uns w\u00fcnschen w\u00fcrde.\u201d<\/em><\/p>\n\n\n\n<div style=\"height:25px\" aria-hidden=\"true\" class=\"wp-block-spacer\"><\/div>\n\n\n\n<p><strong>JoDee Fairbanks: Gerechtigkeit, Barmherzigkeit und Liebe<\/strong>\u00a0\u00a0\u00a0\u00a0\u00a0\u00a0\u00a0\u00a0<\/p>\n\n\n\n<p>Die kleine JoDee bl\u00e4tterte in den ADRA-Materialien, die ihre Eltern erhalten hatten. Sie f\u00fchlte sich berufen, zu helfen. Als sie 8 Jahre alt war, spendete JoDee bereits Geld an ADRA und war sich sicher, dass sie, wenn sie erwachsen war, Missionarin werden w\u00fcrde, um den Menschen, die sie auf den Bildern sah, zu helfen.<\/p>\n\n\n\n<figure class=\"wp-block-image alignleft size-large is-resized\"><img decoding=\"async\" src=\"https:\/\/adra.org\/wp-content\/uploads\/2023\/01\/A755AE7E-1A41-4AD0-B0B4-D3EDA662E38B-1-769x1024.jpeg\" alt=\"\" class=\"wp-image-25592\" width=\"385\" height=\"512\" srcset=\"https:\/\/adra.org\/wp-content\/uploads\/2023\/01\/A755AE7E-1A41-4AD0-B0B4-D3EDA662E38B-1-769x1024.jpeg 769w, https:\/\/adra.org\/wp-content\/uploads\/2023\/01\/A755AE7E-1A41-4AD0-B0B4-D3EDA662E38B-1-225x300.jpeg 225w, https:\/\/adra.org\/wp-content\/uploads\/2023\/01\/A755AE7E-1A41-4AD0-B0B4-D3EDA662E38B-1-768x1022.jpeg 768w, https:\/\/adra.org\/wp-content\/uploads\/2023\/01\/A755AE7E-1A41-4AD0-B0B4-D3EDA662E38B-1-1154x1536.jpeg 1154w, https:\/\/adra.org\/wp-content\/uploads\/2023\/01\/A755AE7E-1A41-4AD0-B0B4-D3EDA662E38B-1-1539x2048.jpeg 1539w, https:\/\/adra.org\/wp-content\/uploads\/2023\/01\/A755AE7E-1A41-4AD0-B0B4-D3EDA662E38B-1-scaled.jpeg 1923w\" sizes=\"(max-width: 385px) 100vw, 385px\" \/><\/figure>\n\n\n\n<p>Als sie aufwuchs, hatte JoDee die Gelegenheit, an mehreren Kurzzeit-Missionsreisen teilzunehmen und sich an kirchlichen Aktivit\u00e4ten zu beteiligen. \u201c<em>Dienstleistung war f\u00fcr mich schon immer eine Lebenseinstellung\u201d, s<\/em>sagt JoDee Fairbanks, die jetzt als Programmbeauftragte bei ADRA t\u00e4tig ist. <em>\u201cMeine Eltern hatten schon immer ein Herz f\u00fcr den Dienst am N\u00e4chsten.\u201d<\/em><\/p>\n\n\n\n<p>In der High School hatte JoDee dann eine weitere lebensver\u00e4ndernde Erfahrung, als sie Dr. Kings Birmingham-Briefe las, die er aus dem Gef\u00e4ngnis schrieb. <em>\u201cDie Lekt\u00fcre der Birmingham-Briefe war f\u00fcr mich eine sehr emotionale und tiefe Erfahrung\u201d.\u201d<\/em> sagt Fairbanks. <em>\u201c<\/em><em>Sein Ruf nach Gerechtigkeit und Gleichheit war einfach eine wunderbare Sache\u201d.\u201d<\/em><\/p>\n\n\n\n<p>Sie sah in diesen Briefen die gleichen Werte, mit denen ihre Eltern sie erzogen hatten. \u201c<em>Es spielt keine Rolle, woher du kommst\u201d.\u201d<\/em> sagt Fairbanks, <em>\u201cDu wirst geachtet, weil du ein Kind Gottes bist.\u201d<\/em><\/p>\n\n\n\n<p>Eine Klasse vor dem Abschluss ihres Masterstudiums in internationaler Gemeindeentwicklung an der Andrews University in Berrien Springs, Michigan, startet Fairbanks ihre Karriere bei einer Organisation, die die Werte von Dr. King teilt. <em>\u201cADRAs Motto ist es, der Menschheit im Sinne Gottes zu dienen.\u201d<\/em> sagt Fairbanks, <em>\u201cund unser Slogan ist Gerechtigkeit, Mitgef\u00fchl und Liebe. Und ich denke, das passt sehr gut zu dem, worum es Dr. King ging. Ihm ging es um Gerechtigkeit, Mitgef\u00fchl, Liebe, Gleichheit und den Dienst nach Gottes Willen.\u201d<\/em><\/p>\n\n\n\n<p>An diesem MLK Day hofft Fairbanks, das Verm\u00e4chtnis von Dr. King an ihre 5-j\u00e4hrige Nichte weitergeben zu k\u00f6nnen. <em>\u201cSie hat in letzter Zeit Probleme mit ihrer Hautfarbe\u201d.\u201d<\/em> sagt Fairbanks, <em>\u201cund es bricht mir das Herz. Ich m\u00f6chte ihr etwas \u00fcber das Verm\u00e4chtnis von Martin Luther King Jr. beibringen und dar\u00fcber, was er f\u00fcr die Menschen bedeutet hat.\u2019<\/em><\/p>","protected":false},"excerpt":{"rendered":"<p>Anl\u00e4sslich des Nationalfeiertags in den Vereinigten Staaten zu Ehren von Dr. Martin Luther King Jr. reflektieren ADRA-Mitarbeiter dar\u00fcber, wie seine Worte und Taten ihr Leben beeinflusst haben.<\/p>","protected":false},"author":46,"featured_media":25470,"comment_status":"closed","ping_status":"closed","sticky":false,"template":"","format":"standard","meta":{"_acf_changed":false,"_eb_attr":"","footnotes":""},"categories":[615,792],"tags":[1099,8,29,873,1159,301],"class_list":["post-25536","post","type-post","status-publish","format-standard","has-post-thumbnail","hentry","category-blog","category-united-states","tag-adventist-education","tag-emergency-response","tag-hurricane","tag-justice-compassion-love","tag-social-behavior-change","tag-social-justice"],"acf":[],"_links":{"self":[{"href":"https:\/\/adra.org\/de\/wp-json\/wp\/v2\/posts\/25536","targetHints":{"allow":["GET"]}}],"collection":[{"href":"https:\/\/adra.org\/de\/wp-json\/wp\/v2\/posts"}],"about":[{"href":"https:\/\/adra.org\/de\/wp-json\/wp\/v2\/types\/post"}],"author":[{"embeddable":true,"href":"https:\/\/adra.org\/de\/wp-json\/wp\/v2\/users\/46"}],"replies":[{"embeddable":true,"href":"https:\/\/adra.org\/de\/wp-json\/wp\/v2\/comments?post=25536"}],"version-history":[{"count":6,"href":"https:\/\/adra.org\/de\/wp-json\/wp\/v2\/posts\/25536\/revisions"}],"predecessor-version":[{"id":48695,"href":"https:\/\/adra.org\/de\/wp-json\/wp\/v2\/posts\/25536\/revisions\/48695"}],"wp:featuredmedia":[{"embeddable":true,"href":"https:\/\/adra.org\/de\/wp-json\/wp\/v2\/media\/25470"}],"wp:attachment":[{"href":"https:\/\/adra.org\/de\/wp-json\/wp\/v2\/media?parent=25536"}],"wp:term":[{"taxonomy":"category","embeddable":true,"href":"https:\/\/adra.org\/de\/wp-json\/wp\/v2\/categories?post=25536"},{"taxonomy":"post_tag","embeddable":true,"href":"https:\/\/adra.org\/de\/wp-json\/wp\/v2\/tags?post=25536"}],"curies":[{"name":"wp","href":"https:\/\/api.w.org\/{rel}","templated":true}]}}