{"id":23126,"date":"2022-01-17T16:00:52","date_gmt":"2022-01-17T16:00:52","guid":{"rendered":"https:\/\/adra.org\/?p=23126"},"modified":"2026-04-14T18:31:11","modified_gmt":"2026-04-14T18:31:11","slug":"adra-builds-a-community-center-in-mauritania-using-34000-plastic-bottles","status":"publish","type":"post","link":"https:\/\/adra.org\/de\/adra-builds-a-community-center-in-mauritania-using-34000-plastic-bottles","title":{"rendered":"ADRA baut ein Gemeindezentrum in Mauretanien aus 34.000 Plastikflaschen"},"content":{"rendered":"<p>(MAURITANIEN) Das Adventistische Entwicklungs- und Hilfswerk (ADRA) in Mauretanien feierte die Errichtung eines dreist\u00f6ckigen Gemeindezentrums in der Gemeinde El Mina in Nouakchott, der Hauptstadt Mauretaniens. <\/p>\n\n\n\n<p>Das fertige Zentrum wurde aus 34.000 mit Sand gef\u00fcllten Plastikflaschen gebaut, die anstelle von Ziegeln oder Schlackensteinen das Ger\u00fcst des Geb\u00e4udes bildeten.&nbsp; <\/p>\n\n\n\n<p>Berichten zufolge wurden die Flaschen von jungen Menschen der Gemeinde in Schulen und Botschaften gesammelt. Einige Flaschen wurden gekauft, weil sie zu einem kostbaren Gut geworden waren. Die Kosten f\u00fcr das Projekt beliefen sich auf insgesamt $117.000 US-Dollar (68.000.000 FCFA). <\/p>\n\n\n\n<p>Diese Initiative entspringt dem Anliegen von ADRA, die Umwelt zu sch\u00fctzen und einen innovativen Weg zum Recycling von Plastikabf\u00e4llen zu beschreiten, so ADRA in Mauretanien. <\/p>\n\n\n\n<figure class=\"wp-block-gallery has-nested-images columns-default is-cropped wp-block-gallery-2 is-layout-flex wp-block-gallery-is-layout-flex\">\n<figure class=\"wp-block-image size-large\"><img fetchpriority=\"high\" decoding=\"async\" width=\"1024\" height=\"768\" data-id=\"23130\" src=\"https:\/\/adra.org\/wp-content\/uploads\/2022\/01\/cc-1024x768.jpeg\" alt=\"\" class=\"wp-image-23130\" srcset=\"https:\/\/adra.org\/wp-content\/uploads\/2022\/01\/cc-1024x768.jpeg 1024w, https:\/\/adra.org\/wp-content\/uploads\/2022\/01\/cc-300x225.jpeg 300w, https:\/\/adra.org\/wp-content\/uploads\/2022\/01\/cc-768x576.jpeg 768w, https:\/\/adra.org\/wp-content\/uploads\/2022\/01\/cc.jpeg 1080w\" sizes=\"(max-width: 1024px) 100vw, 1024px\" \/><\/figure>\n\n\n\n<figure class=\"wp-block-image size-large\"><img decoding=\"async\" width=\"1024\" height=\"768\" data-id=\"23131\" src=\"https:\/\/adra.org\/wp-content\/uploads\/2022\/01\/CC4-1024x768.jpeg\" alt=\"\" class=\"wp-image-23131\" srcset=\"https:\/\/adra.org\/wp-content\/uploads\/2022\/01\/CC4-1024x768.jpeg 1024w, https:\/\/adra.org\/wp-content\/uploads\/2022\/01\/CC4-300x225.jpeg 300w, https:\/\/adra.org\/wp-content\/uploads\/2022\/01\/CC4-768x576.jpeg 768w, https:\/\/adra.org\/wp-content\/uploads\/2022\/01\/CC4.jpeg 1080w\" sizes=\"(max-width: 1024px) 100vw, 1024px\" \/><\/figure>\n\n\n\n<figure class=\"wp-block-image size-large\"><img decoding=\"async\" width=\"1008\" height=\"756\" data-id=\"23132\" src=\"https:\/\/adra.org\/wp-content\/uploads\/2022\/01\/CC2.jpeg\" alt=\"\" class=\"wp-image-23132\" srcset=\"https:\/\/adra.org\/wp-content\/uploads\/2022\/01\/CC2.jpeg 1008w, https:\/\/adra.org\/wp-content\/uploads\/2022\/01\/CC2-300x225.jpeg 300w, https:\/\/adra.org\/wp-content\/uploads\/2022\/01\/CC2-768x576.jpeg 768w\" sizes=\"(max-width: 1008px) 100vw, 1008px\" \/><\/figure>\n\n\n\n<figure class=\"wp-block-image size-large\"><img loading=\"lazy\" decoding=\"async\" width=\"1008\" height=\"756\" data-id=\"23133\" src=\"https:\/\/adra.org\/wp-content\/uploads\/2022\/01\/CC8.jpeg\" alt=\"\" class=\"wp-image-23133\" srcset=\"https:\/\/adra.org\/wp-content\/uploads\/2022\/01\/CC8.jpeg 1008w, https:\/\/adra.org\/wp-content\/uploads\/2022\/01\/CC8-300x225.jpeg 300w, https:\/\/adra.org\/wp-content\/uploads\/2022\/01\/CC8-768x576.jpeg 768w\" sizes=\"(max-width: 1008px) 100vw, 1008px\" \/><\/figure>\n<figcaption class=\"blocks-gallery-caption wp-element-caption\"><em>Die Fotos zeigen die Fertigstellung des Eingangs und des Eingangs zum Gemeindezentrum. <\/em><\/figcaption><\/figure>\n\n\n\n<p>Bei der Einweihungsfeier des Zentrums im November 2021 erkl\u00e4rte Dr. Andr\u00e9 Saenz, ADRA-L\u00e4nderdirektor in Mauretanien, dass der Zweck des Zentrums auf drei Hauptpfeilern beruht: \u201cDie Gesundheit der Bev\u00f6lkerung, das Erlernen von Computerkenntnissen und Sprachen wie Englisch, Franz\u00f6sisch und Spanisch sowie die Einrichtung eines Mehrzwecksaals f\u00fcr Bildungsveranstaltungen zum Nutzen der jungen Menschen.\u201d<\/p>\n\n\n\n<p>Der B\u00fcrgermeister des Ortes dr\u00fcckte seine Wertsch\u00e4tzung f\u00fcr ADRA in der Gemeinde El Mina aus und versprach, die Bildungsarbeit der internationalen Organisation und die Bem\u00fchungen der lokalen Gemeinschaft zu unterst\u00fctzen. <\/p>\n\n\n\n<p><meta charset=\"utf-8\">Dr. Elie Weick Dido, Pr\u00e4sident der Abteilung West- und Zentralafrika, w\u00fcrdigte ebenfalls die Anstrengungen, die bei der Errichtung des Geb\u00e4udes unternommen wurden, und gratulierte dem ADRA-Team zu seinem Engagement. <\/p>\n\n\n\n<p><meta charset=\"utf-8\">Vor dem Abschluss der Zeremonie wurde an alle appelliert, sich f\u00fcr die Ausstattung dieses Zentrums einzusetzen, in der Hoffnung, dass es alle seine Ziele erreicht.<\/p>\n\n\n\n<p><meta charset=\"utf-8\">Das Zentrum wird medizinische Ger\u00e4te f\u00fcr die medizinische Grundversorgung, Ger\u00e4te f\u00fcr ein Multimediazentrum und zum Erlernen von Fremdsprachen, N\u00e4h- und Stickarbeiten sowie eine Bibliothek beherbergen. <\/p>\n\n\n\n<p>ADRA in Mauretanien ist in der Region f\u00fcr seine Unterst\u00fctzung verschiedener Gemeinschaftsprojekte und Bildungsinitiativen bekannt, die denjenigen helfen, die am h\u00e4ufigsten an den Rand gedr\u00e4ngt werden, darunter junge M\u00e4dchen, \u00e4ltere Erwachsene und Menschen mit Behinderungen. <meta charset=\"utf-8\"><\/p>\n\n\n\n<p>Erfahren Sie mehr \u00fcber die Arbeit von ADRA in Mauretanien <a href=\"https:\/\/adramauritanie.org\/\">HIER<\/a>. <\/p>\n\n\n\n<p><em>Geschichte <a href=\"https:\/\/wad.adventist.org\/news_entries\/592\">berichtet<\/a> von der Abteilung West- und Zentralafrika. Fotos mit freundlicher Genehmigung von ADRA in Mauretanien. <\/em><\/p>\n\n\n\n<p><em>Lesen Sie diese Reportage \u00fcber einen leprakranken Mann, dessen Haus von ADRA in Mauretanien aus Wasserflaschen gebaut wurde <a href=\"https:\/\/adventistreview.org\/news\/i-now-have-the-same-dignity-as-even-the-president\/\">HIER<\/a>. <\/em><\/p>\n\n\n\n<p><\/p>","protected":false},"excerpt":{"rendered":"<p>Die Adventistische Entwicklungs- und Hilfsorganisation (ADRA) in Mauretanien feierte die Einrichtung eines dreist\u00f6ckigen Gemeindezentrums in der Gemeinde El Mina in Nouakchott, der Hauptstadt Mauretaniens<\/p>","protected":false},"author":1,"featured_media":23129,"comment_status":"closed","ping_status":"open","sticky":false,"template":"","format":"standard","meta":{"_acf_changed":false,"_eb_attr":"","footnotes":""},"categories":[785,594,947,614,11],"tags":[1139,1111],"class_list":["post-23126","post","type-post","status-publish","format-standard","has-post-thumbnail","hentry","category-africa","category-education","category-mauritania","category-news","category-press-release","tag-community-outreach","tag-west-central-africa-division-wad"],"acf":[],"_links":{"self":[{"href":"https:\/\/adra.org\/de\/wp-json\/wp\/v2\/posts\/23126","targetHints":{"allow":["GET"]}}],"collection":[{"href":"https:\/\/adra.org\/de\/wp-json\/wp\/v2\/posts"}],"about":[{"href":"https:\/\/adra.org\/de\/wp-json\/wp\/v2\/types\/post"}],"author":[{"embeddable":true,"href":"https:\/\/adra.org\/de\/wp-json\/wp\/v2\/users\/1"}],"replies":[{"embeddable":true,"href":"https:\/\/adra.org\/de\/wp-json\/wp\/v2\/comments?post=23126"}],"version-history":[{"count":6,"href":"https:\/\/adra.org\/de\/wp-json\/wp\/v2\/posts\/23126\/revisions"}],"predecessor-version":[{"id":48074,"href":"https:\/\/adra.org\/de\/wp-json\/wp\/v2\/posts\/23126\/revisions\/48074"}],"wp:featuredmedia":[{"embeddable":true,"href":"https:\/\/adra.org\/de\/wp-json\/wp\/v2\/media\/23129"}],"wp:attachment":[{"href":"https:\/\/adra.org\/de\/wp-json\/wp\/v2\/media?parent=23126"}],"wp:term":[{"taxonomy":"category","embeddable":true,"href":"https:\/\/adra.org\/de\/wp-json\/wp\/v2\/categories?post=23126"},{"taxonomy":"post_tag","embeddable":true,"href":"https:\/\/adra.org\/de\/wp-json\/wp\/v2\/tags?post=23126"}],"curies":[{"name":"wp","href":"https:\/\/api.w.org\/{rel}","templated":true}]}}