{"id":21991,"date":"2021-10-07T17:47:04","date_gmt":"2021-10-07T17:47:04","guid":{"rendered":"https:\/\/adra.org\/?p=21991"},"modified":"2026-04-22T13:50:00","modified_gmt":"2026-04-22T13:50:00","slug":"supporter-spotlight-doreens-story","status":"publish","type":"post","link":"https:\/\/adra.org\/de\/supporter-spotlight-doreens-story","title":{"rendered":"Spotlight f\u00fcr Unterst\u00fctzer: Die Geschichte von Doreen"},"content":{"rendered":"<p>ADRA-Unterst\u00fctzerin Doreen wuchs auf der Insel St. Helena auf, einer sehr kleinen Insel im Atlantik. Die Insel ist einer der isoliertesten Orte der Welt mit weniger als 5.000 Einwohnern und ist vor allem als der Ort bekannt, an dem Napoleon Bonaparte sein Exil verbrachte und schlie\u00dflich starb.<\/p>\n\n\n\n<p>Auf der Insel gab es keine Obdachlosigkeit und keine Familien, die an Hunger litten, so dass der Umzug in die Vereinigten Staaten f\u00fcr Doreen eine Augen\u00f6ffnung bedeutete.<\/p>\n\n\n\n<p>\u201cAls ich in die USA kam, sah ich eine Menge Dinge. Ich habe geweint\u201d, sagte Doreen. \u201cDas erste, was ich sah, war jemand, der in einem Zeitungshaus in der Innenstadt von Cleveland lebte. Das brachte mich wirklich zum Weinen, denn so etwas hatte ich noch nie gesehen.\u201d<\/p>\n\n\n\n<p>Doreen wurde dazu erzogen, anderen zu helfen. Ihre Mutter, die k\u00fcrzlich zwei Wochen vor ihrem 98. Geburtstag verstarb, verlor ihren Mann, als Doreen acht Jahre alt war, war aber ein lebenslanges Vorbild f\u00fcr ihre Kinder.&nbsp;<\/p>\n\n\n\n<p>\u201cIch habe immer gegeben. Man hat uns von klein auf beigebracht, zu teilen, und das habe ich auch getan\u201d, sagte Doreen. \u201cIch glaube, dass der Herr diesen Wunsch immer in mein Herz legen wird, bis er kommt oder bis ich meinen letzten Atemzug tue.\u201d<\/p>\n\n\n\n<p>Kurz nachdem sie in die Vereinigten Staaten gezogen war, h\u00f6rte Doreen durch die Kirche und durch Materialien, die sie erhielt, von ADRA. Sie war begeistert zu sehen, wie ihre Kirche den wirklichen Bed\u00fcrfnissen der Menschen diente.<\/p>\n\n\n\n<p>\u201cIch musste sofort wieder an das Zeitungshaus denken\u201d, sagte sie.<\/p>\n\n\n\n<p>Eine der Geschichten, die sie besonders beeindruckte, handelte von einer Frau, die sich nach dem Tod der \u00fcbrigen Familienmitglieder um ihre Enkelkinder k\u00fcmmern musste.<\/p>\n\n\n\n<p>\u201cEs hat mein Herz so sehr ber\u00fchrt\u201d, sagte Doreen. \u201cSie sagte, sie habe nur eine Decke und decke ihre Kinder mit ihrem Rock zu. Ich dachte: \u2018Wow, wie viel Verschwendung sehe ich da? Manche Leute haben zwei, drei oder vier Decken zu Hause.\u2019 Das ist der Grund, warum ich so gerne zu ADRA spende.\u201d<\/p>\n\n\n\n<p>Doreen und ihr Mann Guy unterst\u00fctzen ADRA nun schon seit 25 Jahren!<\/p>\n\n\n\n<p>\u201cDas Besondere an ADRA ist, dass sie hingehen und dort bleiben und den Menschen helfen, zu \u00fcberleben. Sie laden nicht einfach eine Lastwagenladung oder ein Flugzeug voller Sachen ab und gehen wieder. Das ist es, was ich wirklich an ihnen liebe\u201d, sagte Doreen. \u201cIch habe keine Bedenken oder Sorgen. Selbst wenn ich nicht sage, wof\u00fcr ich gespendet habe, wenn ich anrufe, finde ich die Mitarbeiter einfach toll. Sie sind einfach immer so nett. Sie fragen, ob ich f\u00fcr irgendetwas Gebet brauche.\u201d<\/p>\n\n\n\n<p>Doreen und Guy unterst\u00fctzen ADRA als monatliche Spender, aber wir sind dankbar f\u00fcr jeden Unterst\u00fctzer, der eine Spende, ein Gebet oder freundliche Worte f\u00fcr unseren Dienst spendet. Unsere Arbeit ist nur m\u00f6glich durch den Segen, den jeder von Ihnen mit uns teilt. \u201cIch glaube, dass wir gesegnet sind, um andere zu segnen\u201d, sagt Doreen, und wir k\u00f6nnten nicht mehr zustimmen.<\/p>","protected":false},"excerpt":{"rendered":"<p>ADRA-Unterst\u00fctzerin Doreen wuchs auf der Insel St. Helena auf, einer sehr kleinen Insel im Atlantik.<\/p>","protected":false},"author":1,"featured_media":21992,"comment_status":"closed","ping_status":"closed","sticky":false,"template":"","format":"standard","meta":{"_acf_changed":false,"_eb_attr":"","footnotes":""},"categories":[615],"tags":[743,873,1137],"class_list":["post-21991","post","type-post","status-publish","format-standard","has-post-thumbnail","hentry","category-blog","tag-gift-catalog","tag-justice-compassion-love","tag-ways-to-give"],"acf":[],"_links":{"self":[{"href":"https:\/\/adra.org\/de\/wp-json\/wp\/v2\/posts\/21991","targetHints":{"allow":["GET"]}}],"collection":[{"href":"https:\/\/adra.org\/de\/wp-json\/wp\/v2\/posts"}],"about":[{"href":"https:\/\/adra.org\/de\/wp-json\/wp\/v2\/types\/post"}],"author":[{"embeddable":true,"href":"https:\/\/adra.org\/de\/wp-json\/wp\/v2\/users\/1"}],"replies":[{"embeddable":true,"href":"https:\/\/adra.org\/de\/wp-json\/wp\/v2\/comments?post=21991"}],"version-history":[{"count":5,"href":"https:\/\/adra.org\/de\/wp-json\/wp\/v2\/posts\/21991\/revisions"}],"predecessor-version":[{"id":48705,"href":"https:\/\/adra.org\/de\/wp-json\/wp\/v2\/posts\/21991\/revisions\/48705"}],"wp:featuredmedia":[{"embeddable":true,"href":"https:\/\/adra.org\/de\/wp-json\/wp\/v2\/media\/21992"}],"wp:attachment":[{"href":"https:\/\/adra.org\/de\/wp-json\/wp\/v2\/media?parent=21991"}],"wp:term":[{"taxonomy":"category","embeddable":true,"href":"https:\/\/adra.org\/de\/wp-json\/wp\/v2\/categories?post=21991"},{"taxonomy":"post_tag","embeddable":true,"href":"https:\/\/adra.org\/de\/wp-json\/wp\/v2\/tags?post=21991"}],"curies":[{"name":"wp","href":"https:\/\/api.w.org\/{rel}","templated":true}]}}