{"id":17803,"date":"2020-03-28T01:22:25","date_gmt":"2020-03-28T01:22:25","guid":{"rendered":"https:\/\/adra.org\/?p=17803"},"modified":"2026-03-31T16:18:05","modified_gmt":"2026-03-31T16:18:05","slug":"daily-hope-day-9","status":"publish","type":"post","link":"https:\/\/adra.org\/de\/daily-hope-day-9","title":{"rendered":"T\u00e4gliche Hoffnung: Tag 9"},"content":{"rendered":"<p>Liebe ADRA-Familie,<\/p>\n\n\n\n<p>Ein weiterer Sabbat steht vor der T\u00fcr, und mit ihm ein Versprechen auf Frieden in dem Sturm, der uns umgibt. Auch wenn dieser globale Notstand keine Orkanwinde, steigende Fluten oder schwarze Wolken mit sich bringt, f\u00fchlt er sich dennoch wie ein Sturm an. Wir schlie\u00dfen die Fenster und verriegeln die T\u00fcr; wir haben Angst, nach drau\u00dfen zu gehen; wir fragen uns, ob wir \u00fcberleben werden.&nbsp;<\/p>\n\n\n\n<p>Ich erinnere mich an einen anderen Sturm vor langer Zeit, ein Ereignis, das so denkw\u00fcrdig war, dass drei verschiedene M\u00e4nner ihren eigenen Bericht dar\u00fcber schrieben. &nbsp;<\/p>\n\n\n\n<p>\u201cAls er nun in ein Boot stieg, folgten ihm seine J\u00fcnger\u201d, berichtet Matth\u00e4us. Was dann passiert, dar\u00fcber sind sich Matth\u00e4us, Markus und Lukas einig. \u201cUnd pl\u00f6tzlich erhob sich ein gro\u00dfes Unwetter\u201d, f\u00e4hrt Matth\u00e4us fort.&nbsp;<\/p>\n\n\n\n<p>\u201cUnd es erhob sich ein gro\u00dfer Sturm, und die Wellen schlugen in das Boot, so dass es schon voll war\u201d, f\u00fcgt Markus hinzu.&nbsp;<\/p>\n\n\n\n<p>Lukas stimmt dem zu: \u201cEs kam ein Sturm \u00fcber den See, und sie f\u00fcllten sich mit Wasser und waren in Gefahr.\u201d<\/p>\n\n\n\n<p>Jeder der drei J\u00fcnger beschreibt in seinen eigenen Worten seine Angst. Jeder der drei erinnert sich daran, dass er Jesus, der im Boot schlief, geweckt hat.&nbsp;<\/p>\n\n\n\n<p>\u201cIst es dir egal, dass wir untergehen?\u201d, fragt Markus. Er erz\u00e4hlt weiter: \u201cDa stand er auf, bedrohte den Wind und sagte zum Meer: \u2018Still, sei still!\u2019 Und der Wind legte sich, und es entstand eine gro\u00dfe Stille.\u201d<\/p>\n\n\n\n<p>Dieses gewaltige Wunder schockierte die J\u00fcnger. \u201cWer kann das sein?\u201d fragt sich Lukas. \u201cDenn er gebietet sogar den Winden und dem Wasser, und sie gehorchen ihm.\u201d<\/p>\n\n\n\n<p>W\u00e4hrend dieser Pandemie haben einige von uns vielleicht das Gef\u00fchl, dass Jesus am Ruder schl\u00e4ft. Die Welt scheint au\u00dfer Kontrolle zu sein. Wir fragen uns, ob es einen Plan gibt.<\/p>\n\n\n\n<p>Es gibt einen Plan. Heute ist Sabbat, ein Geschenk Gottes, und mein Gebet an diesem Sabbat ist, dass Sie sich daran erinnern, dass Gott die Kontrolle hat. Der Erl\u00f6ser kann befehlen, sogar <em>Zurechtweisung<\/em>, Er ist der Herrscher \u00fcber das Wasser und den Wind, und er ist es auch heute noch.<\/p>\n\n\n\n<p>Ich bete, dass Sie sich an dieses Versprechen erinnern. Wenn Sie Furcht, Zweifel oder Angst versp\u00fcren, denken Sie an seine Worte und finden Sie Hoffnung: \u201c<strong>Ruhe, sei still!\u201d<\/strong>&nbsp;<\/p>\n\n\n\n<p>M\u00f6ge Gott Sie alle segnen.<\/p>\n\n\n\n<p>An diesem Sabbat m\u00f6chte ich Sie ermutigen, sich mit denjenigen, die bei Ihnen zu Hause sind, oder mit einer Gemeinschaft von Freunden und Familienangeh\u00f6rigen online zu versammeln und die Botschaft des heutigen Tages der Hoffnung zu diskutieren. In dieser Krise haben einige von uns das Gef\u00fchl, dass es ihnen an Motivation oder Sinn fehlt, vor allem, weil es so wenige M\u00f6glichkeiten gibt, das Haus zu verlassen. M\u00f6ge diese Reflexion Ihnen Frieden und Gemeinschaft schenken.<\/p>\n\n\n\n<ol class=\"wp-block-list\"><li>Denken Sie an eine Zeit, in der Sie sich von \u201cWind und Wellen\u201d in Ihrem Leben \u00fcberw\u00e4ltigt gef\u00fchlt haben. Was waren die Umst\u00e4nde und wie hat Jesus Ihnen Frieden gegeben?<\/li><li>Welche 3 M\u00f6glichkeiten haben Sie, um Ihrer Gemeinschaft Frieden zu geben, sei es zu Hause oder online?<\/li><li>Es hei\u00dft, dass Jesus den Sturm zurechtgewiesen hat. Was bedeutet das f\u00fcr Sie? Wie k\u00f6nnte das auf diese globale Gesundheitskrise zutreffen?<\/li><li>Was bedeutet es f\u00fcr Sie, in diesem \u201cSturm\u201d Glauben zu haben?\u201d<\/li><li>Was beten Sie f\u00fcr sich, Ihre Familie und andere in dieser globalen Gesundheitskrise?<\/li><\/ol>","protected":false},"excerpt":{"rendered":"<p>Another Sabbath is upon us, and with it a promise of peace during the storm that surrounds us. <\/p>","protected":false},"author":1,"featured_media":17808,"comment_status":"open","ping_status":"open","sticky":false,"template":"","format":"standard","meta":{"_acf_changed":false,"_eb_attr":"","footnotes":""},"categories":[1],"tags":[774,1079,600],"class_list":["post-17803","post","type-post","status-publish","format-standard","has-post-thumbnail","hentry","category-uncategorized","tag-covid-19","tag-crisis","tag-daily-hope"],"acf":[],"_links":{"self":[{"href":"https:\/\/adra.org\/de\/wp-json\/wp\/v2\/posts\/17803","targetHints":{"allow":["GET"]}}],"collection":[{"href":"https:\/\/adra.org\/de\/wp-json\/wp\/v2\/posts"}],"about":[{"href":"https:\/\/adra.org\/de\/wp-json\/wp\/v2\/types\/post"}],"author":[{"embeddable":true,"href":"https:\/\/adra.org\/de\/wp-json\/wp\/v2\/users\/1"}],"replies":[{"embeddable":true,"href":"https:\/\/adra.org\/de\/wp-json\/wp\/v2\/comments?post=17803"}],"version-history":[{"count":2,"href":"https:\/\/adra.org\/de\/wp-json\/wp\/v2\/posts\/17803\/revisions"}],"predecessor-version":[{"id":46472,"href":"https:\/\/adra.org\/de\/wp-json\/wp\/v2\/posts\/17803\/revisions\/46472"}],"wp:featuredmedia":[{"embeddable":true,"href":"https:\/\/adra.org\/de\/wp-json\/wp\/v2\/media\/17808"}],"wp:attachment":[{"href":"https:\/\/adra.org\/de\/wp-json\/wp\/v2\/media?parent=17803"}],"wp:term":[{"taxonomy":"category","embeddable":true,"href":"https:\/\/adra.org\/de\/wp-json\/wp\/v2\/categories?post=17803"},{"taxonomy":"post_tag","embeddable":true,"href":"https:\/\/adra.org\/de\/wp-json\/wp\/v2\/tags?post=17803"}],"curies":[{"name":"wp","href":"https:\/\/api.w.org\/{rel}","templated":true}]}}